{"id":76422,"date":"2023-02-26T15:52:20","date_gmt":"2023-02-26T18:52:20","guid":{"rendered":"https:\/\/wiy.com.br\/noticias\/ucrania-estreita-lacos-com-a-otan\/"},"modified":"2023-01-26T19:52:20","modified_gmt":"2023-01-26T22:52:20","slug":"ucrania-estreita-lacos-com-a-otan","status":"publish","type":"post","link":"https:\/\/wiy.com.br\/noticias\/ucrania-estreita-lacos-com-a-otan\/","title":{"rendered":"Ucr\u00e2nia estreita la\u00e7os com a OTAN"},"content":{"rendered":"<p> <br \/>\n<\/p>\n<p>A <a href=\"https:\/\/olhardigital.com.br\/tag\/ucrania\/\" target=\"_blank\" rel=\"noreferrer noopener\">Ucr\u00e2nia<\/a> assinou contrato para formalizar a sua participa\u00e7\u00e3o no Centro Conjunto para Tecnologias Avan\u00e7adas em Defesa Cibern\u00e9tica (CCDCOE) da alian\u00e7a de <a href=\"https:\/\/olhardigital.com.br\/tag\/seguranca\/\" target=\"_blank\" rel=\"noreferrer noopener\">seguran\u00e7a<\/a> da <a href=\"https:\/\/olhardigital.com.br\/tag\/otan\/\" target=\"_blank\" rel=\"noreferrer noopener\">OTAN<\/a>, aproximando o pa\u00eds cada vez mais dos demais pa\u00edses. <\/p>\n<p>O CCDCOE \u00e9 um centro de conhecimento da defesa cibern\u00e9tica, institui\u00e7\u00e3o de pesquisa e instala\u00e7\u00e3o de treinamento e exerc\u00edcio que auxilia os membros com tecnologia, compartilhamento de amea\u00e7as e experi\u00eancia em pol\u00edticas. A ades\u00e3o ao CCDCOE n\u00e3o se limita \u00e0s na\u00e7\u00f5es da OTAN, segundo o <a href=\"https:\/\/www.theregister.com\/2023\/01\/24\/ukraine_nato_cyber_defense\/\" target=\"_blank\" rel=\"noreferrer noopener\">The Register<\/a>.<\/p>\n<p><strong>Leia mais:<\/strong><\/p>\n<ul>\n<li><a href=\"https:\/\/olhardigital.com.br\/2022\/12\/01\/seguranca\/ucrania-sofre-com-novo-ataque-ransomware\/\" target=\"_blank\" rel=\"noreferrer noopener\">Ucr\u00e2nia sofre com novo ataque ransomware<\/a><\/li>\n<li><a href=\"https:\/\/olhardigital.com.br\/2023\/01\/23\/seguranca\/grupo-gamaredon-envia-ataques-a-ucrania\/\" target=\"_blank\" rel=\"noreferrer noopener\">Grupo Gamaredon envia ataques \u00e0 Ucr\u00e2nia<\/a><\/li>\n<li><a href=\"https:\/\/olhardigital.com.br\/2022\/11\/07\/pro\/ucrania-perde-acesso-a-internet-de-milhares-de-terminais-starlink\/\" target=\"_blank\" rel=\"noreferrer noopener\">Ucr\u00e2nia perde acesso a internet de milhares de terminais Starlink<\/a><\/li>\n<\/ul>\n<p>O pa\u00eds manifestou seu interesse em ingressar no grupo em agosto de 2021. Mas s\u00f3 em abril de 2022 que todas as na\u00e7\u00f5es participantes decidiram por unanimidade que a Ucr\u00e2nia poderia participar, dando assim ao &#8220;novo&#8221; estado membro acesso aos &#8220;valiosos primeiros conhecimentos da m\u00e3o de v\u00e1rios advers\u00e1rios&#8221;.<\/p>\n<p>O novo acordo t\u00e9cnico, que deve ser assinado por todos os pa\u00edses membros, formalizaria a participa\u00e7\u00e3o da Ucr\u00e2nia no grupo de defesa cibern\u00e9tica. &#8220;Durante o ano passado j\u00e1 cooperamos ativamente com o Centro Unido de Tecnologias Avan\u00e7adas para Defesa Cibern\u00e9tica da OTAN&#8221;, disse Yuriy Shchygol, chefe das for\u00e7as especiais do estado da Ucr\u00e2nia, em comunicado.<\/p>\n<p>Contudo, isto foi apenas mais um motivo para os hackers russos continuarem com a guerra cibern\u00e9tica, que esta acontecendo durante a invas\u00e3o ilegal ao pa\u00eds vizinho. Este conflito j\u00e1 resultou em ataques anteriores de Moscou contra as redes el\u00e9tricas da Ucr\u00e2nia e outros alvos digitais.<\/p>\n<figure class=\"wp-block-image size-full\"><img title = \"[Tags]\"decoding=\"async\" loading=\"lazy\" width=\"1000\" height=\"664\" src=\"https:\/\/img.olhardigital.com.br\/wp-content\/uploads\/2022\/07\/shutterstock_2109598166.jpg\"alt = \"shutterstock_2109598166 Ucr\u00e2nia estreita la\u00e7os com a OTAN\" class=\"wp-image-387905\" \/><\/figure>\n<p>&#8220;A Ucr\u00e2nia est\u00e1 sitiada por ciberataques russos destrutivos coordenados desde 13 de janeiro de 2022. Isso aumentar\u00e1 muito a consci\u00eancia situacional da OTAN pelas campanhas dos grupos APT russos de elite, permitindo assim que a OTAN fortale\u00e7a as infraestruturas cr\u00edticas das crescentes campanhas cibern\u00e9ticas russas&#8221;, disse Tom Kellermann, vice-presidente s\u00eanior de estrat\u00e9gia cibern\u00e9tica da fornecedora de software Contrast Security.<a href=\"https:\/\/olhardigital.com.br\/wp-admin\/edit.php?post_type=post\"><\/a><\/p>\n<p>\u201cDesde 2013, quando o general Gerasimov fez seu famoso discurso sobre a guerra h\u00edbrida e a utilidade dos ataques cibern\u00e9ticos, a R\u00fassia tem atacado a Ucr\u00e2nia e os membros da OTAN com relativa impunidade a partir de uma resposta cibern\u00e9tica coletiva\u201d, disse ele. &#8220;Agora a R\u00fassia ter\u00e1 que jogar na defesa&#8221;.\u00a0<\/p>\n<p><strong>J\u00e1 assistiu aos novos v\u00eddeos no&nbsp;<\/strong><a href=\"http:\/\/www.youtube.com\/channel\/UCGV72aVJuWP0QPNGH4YgIww?sub_confirmation=1\" target=\"_blank\" rel=\"noreferrer noopener\"><strong>YouTube<\/strong><\/a><strong>&nbsp;do Olhar Digital? Inscreva-se no canal!<\/strong><\/p>\n<p>O post <a rel=\"nofollow\" href=\"https:\/\/olhardigital.com.br\/2023\/01\/26\/seguranca\/ucrania-estreita-lacos-com-a-otan\/\">Ucr\u00e2nia estreita la\u00e7os com a OTAN<\/a> apareceu primeiro em <a rel=\"nofollow\" href=\"https:\/\/olhardigital.com.br\">Olhar Digital<\/a>.<\/p>\n<p><br \/>\n<br \/><a href=\"https:\/\/olhardigital.com.br\/2023\/01\/26\/seguranca\/ucrania-estreita-lacos-com-a-otan\/\">Fonte do Artigo <\/a><br \/>\nTags:<\/p>\n<p><a title=\"Gestor de Tr\u00e1fego\" href=\"https:\/\/www.gestor-de-trafego.com\/\" target=\"_blank\" rel=\"noopener\"><strong>Gestor de Tr\u00e1fego<\/strong><\/a><\/p>\n<p><a href=\"https:\/\/wiy.com.br\/noticias\/categoria\/tecnologia\/\">#tecnologia<\/a> <a href=\"https:\/\/wiy.com.br\/noticias\/categoria\/tecnologia\/\">#tecnologias<\/a> <a href=\"https:\/\/wiy.com.br\/noticias\/categoria\/tecnologia\/\">#technology<\/a> <a href=\"https:\/\/wiy.com.br\/noticias\/categoria\/tecnologia\/\">#tecnolog<\/a> <a href=\"https:\/\/wiy.com.br\/noticias\/categoria\/tecnologia\/\">#iphone<\/a> <a href=\"https:\/\/wiy.com.br\/noticias\/categoria\/tecnologia\/\">#informatica<\/a> <a href=\"https:\/\/wiy.com.br\/noticias\/categoria\/tecnologia\/\">#tech<\/a> <a href=\"https:\/\/wiy.com.br\/noticias\/categoria\/tecnologia\/\">#design<\/a> <a href=\"https:\/\/wiy.com.br\/noticias\/categoria\/tecnologia\/\">#samsung<\/a> <a href=\"https:\/\/wiy.com.br\/noticias\/categoria\/tecnologia\/\">#internet<\/a> <a href=\"https:\/\/wiy.com.br\/noticias\/categoria\/tecnologia\/\">#apple<\/a> <a href=\"https:\/\/wiy.com.br\/noticias\/categoria\/tecnologia\/\">#smartphone<\/a> <a href=\"https:\/\/wiy.com.br\/noticias\/categoria\/tecnologia\/\">#seguranca<\/a> <a href=\"https:\/\/wiy.com.br\/noticias\/categoria\/tecnologia\/\">#venezuela<\/a> <a href=\"https:\/\/wiy.com.br\/noticias\/categoria\/tecnologia\/\">#celular<\/a> <a href=\"https:\/\/wiy.com.br\/noticias\/categoria\/tecnologia\/\">#celulares<\/a> <a href=\"https:\/\/wiy.com.br\/noticias\/categoria\/tecnologia\/\">#inovar<\/a> <a href=\"https:\/\/wiy.com.br\/noticias\/categoria\/tecnologia\/\">#qualidade<\/a> <a href=\"https:\/\/wiy.com.br\/noticias\/categoria\/tecnologia\/\">#software<\/a> <a href=\"https:\/\/wiy.com.br\/noticias\/categoria\/tecnologia\/\">#empresas<\/a> <a href=\"https:\/\/wiy.com.br\/noticias\/categoria\/tecnologia\/\">#cursos<\/a> <a href=\"https:\/\/wiy.com.br\/noticias\/categoria\/tecnologia\/\">#engenharia<\/a> <a href=\"https:\/\/wiy.com.br\/noticias\/categoria\/tecnologia\/\">#industria<\/a> <a href=\"https:\/\/wiy.com.br\/noticias\/categoria\/tecnologia\/\">#marketing<\/a> <a href=\"https:\/\/wiy.com.br\/noticias\/categoria\/tecnologia\/\">#ti<\/a> <a href=\"https:\/\/wiy.com.br\/noticias\/categoria\/tecnologia\/\">#tecnoblog<\/a> <a href=\"https:\/\/wiy.com.br\/noticias\/categoria\/tecnologia\/\">#veja<\/a> <a href=\"https:\/\/wiy.com.br\/noticias\/categoria\/tecnologia\/\">#olhardigital<\/a> <a href=\"https:\/\/wiy.com.br\/noticias\/categoria\/tecnologia\/\">#mundodigital<\/a> <a href=\"https:\/\/wiy.com.br\/noticias\/categoria\/tecnologia\/\">#inteligenciaartificial<\/a> <a href=\"https:\/\/wiy.com.br\/criacao-de-sites\/\">#criar site<\/a> <a href=\"https:\/\/wiy.com.br\/criacao-de-sites\/\">#criar site curitiba<\/a> <a href=\"https:\/\/wiy.com.br\/criacao-de-sites\/\">#wiysolutions<\/a><\/p>\n","protected":false},"excerpt":{"rendered":"<p>A Ucr\u00e2nia assinou contrato para formalizar a sua participa\u00e7\u00e3o no Centro Conjunto para Tecnologias Avan\u00e7adas em Defesa Cibern\u00e9tica (CCDCOE) da alian\u00e7a de seguran\u00e7a da OTAN, aproximando o pa\u00eds cada vez mais dos demais pa\u00edses. O CCDCOE \u00e9 um centro de conhecimento da defesa cibern\u00e9tica, institui\u00e7\u00e3o de pesquisa e instala\u00e7\u00e3o de treinamento e exerc\u00edcio que auxilia [&hellip;]<\/p>\n","protected":false},"author":1,"featured_media":76423,"comment_status":"open","ping_status":"open","sticky":false,"template":"","format":"standard","meta":{"footnotes":""},"categories":[5],"tags":[],"class_list":["post-76422","post","type-post","status-publish","format-standard","has-post-thumbnail","hentry","category-tecnologia"],"_links":{"self":[{"href":"https:\/\/wiy.com.br\/noticias\/wp-json\/wp\/v2\/posts\/76422","targetHints":{"allow":["GET"]}}],"collection":[{"href":"https:\/\/wiy.com.br\/noticias\/wp-json\/wp\/v2\/posts"}],"about":[{"href":"https:\/\/wiy.com.br\/noticias\/wp-json\/wp\/v2\/types\/post"}],"author":[{"embeddable":true,"href":"https:\/\/wiy.com.br\/noticias\/wp-json\/wp\/v2\/users\/1"}],"replies":[{"embeddable":true,"href":"https:\/\/wiy.com.br\/noticias\/wp-json\/wp\/v2\/comments?post=76422"}],"version-history":[{"count":0,"href":"https:\/\/wiy.com.br\/noticias\/wp-json\/wp\/v2\/posts\/76422\/revisions"}],"wp:featuredmedia":[{"embeddable":true,"href":"https:\/\/wiy.com.br\/noticias\/wp-json\/wp\/v2\/media\/76423"}],"wp:attachment":[{"href":"https:\/\/wiy.com.br\/noticias\/wp-json\/wp\/v2\/media?parent=76422"}],"wp:term":[{"taxonomy":"category","embeddable":true,"href":"https:\/\/wiy.com.br\/noticias\/wp-json\/wp\/v2\/categories?post=76422"},{"taxonomy":"post_tag","embeddable":true,"href":"https:\/\/wiy.com.br\/noticias\/wp-json\/wp\/v2\/tags?post=76422"}],"curies":[{"name":"wp","href":"https:\/\/api.w.org\/{rel}","templated":true}]}}