{"id":7634,"date":"2023-02-26T15:40:04","date_gmt":"2023-02-26T18:40:04","guid":{"rendered":"https:\/\/wiy.com.br\/noticias\/fluminense-votara-adaptacao-no-estatuto-para-adequacao-ao-profut\/"},"modified":"2019-02-28T18:32:52","modified_gmt":"2019-02-28T21:32:52","slug":"fluminense-votara-adaptacao-no-estatuto-para-adequacao-ao-profut","status":"publish","type":"post","link":"https:\/\/wiy.com.br\/noticias\/fluminense-votara-adaptacao-no-estatuto-para-adequacao-ao-profut\/","title":{"rendered":"Fluminense votar\u00e1 adapta\u00e7\u00e3o no Estatuto para adequa\u00e7\u00e3o ao Profut"},"content":{"rendered":"<p> <br \/>\n<br \/>Al\u00e9m da antecipa\u00e7\u00e3o na elei\u00e7\u00e3o, o Estatuto do Fluminense deve sofrer nova altera\u00e7\u00e3o nos pr\u00f3ximos dias. Os conselheiros do clube foram convocados para uma reuni\u00e3o extraordin\u00e1ria, no pr\u00f3ximo dia 12, para votar a proposta de altera\u00e7\u00e3o no documento&#8230;<br \/>\n<br \/><br \/>\n<br \/><a href=\"https:\/\/oglobo.globo.com\/esportes\/fluminense-votara-adaptacao-no-estatuto-para-adequacao-ao-profut-23489683\">Source link <\/a><\/p>\n","protected":false},"excerpt":{"rendered":"<p>Al\u00e9m da antecipa\u00e7\u00e3o na elei\u00e7\u00e3o, o Estatuto do Fluminense deve sofrer nova altera\u00e7\u00e3o nos pr\u00f3ximos dias. Os conselheiros do clube foram convocados para uma reuni\u00e3o extraordin\u00e1ria, no pr\u00f3ximo dia 12, para votar a proposta de altera\u00e7\u00e3o no documento&#8230; Source link<\/p>\n","protected":false},"author":1,"featured_media":0,"comment_status":"open","ping_status":"open","sticky":false,"template":"","format":"standard","meta":{"footnotes":""},"categories":[337],"tags":[],"class_list":["post-7634","post","type-post","status-publish","format-standard","hentry","category-noticias"],"_links":{"self":[{"href":"https:\/\/wiy.com.br\/noticias\/wp-json\/wp\/v2\/posts\/7634","targetHints":{"allow":["GET"]}}],"collection":[{"href":"https:\/\/wiy.com.br\/noticias\/wp-json\/wp\/v2\/posts"}],"about":[{"href":"https:\/\/wiy.com.br\/noticias\/wp-json\/wp\/v2\/types\/post"}],"author":[{"embeddable":true,"href":"https:\/\/wiy.com.br\/noticias\/wp-json\/wp\/v2\/users\/1"}],"replies":[{"embeddable":true,"href":"https:\/\/wiy.com.br\/noticias\/wp-json\/wp\/v2\/comments?post=7634"}],"version-history":[{"count":0,"href":"https:\/\/wiy.com.br\/noticias\/wp-json\/wp\/v2\/posts\/7634\/revisions"}],"wp:attachment":[{"href":"https:\/\/wiy.com.br\/noticias\/wp-json\/wp\/v2\/media?parent=7634"}],"wp:term":[{"taxonomy":"category","embeddable":true,"href":"https:\/\/wiy.com.br\/noticias\/wp-json\/wp\/v2\/categories?post=7634"},{"taxonomy":"post_tag","embeddable":true,"href":"https:\/\/wiy.com.br\/noticias\/wp-json\/wp\/v2\/tags?post=7634"}],"curies":[{"name":"wp","href":"https:\/\/api.w.org\/{rel}","templated":true}]}}