{"id":75303,"date":"2023-02-26T15:15:25","date_gmt":"2023-02-26T18:15:25","guid":{"rendered":"https:\/\/wiy.com.br\/noticias\/aquecimento-global-esta-sendo-mascarado-por-areia-na-atmosfera\/"},"modified":"2023-01-20T20:49:42","modified_gmt":"2023-01-20T23:49:42","slug":"aquecimento-global-esta-sendo-mascarado-por-areia-na-atmosfera","status":"publish","type":"post","link":"https:\/\/wiy.com.br\/noticias\/aquecimento-global-esta-sendo-mascarado-por-areia-na-atmosfera\/","title":{"rendered":"Aquecimento global est\u00e1 sendo mascarado por areia na atmosfera"},"content":{"rendered":"<p> <br \/>\n<\/p>\n<p>O n\u00edvel de poeira vinda dos desertos presentes na <a href=\"https:\/\/olhardigital.com.br\/2022\/12\/22\/ciencia-e-espaco\/furacoes-espaciais-sao-vistos-na-atmosfera-da-terra\/\" target=\"_blank\" rel=\"noreferrer noopener\">atmosfera<\/a> <strong>aumentou 55% desde a metade do s\u00e9culo XIX<\/strong>, segundo pesquisadores da Universidade da Calif\u00f3rnia, em Los Angeles. Esse aumento do n\u00edvel de part\u00edculas presentes nos ar pode estar \u201cmascarando\u201d os efeitos do <a href=\"https:\/\/olhardigital.com.br\/2022\/12\/30\/ciencia-e-espaco\/entenda-a-ligacao-entre-o-aquecimento-global-e-o-frio-extremo\/\" target=\"_blank\" rel=\"noreferrer noopener\">aquecimento global<\/a>.<\/p>\n<p>O estudo recentemente publicado na revista <em>Nature<\/em> aponta que a poeira na atmosfera carregada pelas tempestade de areia pode estar <strong>contribuindo para que o aquecimento global seja 8% menor<\/strong>. A areia reflete a radia\u00e7\u00e3o solar de volta para o espa\u00e7o, o que resfria o planeta.&nbsp;<\/p>\n<p>No entanto, <strong>caso o n\u00edvel de areia diminua, o planeta poder\u00e1 enfrentar temperaturas mais altas<\/strong>. E mesmo que o n\u00edvel se mantenha, sem a\u00e7\u00f5es que controlem o aquecimento global, vai ser dif\u00edcil escapar dele.<\/p>\n<p>Jasper Cock, coautor do estudo, em resposta ao <em>Terra<\/em>, aponta que a poeira atmosf\u00e9rica <strong>n\u00e3o tem sido levada em considera\u00e7\u00e3o em estudos sobre o aquecimento global<\/strong>. \u201cDemonstramos que a poeira des\u00e9rtica aumentou e muito provavelmente agiu levemente contra os gases estufa, isso vem faltando nos modelos clim\u00e1ticos atuais\u201d.&nbsp;<\/p>\n<p>Para exemplificar o problema ele exemplifica com um carro em acelera\u00e7\u00e3o. Se um carro que est\u00e1 acelerando estiver continuamente freando, a velocidade continua est\u00e1vel. Caso o freio seja interrompido, a acelera\u00e7\u00e3o ser\u00e1 maior.<\/p>\n<p><strong>Leia mais:<\/strong><\/p>\n<ul>\n<li><a href=\"https:\/\/olhardigital.com.br\/2023\/01\/11\/ciencia-e-espaco\/estudos-sao-desenvolvidos-para-monitorar-as-mudancas-climaticas\/\" target=\"_blank\" rel=\"noreferrer noopener\">Estudos s\u00e3o desenvolvidos para monitorar as mudan\u00e7as clim\u00e1ticas<\/a><\/li>\n<li><a href=\"https:\/\/olhardigital.com.br\/2022\/11\/25\/ciencia-e-espaco\/paises-com-os-piores-efeitos-das-mudancas-climaticas-devem-receber-ajuda-entenda-como\/\" target=\"_blank\" rel=\"noreferrer noopener\">Pa\u00edses com os \u201cpiores efeitos das mudan\u00e7as clim\u00e1ticas\u201d devem receber ajuda; entenda como<\/a><\/li>\n<li><a href=\"https:\/\/olhardigital.com.br\/2022\/11\/14\/ciencia-e-espaco\/mudancas-climaticas-satelites-ajudam-a-medir-estrago-no-planeta\/\" target=\"_blank\" rel=\"noreferrer noopener\">Mudan\u00e7as clim\u00e1ticas: sat\u00e9lites ajudam a medir estrago no planeta<\/a><\/li>\n<\/ul>\n<h2 id=\"h-aumento-das-temperaturas\">Aumento das temperaturas<\/h2>\n<p>A temperatura do planeta aumentou 1,2\u00b0C desde a Revolu\u00e7\u00e3o Industrial. Os pesquisadores apontam que caso n\u00e3o fosse a areia na atmosfera, <strong>o planeta poderia estar at\u00e9 um d\u00e9cimo mais quente<\/strong>. Apesar de parecer pouco, j\u00e1 nos deixa muito mais pr\u00f3ximos do aquecimento global de 1,5\u00b0C que os cientistas estimam ser perigoso.<\/p>\n<p>Para fazer as medi\u00e7\u00f5es do n\u00edvel de poeira na atmosfera, os cientistas usaram de sat\u00e9lites quanto c\u00e1lculos feitos em terra. As justificativas do aumento s\u00e3o <strong>ventos mais intensos, desgaste do solo e mudan\u00e7as no uso da terra<\/strong>.<\/p>\n<p>At\u00e9 ent\u00e3o os pesquisadores n\u00e3o sabem como as tempestades v\u00e3o se comportar nos pr\u00f3ximos anos e consequentemente o n\u00edvel de areia na atmosfera e aquecimento global.<\/p>\n<p><strong>J\u00e1 assistiu aos nossos novos v\u00eddeos no&nbsp;<\/strong><a href=\"http:\/\/www.youtube.com\/channel\/UCGV72aVJuWP0QPNGH4YgIww?sub_confirmation=1\"><strong>YouTube<\/strong><\/a><strong>? Inscreva-se no nosso canal!<\/strong><\/p>\n<p>O post <a rel=\"nofollow\" href=\"https:\/\/olhardigital.com.br\/2023\/01\/20\/ciencia-e-espaco\/aquecimento-global-esta-sendo-mascarado-por-areia-na-atmosfera\/\">Aquecimento global est\u00e1 sendo mascarado por areia na atmosfera<\/a> apareceu primeiro em <a rel=\"nofollow\" href=\"https:\/\/olhardigital.com.br\">Olhar Digital<\/a>.<\/p>\n<p><br \/>\n<br \/><a href=\"https:\/\/olhardigital.com.br\/2023\/01\/20\/ciencia-e-espaco\/aquecimento-global-esta-sendo-mascarado-por-areia-na-atmosfera\/\">Fonte do Artigo <\/a><br \/>\nTags:<\/p>\n<p><a title=\"Gestor de Tr\u00e1fego\" href=\"https:\/\/www.gestor-de-trafego.com\/\" target=\"_blank\" rel=\"noopener\"><strong>Gestor de Tr\u00e1fego<\/strong><\/a><\/p>\n<p><a href=\"https:\/\/wiy.com.br\/noticias\/categoria\/tecnologia\/\">#tecnologia<\/a> <a href=\"https:\/\/wiy.com.br\/noticias\/categoria\/tecnologia\/\">#tecnologias<\/a> <a href=\"https:\/\/wiy.com.br\/noticias\/categoria\/tecnologia\/\">#technology<\/a> <a href=\"https:\/\/wiy.com.br\/noticias\/categoria\/tecnologia\/\">#tecnolog<\/a> <a href=\"https:\/\/wiy.com.br\/noticias\/categoria\/tecnologia\/\">#iphone<\/a> <a href=\"https:\/\/wiy.com.br\/noticias\/categoria\/tecnologia\/\">#informatica<\/a> <a href=\"https:\/\/wiy.com.br\/noticias\/categoria\/tecnologia\/\">#tech<\/a> <a href=\"https:\/\/wiy.com.br\/noticias\/categoria\/tecnologia\/\">#design<\/a> <a href=\"https:\/\/wiy.com.br\/noticias\/categoria\/tecnologia\/\">#samsung<\/a> <a href=\"https:\/\/wiy.com.br\/noticias\/categoria\/tecnologia\/\">#internet<\/a> <a href=\"https:\/\/wiy.com.br\/noticias\/categoria\/tecnologia\/\">#apple<\/a> <a href=\"https:\/\/wiy.com.br\/noticias\/categoria\/tecnologia\/\">#smartphone<\/a> <a href=\"https:\/\/wiy.com.br\/noticias\/categoria\/tecnologia\/\">#seguranca<\/a> <a href=\"https:\/\/wiy.com.br\/noticias\/categoria\/tecnologia\/\">#venezuela<\/a> <a href=\"https:\/\/wiy.com.br\/noticias\/categoria\/tecnologia\/\">#celular<\/a> <a href=\"https:\/\/wiy.com.br\/noticias\/categoria\/tecnologia\/\">#celulares<\/a> <a href=\"https:\/\/wiy.com.br\/noticias\/categoria\/tecnologia\/\">#inovar<\/a> <a href=\"https:\/\/wiy.com.br\/noticias\/categoria\/tecnologia\/\">#qualidade<\/a> <a href=\"https:\/\/wiy.com.br\/noticias\/categoria\/tecnologia\/\">#software<\/a> <a href=\"https:\/\/wiy.com.br\/noticias\/categoria\/tecnologia\/\">#empresas<\/a> <a href=\"https:\/\/wiy.com.br\/noticias\/categoria\/tecnologia\/\">#cursos<\/a> <a href=\"https:\/\/wiy.com.br\/noticias\/categoria\/tecnologia\/\">#engenharia<\/a> <a href=\"https:\/\/wiy.com.br\/noticias\/categoria\/tecnologia\/\">#industria<\/a> <a href=\"https:\/\/wiy.com.br\/noticias\/categoria\/tecnologia\/\">#marketing<\/a> <a href=\"https:\/\/wiy.com.br\/noticias\/categoria\/tecnologia\/\">#ti<\/a> <a href=\"https:\/\/wiy.com.br\/noticias\/categoria\/tecnologia\/\">#tecnoblog<\/a> <a href=\"https:\/\/wiy.com.br\/noticias\/categoria\/tecnologia\/\">#veja<\/a> <a href=\"https:\/\/wiy.com.br\/noticias\/categoria\/tecnologia\/\">#olhardigital<\/a> <a href=\"https:\/\/wiy.com.br\/noticias\/categoria\/tecnologia\/\">#mundodigital<\/a> <a href=\"https:\/\/wiy.com.br\/noticias\/categoria\/tecnologia\/\">#inteligenciaartificial<\/a> <a href=\"https:\/\/wiy.com.br\/criacao-de-sites\/\">#criar site<\/a> <a href=\"https:\/\/wiy.com.br\/criacao-de-sites\/\">#criar site curitiba<\/a> <a href=\"https:\/\/wiy.com.br\/criacao-de-sites\/\">#wiysolutions<\/a><\/p>\n","protected":false},"excerpt":{"rendered":"<p>O n\u00edvel de poeira vinda dos desertos presentes na atmosfera aumentou 55% desde a metade do s\u00e9culo XIX, segundo pesquisadores da Universidade da Calif\u00f3rnia, em Los Angeles. Esse aumento do n\u00edvel de part\u00edculas presentes nos ar pode estar \u201cmascarando\u201d os efeitos do aquecimento global. O estudo recentemente publicado na revista Nature aponta que a poeira [&hellip;]<\/p>\n","protected":false},"author":1,"featured_media":0,"comment_status":"open","ping_status":"open","sticky":false,"template":"","format":"standard","meta":{"footnotes":""},"categories":[5],"tags":[],"class_list":["post-75303","post","type-post","status-publish","format-standard","hentry","category-tecnologia"],"_links":{"self":[{"href":"https:\/\/wiy.com.br\/noticias\/wp-json\/wp\/v2\/posts\/75303","targetHints":{"allow":["GET"]}}],"collection":[{"href":"https:\/\/wiy.com.br\/noticias\/wp-json\/wp\/v2\/posts"}],"about":[{"href":"https:\/\/wiy.com.br\/noticias\/wp-json\/wp\/v2\/types\/post"}],"author":[{"embeddable":true,"href":"https:\/\/wiy.com.br\/noticias\/wp-json\/wp\/v2\/users\/1"}],"replies":[{"embeddable":true,"href":"https:\/\/wiy.com.br\/noticias\/wp-json\/wp\/v2\/comments?post=75303"}],"version-history":[{"count":0,"href":"https:\/\/wiy.com.br\/noticias\/wp-json\/wp\/v2\/posts\/75303\/revisions"}],"wp:attachment":[{"href":"https:\/\/wiy.com.br\/noticias\/wp-json\/wp\/v2\/media?parent=75303"}],"wp:term":[{"taxonomy":"category","embeddable":true,"href":"https:\/\/wiy.com.br\/noticias\/wp-json\/wp\/v2\/categories?post=75303"},{"taxonomy":"post_tag","embeddable":true,"href":"https:\/\/wiy.com.br\/noticias\/wp-json\/wp\/v2\/tags?post=75303"}],"curies":[{"name":"wp","href":"https:\/\/api.w.org\/{rel}","templated":true}]}}