{"id":75084,"date":"2023-02-26T15:25:20","date_gmt":"2023-02-26T18:25:20","guid":{"rendered":"https:\/\/wiy.com.br\/noticias\/ces-2023-suv-eletrico-volvo-ex90-desembarca-nos-eua\/"},"modified":"2023-01-03T19:44:00","modified_gmt":"2023-01-03T22:44:00","slug":"ces-2023-suv-eletrico-volvo-ex90-desembarca-nos-eua","status":"publish","type":"post","link":"https:\/\/wiy.com.br\/noticias\/ces-2023-suv-eletrico-volvo-ex90-desembarca-nos-eua\/","title":{"rendered":"CES 2023: SUV el\u00e9trico Volvo EX90 desembarca nos EUA"},"content":{"rendered":"<p> <br \/>\n<\/p>\n<p>A Volvo escolheu a <a href=\"https:\/\/olhardigital.com.br\/tag\/ces-2023\/\">CES 2023<\/a> para a estreia do seu carro de produ\u00e7\u00e3o mais tecnol\u00f3gico nos Estados Unidos, o SUV el\u00e9trico EX90. O ve\u00edculo tamb\u00e9m \u00e9 considerado o mais seguro da montadora sueca, tem 5G e <a href=\"https:\/\/olhardigital.com.br\/2022\/11\/11\/carros-e-tecnologia\/suv-eletrico-5g-capaz-de-alimentar-uma-casa-ex90\/\">pode at\u00e9 alimentar eletr\u00f4nicos e casas com o carregamento bidirecional<\/a>.<\/p>\n<p>Para reservar uma unidade, o comprador paga uma taxa de US$ 500. Apesar de a empresa n\u00e3o ter revelado todos os detalhes, j\u00e1 se sabe que o modelo ter\u00e1 tr\u00eas fileiras de assentos e a mesma dist\u00e2ncia entre eixos do irm\u00e3o a combust\u00e3o, o XC90 (2,9 metros). <\/p>\n<ul>\n<li>O SUV acelera de <strong>0 a 100 km\/h em 4,7 segundos<\/strong> na vers\u00e3o Twin Motor Performance, que possui nada menos que <strong>496 cavalos<\/strong>. <\/li>\n<li>Sua bateria <a href=\"https:\/\/olhardigital.com.br\/2022\/06\/27\/carros-e-tecnologia\/nova-bateria-da-catl-fornecedora-de-marcas-como-tesla-e-volkswagen-traz-1-000-km-de-alcance-por-carga\/\">\u00e9 fornecida pela CATL<\/a>, com capacidade de 107 kWh e <strong>alcance de cerca de 480 km<\/strong>.&nbsp;<\/li>\n<li>No carregador r\u00e1pido DC de 250 W, o carro <strong>recupera de 10% a 80% de carga em meia hora<\/strong>. <\/li>\n<li>A variante menos potente, com 408 cavalos, possui 600 km de autonomia.<\/li>\n<\/ul>\n<figure class=\"wp-block-image size-large\"><img title = \"[Tags]\"decoding=\"async\" loading=\"lazy\" width=\"1024\" height=\"576\" src=\"https:\/\/img.olhardigital.com.br\/wp-content\/uploads\/2022\/11\/Volvo_EX90-1-1024x576.webp\"alt = \"Volvo_EX90-1-1024x576 CES 2023: SUV el\u00e9trico Volvo EX90 desembarca nos EUA\" class=\"wp-image-438811\" \/><figcaption><em>O comprimento tamb\u00e9m \u00e9 quase o mesmo do XC90, 5 metros contra 4.9 metros. O que muda \u00e9 o perfil mais baixo do teto. Imagem: Volvo\/Divulga\u00e7\u00e3o<\/em><\/figcaption><\/figure>\n<p><strong>Veja tamb\u00e9m:<\/strong><\/p>\n<ul>\n<li><a href=\"https:\/\/olhardigital.com.br\/2023\/01\/03\/carros-e-tecnologia\/bmw-fara-anuncio-misterioso-na-ces-2023\/\" target=\"_blank\" rel=\"noreferrer noopener\">BMW&nbsp;far\u00e1 an\u00fancio misterioso na CES 2023; o que sabemos at\u00e9 aqui<\/a><\/li>\n<li><a href=\"https:\/\/olhardigital.com.br\/2023\/01\/03\/carros-e-tecnologia\/nvidia-quer-voce-jogando-em-nuvem-com-o-geforce-now-ate-mesmo-no-carro\/\" target=\"_blank\" rel=\"noreferrer noopener\">Nvidia quer voc\u00ea jogando em nuvem com o GeForce Now, at\u00e9 mesmo no carro<\/a><\/li>\n<li><a href=\"https:\/\/olhardigital.com.br\/2023\/01\/03\/carros-e-tecnologia\/conheca-a-ella-um-carrinho-de-bebe-autonomo-e-inteligente\/\" target=\"_blank\" rel=\"noreferrer noopener\">Conhe\u00e7a a Ella, um carrinho de beb\u00ea aut\u00f4nomo e inteligente<\/a><\/li>\n<\/ul>\n<p>Segundo a montadora sueca, o pre\u00e7o de partida ser\u00e1 abaixo de US$ 80 mil, com entregas marcadas para come\u00e7ar no in\u00edcio de 2024. O utilit\u00e1rio tamb\u00e9m chega ao Brasil no mesmo per\u00edodo para substituir o XC90.<\/p>\n<p>A p\u00e1gina americana informa que alguns servi\u00e7os do carro, como os fornecidos pelo Google \u2014 Mapas, assistente e Google Play \u2014, dependem de um <a href=\"https:\/\/olhardigital.com.br\/2022\/12\/07\/carros-e-tecnologia\/vale-a-pena-pagar-para-desbloquear-recursos-com-o-carro-na-garagem-ja-e-realidade\/\" target=\"_blank\" rel=\"noreferrer noopener\">pacote que ser\u00e1 pago para funcionar<\/a> depois de quatro anos de uso.<\/p>\n<p><em>Imagem principal: Volvo\/Divulga\u00e7\u00e3o<\/em><\/p>\n<p><strong>J\u00e1 assistiu aos novos v\u00eddeos no&nbsp;<\/strong><a href=\"http:\/\/www.youtube.com\/channel\/UCGV72aVJuWP0QPNGH4YgIww?sub_confirmation=1\" target=\"_blank\" rel=\"noreferrer noopener\"><strong>YouTube<\/strong><\/a><strong>&nbsp;do Olhar Digital? Inscreva-se no canal!<\/strong><\/p>\n<p>O post <a rel=\"nofollow\" href=\"https:\/\/olhardigital.com.br\/2023\/01\/03\/carros-e-tecnologia\/ces-2023-suv-eletrico-volvo-ex90-desembarca-nos-eua\/\">CES 2023: SUV el\u00e9trico Volvo EX90 desembarca nos EUA<\/a> apareceu primeiro em <a rel=\"nofollow\" href=\"https:\/\/olhardigital.com.br\">Olhar Digital<\/a>.<\/p>\n<p><br \/>\n<br \/><a href=\"https:\/\/olhardigital.com.br\/2023\/01\/03\/carros-e-tecnologia\/ces-2023-suv-eletrico-volvo-ex90-desembarca-nos-eua\/\">Fonte do Artigo <\/a><br \/>\nTags:<\/p>\n<p><a title=\"Gestor de Tr\u00e1fego\" href=\"https:\/\/www.gestor-de-trafego.com\/\" target=\"_blank\" rel=\"noopener\"><strong>Gestor de Tr\u00e1fego<\/strong><\/a><\/p>\n<p><a href=\"https:\/\/wiy.com.br\/noticias\/categoria\/tecnologia\/\">#tecnologia<\/a> <a href=\"https:\/\/wiy.com.br\/noticias\/categoria\/tecnologia\/\">#tecnologias<\/a> <a href=\"https:\/\/wiy.com.br\/noticias\/categoria\/tecnologia\/\">#technology<\/a> <a href=\"https:\/\/wiy.com.br\/noticias\/categoria\/tecnologia\/\">#tecnolog<\/a> <a href=\"https:\/\/wiy.com.br\/noticias\/categoria\/tecnologia\/\">#iphone<\/a> <a href=\"https:\/\/wiy.com.br\/noticias\/categoria\/tecnologia\/\">#informatica<\/a> <a href=\"https:\/\/wiy.com.br\/noticias\/categoria\/tecnologia\/\">#tech<\/a> <a href=\"https:\/\/wiy.com.br\/noticias\/categoria\/tecnologia\/\">#design<\/a> <a href=\"https:\/\/wiy.com.br\/noticias\/categoria\/tecnologia\/\">#samsung<\/a> <a href=\"https:\/\/wiy.com.br\/noticias\/categoria\/tecnologia\/\">#internet<\/a> <a href=\"https:\/\/wiy.com.br\/noticias\/categoria\/tecnologia\/\">#apple<\/a> <a href=\"https:\/\/wiy.com.br\/noticias\/categoria\/tecnologia\/\">#smartphone<\/a> <a href=\"https:\/\/wiy.com.br\/noticias\/categoria\/tecnologia\/\">#seguranca<\/a> <a href=\"https:\/\/wiy.com.br\/noticias\/categoria\/tecnologia\/\">#venezuela<\/a> <a href=\"https:\/\/wiy.com.br\/noticias\/categoria\/tecnologia\/\">#celular<\/a> <a href=\"https:\/\/wiy.com.br\/noticias\/categoria\/tecnologia\/\">#celulares<\/a> <a href=\"https:\/\/wiy.com.br\/noticias\/categoria\/tecnologia\/\">#inovar<\/a> <a href=\"https:\/\/wiy.com.br\/noticias\/categoria\/tecnologia\/\">#qualidade<\/a> <a href=\"https:\/\/wiy.com.br\/noticias\/categoria\/tecnologia\/\">#software<\/a> <a href=\"https:\/\/wiy.com.br\/noticias\/categoria\/tecnologia\/\">#empresas<\/a> <a href=\"https:\/\/wiy.com.br\/noticias\/categoria\/tecnologia\/\">#cursos<\/a> <a href=\"https:\/\/wiy.com.br\/noticias\/categoria\/tecnologia\/\">#engenharia<\/a> <a href=\"https:\/\/wiy.com.br\/noticias\/categoria\/tecnologia\/\">#industria<\/a> <a href=\"https:\/\/wiy.com.br\/noticias\/categoria\/tecnologia\/\">#marketing<\/a> <a href=\"https:\/\/wiy.com.br\/noticias\/categoria\/tecnologia\/\">#ti<\/a> <a href=\"https:\/\/wiy.com.br\/noticias\/categoria\/tecnologia\/\">#tecnoblog<\/a> <a href=\"https:\/\/wiy.com.br\/noticias\/categoria\/tecnologia\/\">#veja<\/a> <a href=\"https:\/\/wiy.com.br\/noticias\/categoria\/tecnologia\/\">#olhardigital<\/a> <a href=\"https:\/\/wiy.com.br\/noticias\/categoria\/tecnologia\/\">#mundodigital<\/a> <a href=\"https:\/\/wiy.com.br\/noticias\/categoria\/tecnologia\/\">#inteligenciaartificial<\/a> <a href=\"https:\/\/wiy.com.br\/criacao-de-sites\/\">#criar site<\/a> <a href=\"https:\/\/wiy.com.br\/criacao-de-sites\/\">#criar site curitiba<\/a> <a href=\"https:\/\/wiy.com.br\/criacao-de-sites\/\">#wiysolutions<\/a><\/p>\n","protected":false},"excerpt":{"rendered":"<p>A Volvo escolheu a CES 2023 para a estreia do seu carro de produ\u00e7\u00e3o mais tecnol\u00f3gico nos Estados Unidos, o SUV el\u00e9trico EX90. O ve\u00edculo tamb\u00e9m \u00e9 considerado o mais seguro da montadora sueca, tem 5G e pode at\u00e9 alimentar eletr\u00f4nicos e casas com o carregamento bidirecional. Para reservar uma unidade, o comprador paga uma [&hellip;]<\/p>\n","protected":false},"author":1,"featured_media":75085,"comment_status":"open","ping_status":"open","sticky":false,"template":"","format":"standard","meta":{"footnotes":""},"categories":[5],"tags":[],"class_list":["post-75084","post","type-post","status-publish","format-standard","has-post-thumbnail","hentry","category-tecnologia"],"_links":{"self":[{"href":"https:\/\/wiy.com.br\/noticias\/wp-json\/wp\/v2\/posts\/75084","targetHints":{"allow":["GET"]}}],"collection":[{"href":"https:\/\/wiy.com.br\/noticias\/wp-json\/wp\/v2\/posts"}],"about":[{"href":"https:\/\/wiy.com.br\/noticias\/wp-json\/wp\/v2\/types\/post"}],"author":[{"embeddable":true,"href":"https:\/\/wiy.com.br\/noticias\/wp-json\/wp\/v2\/users\/1"}],"replies":[{"embeddable":true,"href":"https:\/\/wiy.com.br\/noticias\/wp-json\/wp\/v2\/comments?post=75084"}],"version-history":[{"count":0,"href":"https:\/\/wiy.com.br\/noticias\/wp-json\/wp\/v2\/posts\/75084\/revisions"}],"wp:featuredmedia":[{"embeddable":true,"href":"https:\/\/wiy.com.br\/noticias\/wp-json\/wp\/v2\/media\/75085"}],"wp:attachment":[{"href":"https:\/\/wiy.com.br\/noticias\/wp-json\/wp\/v2\/media?parent=75084"}],"wp:term":[{"taxonomy":"category","embeddable":true,"href":"https:\/\/wiy.com.br\/noticias\/wp-json\/wp\/v2\/categories?post=75084"},{"taxonomy":"post_tag","embeddable":true,"href":"https:\/\/wiy.com.br\/noticias\/wp-json\/wp\/v2\/tags?post=75084"}],"curies":[{"name":"wp","href":"https:\/\/api.w.org\/{rel}","templated":true}]}}