{"id":75046,"date":"2023-02-26T15:30:33","date_gmt":"2023-02-26T18:30:33","guid":{"rendered":"https:\/\/wiy.com.br\/noticias\/retrospectiva-2022-brasil-tem-seu-segundo-representante-no-espaco\/"},"modified":"2022-12-31T19:26:15","modified_gmt":"2022-12-31T22:26:15","slug":"retrospectiva-2022-brasil-tem-seu-segundo-representante-no-espaco","status":"publish","type":"post","link":"https:\/\/wiy.com.br\/noticias\/retrospectiva-2022-brasil-tem-seu-segundo-representante-no-espaco\/","title":{"rendered":"Retrospectiva 2022: Brasil tem seu segundo representante no espa\u00e7o"},"content":{"rendered":"<p> <br \/>\n<\/p>\n<p>Para o Brasil, um dos acontecimentos mais marcantes no ramo espacial neste ano que est\u00e1 terminando foi, sem d\u00favida, a <strong>viagem ao espa\u00e7o<\/strong> do engenheiro de produ\u00e7\u00e3o civil <strong><a href=\"https:\/\/olhardigital.com.br\/tag\/victor-hespanha\/\" target=\"_blank\" rel=\"noreferrer noopener\">Victor Hespanha<\/a><\/strong>, de <a href=\"https:\/\/olhardigital.com.br\/2022\/07\/27\/pro\/anatel-autoriza-sinal-5g-em-porto-alegre-belo-horizonte-e-joao-pessoa\/\" target=\"_blank\" rel=\"noreferrer noopener\">Belo Horizonte <\/a>(MG).<\/p>\n<figure class=\"wp-block-image size-full\"><img title = \"[Tags]\"decoding=\"async\" loading=\"lazy\" width=\"700\" height=\"784\" src=\"https:\/\/img.olhardigital.com.br\/wp-content\/uploads\/2022\/05\/victor-hespanha-bandeira.png\"alt = \"victor-hespanha-bandeira Retrospectiva 2022: Brasil tem seu segundo representante no espa\u00e7o\" class=\"wp-image-363517\" \/><figcaption>O engenheiro de produ\u00e7\u00e3o civil Victor Hespanha foi sorteado para uma viagem ao espa\u00e7o com a Blue Origin. Imagem: Blue Origin<\/figcaption><\/figure>\n<p>Como tripulante de um voo da<a href=\"https:\/\/olhardigital.com.br\/tag\/blue-origin\/\" target=\"_blank\" rel=\"noreferrer noopener\"> Blue Origin<\/a>, empresa aeroespacial do <strong>bilion\u00e1rio Jeff Bezos<\/strong>, ele conquistou<strong> tr\u00eas t\u00edtulos importantes<\/strong>:&nbsp;<\/p>\n<ul>\n<li><strong>segundo brasileiro<\/strong> na hist\u00f3ria a ir ao espa\u00e7o (depois do ex-astronauta e ex-ministro da Ci\u00eancia, Tecnologia e Inova\u00e7\u00f5es, Marcos Pontes);<\/li>\n<li><strong>primeiro turista espacial<\/strong> do pa\u00eds;<\/li>\n<li><strong>primeiro \u201ccriptonauta\u201d do mundo<\/strong>.<\/li>\n<\/ul>\n<h2 id=\"h-relembre-a-jornada-de-victor-hespanha-ate-o-espaco\"><strong>Relembre a jornada de Victor Hespanha at\u00e9 o espa\u00e7o<\/strong><\/h2>\n<p><strong>No dia 4 de junho<\/strong>, a Blue Origin completou com sucesso seu quinto voo tripulado. A miss\u00e3o, chamada NS-21 (por ser o 21\u00ba voo de um ve\u00edculo New Shepard na contagem geral da empresa), levou seis passageiros para um passeio inesquec\u00edvel a pouco mais de 100 km de altitude &#8211; entre eles, o brasileiro Victor Hespanha.<\/p>\n<p>Victor conquistou seu assento <strong>por meio de um sorteio<\/strong> realizado pela <em>Crypto Space Agency <\/em>(CSA), ap\u00f3s adquirir tr\u00eas NFTs (token n\u00e3o-fung\u00edveis) pela plataforma, por aproximadamente R$12 mil, no total.<\/p>\n<figure class=\"wp-block-image size-large\"><img title = \"[Tags]\"decoding=\"async\" loading=\"lazy\" width=\"1024\" height=\"785\" src=\"https:\/\/img.olhardigital.com.br\/wp-content\/uploads\/2022\/05\/tripulacao-NS-21-Blue-Origin-1024x785.jpg\"alt = \"victor-hespanha-bandeira Retrospectiva 2022: Brasil tem seu segundo representante no espa\u00e7o\" class=\"wp-image-359485\" \/><figcaption>Entre os seis membros da miss\u00e3o NS-21, o quinto voo tripulado da Blue Origin, estava o brasileiro Victor Hespanha. Imagem: Blue Origin &#8211; Divulga\u00e7\u00e3o<\/figcaption><\/figure>\n<p>Segundo ele, ao tomar conhecimento de que a ag\u00eancia havia comprado um assento em uma miss\u00e3o espacial tur\u00edstica, viu nisso uma chance de investimento, vislumbrando a valoriza\u00e7\u00e3o de seus ativos &#8211; mas, nem imaginava que seria ele o contemplado, tornando-se, assim, o primeiro \u201ccriptonauta\u201d do mundo.<\/p>\n<h2 id=\"h-senti-como-se-estivesse-saindo-do-meu-corpo\"><strong>\u201cSenti como se estivesse saindo do meu corpo\u201d<\/strong><\/h2>\n<p>Assim como em todas as miss\u00f5es tur\u00edsticas, o NS-21 foi um<strong> voo suborbital<\/strong>. Isso significa que a c\u00e1psula e seus tripulantes seguiram uma trajet\u00f3ria parab\u00f3lica, subindo at\u00e9 uma altitude m\u00e1xima de 106,9 km e descendo logo em seguida. N\u00e3o h\u00e1 \u201cvoltas\u201d ao redor da Terra, ao contr\u00e1rio dos voos orbitais como os executados pela SpaceX, que t\u00eam no m\u00ednimo 90 minutos (tempo de uma \u00f3rbita) de dura\u00e7\u00e3o.<\/p>\n<p>O engenheiro descreveu a viagem como <strong>\u201co dia mais feliz\u201d<\/strong> da sua vida. \u201cN\u00e3o tenho palavras. L\u00e1 em cima, <strong><a href=\"https:\/\/olhardigital.com.br\/2022\/06\/04\/ciencia-e-espaco\/senti-como-se-estivesse-saindo-do-meu-corpo-diz-victor-hespanha-sobre-viagem-ao-espaco\/\" target=\"_blank\" rel=\"noreferrer noopener\">senti como se eu estivesse saindo do meu corpo<\/a><\/strong>\u201d, disse Hespanha, em coletiva ap\u00f3s a viagem. \u201cPude ver o Brasil do espa\u00e7o. O medo n\u00e3o importava. Foi um passo extremamente importante, que desperta muita esperan\u00e7a, especialmente para n\u00f3s brasileiros que passamos por momentos dif\u00edceis saindo da pandemia.\u201d<\/p>\n<h2 id=\"h-turistas-espaciais-nao-sao-astronautas\"><strong>Turistas espaciais n\u00e3o s\u00e3o astronautas<\/strong><\/h2>\n<p>Na linguagem popular, todos que v\u00e3o para o espa\u00e7o s\u00e3o chamados de astronautas (ou suas especifica\u00e7\u00f5es nacionais, como cosmonautas, da R\u00fassia, e taikonautas, da China). Mas, na verdade, existem crit\u00e9rios a serem avaliados para que um viajante espacial receba essa designa\u00e7\u00e3o.<\/p>\n<p>Al\u00e9m da Administra\u00e7\u00e3o Federal de Avia\u00e7\u00e3o dos Estados Unidos (FAA), outras duas ag\u00eancias governamentais dos EUA est\u00e3o autorizadas a conferir o t\u00edtulo de astronauta: o Departamento de Defesa e a NASA, que atribuem esse status apenas a seus pr\u00f3prios funcion\u00e1rios.<\/p>\n<p>Segundo as diretrizes da FAA, tripulantes de voos que ultrapassem 80 km acima da superf\u00edcie da Terra podem ser classificados como astronautas. Por essa m\u00e9trica, os passageiros das miss\u00f5es da Blue Origin est\u00e3o inclusos, j\u00e1 que os voos da empresa superam at\u00e9 mesmo a Linha de K\u00e1rm\u00e1n, localizada a 100 km de altitude e considerada a fronteira onde come\u00e7a o espa\u00e7o sideral.<\/p>\n<p>No entanto, esse n\u00e3o \u00e9 o \u00fanico fator determinante. Um candidato ao t\u00edtulo de astronauta deve passar por um extenso treinamento certificado pela FAA e \u201cdemonstrar durante o voo a\u00e7\u00f5es que s\u00e3o importantes para a seguran\u00e7a p\u00fablica ou contribuem para a seguran\u00e7a espacial humana\u201d. Al\u00e9m disso, a pessoa deve ser designada para a tripula\u00e7\u00e3o a realizar certas tarefas durante o voo, n\u00e3o sendo apenas um passageiro comum.<\/p>\n<figure class=\"wp-block-image size-full\"><img title = \"[Tags]\"decoding=\"async\" loading=\"lazy\" width=\"1000\" height=\"568\" src=\"https:\/\/img.olhardigital.com.br\/wp-content\/uploads\/2022\/06\/New-Shepard-Blue-Origin-lancamento.jpg\"alt = \"victor-hespanha-bandeira Retrospectiva 2022: Brasil tem seu segundo representante no espa\u00e7o\" class=\"wp-image-368867\" \/><figcaption>Foguete New Shepard, da Blue Origin, que levou o segundo brasileiro da hist\u00f3ria ao espa\u00e7o este ano. Imagem: Blue Origin<\/figcaption><\/figure>\n<p>A c\u00e1psula New Shepard, que leva os passageiros da Blue Origin nas miss\u00f5es tripuladas, \u00e9 um sistema totalmente aut\u00f4nomo, de modo que nenhum deles precisa assumir a fun\u00e7\u00e3o de piloto nem qualquer outra atividade. Dessa forma, tanto Hespanha quanto os demais membros das miss\u00f5es tripuladas da empresa s\u00e3o turistas espaciais, e n\u00e3o astronautas.<\/p>\n<h2 id=\"h-diferencas-entre-os-voos-espaciais-de-marcos-pontes-e-victor-hespanha\"><strong>Diferen\u00e7as entre os voos espaciais de Marcos Pontes e Victor Hespanha<\/strong><\/h2>\n<p>Ci\u00eancia X Turismo. Essa \u00e9 a <a href=\"https:\/\/olhardigital.com.br\/2022\/06\/06\/ciencia-e-espaco\/brasileiros-no-espaco-entenda-a-diferenca-entre-os-voos-de-marcos-pontes-e-victor-hespanha\/\" target=\"_blank\" rel=\"noreferrer noopener\">diferen\u00e7a <\/a>fundamental entre as miss\u00f5es espaciais de Marcos Pontes e Victor Hespanha.&nbsp;<\/p>\n<p>Natural de Bauru (SP), Pontes \u00e9 graduado em tecnologia aeron\u00e1utica pela Academia da For\u00e7a A\u00e9rea (AFA), no munic\u00edpio paulista de Pirassununga, e mestre em engenharia de sistemas pela Escola de P\u00f3s-Gradua\u00e7\u00e3o Naval dos EUA, na Calif\u00f3rnia. Ele se formou oficialmente como astronauta em 2000, ap\u00f3s ter sido selecionado pela NASA para participar dos dois anos de treinamento de seu programa de forma\u00e7\u00e3o de astronautas.<\/p>\n<figure class=\"wp-block-image size-full\"><img title = \"[Tags]\"decoding=\"async\" loading=\"lazy\" width=\"1000\" height=\"465\" src=\"https:\/\/img.olhardigital.com.br\/wp-content\/uploads\/2022\/06\/Victor-Hespanha-Marcos-Pontes.png\"alt = \"victor-hespanha-bandeira Retrospectiva 2022: Brasil tem seu segundo representante no espa\u00e7o\" class=\"wp-image-371255\" \/><figcaption>Imagem: Blue Origin (Victor Hespanha) e NASA (Marcos Pontes)<\/figcaption><\/figure>\n<p>Hespanha, como dito anteriormente, conquistou seu assento por meio de um sorteio.<\/p>\n<p>A primeira viagem espacial de Pontes estava programada para acontecer em 2001, em uma das miss\u00f5es do projeto de constru\u00e7\u00e3o da Esta\u00e7\u00e3o Espacial Internacional (ISS). Mas uma s\u00e9rie de situa\u00e7\u00f5es acabou colocando o astronauta brasileiro no fim da fila de lan\u00e7amentos da NASA para o laborat\u00f3rio orbital.<\/p>\n<p>Ele acabou indo pela ag\u00eancia espacial russa Roscosmos, que recebeu em torno de US$10 milh\u00f5es do Brasil pela \u201ccarona\u201d em uma nave Soyuz, que aconteceu em 2006. Na ocasi\u00e3o, o brasileiro levou 15 kg de carga da Ag\u00eancia Espacial Brasileira (AEB), contendo oito experimentos cient\u00edficos desenvolvidos por universidades e centros de pesquisas do pa\u00eds.<\/p>\n<p>Enquanto o passeio de Hespanha durou cerca de dez minutos, a miss\u00e3o de Pontes \u00e0 ISS, entre ida, perman\u00eancia e retorno, teve 10 dias de dura\u00e7\u00e3o, considerando quase 24 horas de viagem em cada trecho.<\/p>\n<p>Durante o voo da Blue Origin, o brasileiro e os demais tripulantes s\u00f3 precisaram se preocupar em curtir os tr\u00eas minutos de quase aus\u00eancia de gravidade e apreciar uma vista inigual\u00e1vel pelas janelas.<\/p>\n<p>No entanto, mesmo uma miss\u00e3o \u201csimples\u201d como essa requer muito preparo, tanto do ve\u00edculo e equipamentos em geral, quanto das pessoas envolvidas (a tripula\u00e7\u00e3o e toda a equipe t\u00e9cnica). Antes do voo, Hespanha e seus companheiros de aventura precisaram passar por dois dias de treinamento \u2013 o que n\u00e3o se compara nem de longe ao processo de capacita\u00e7\u00e3o dos astronautas.<\/p>\n<p><strong>Leia mais:<\/strong><\/p>\n<ul>\n<li><a href=\"https:\/\/olhardigital.com.br\/2022\/10\/26\/ciencia-e-espaco\/quer-viajar-para-o-espaco-saiba-quanto-custa\/\" target=\"_blank\" rel=\"noreferrer noopener\">Quer viajar para o espa\u00e7o? Saiba quanto custa <\/a><\/li>\n<li><a href=\"https:\/\/olhardigital.com.br\/2022\/10\/12\/ciencia-e-espaco\/spacex-vai-levar-primeiro-turista-espacial-da-historia-a-lua\/\" target=\"_blank\" rel=\"noreferrer noopener\">SpaceX vai levar primeiro turista espacial da hist\u00f3ria \u00e0 Lua<\/a><\/li>\n<li><a href=\"https:\/\/olhardigital.com.br\/2021\/11\/03\/ciencia-e-espaco\/turismo-espacial\/\" target=\"_blank\" rel=\"noreferrer noopener\">Turismo espacial: o guia completo sobre o assunto! <\/a><\/li>\n<\/ul>\n<h2 id=\"h-presente-especial-do-10\u00ba-homem-a-pisar-na-lua\"><strong>Presente especial do 10\u00ba homem a pisar na Lua<\/strong><\/h2>\n<p>Engana-se quem pensa que o primeiro turista espacial brasileiro da hist\u00f3ria despertou do seu maior sonho quando a c\u00e1psula RSS First Step aterrissou no deserto em Van Horn, no oeste do Texas.<\/p>\n<p>Pouco antes do lan\u00e7amento, Victor Hespanha e seus companheiros de voo Evan Dick, Katya Echazarreta, Hamish Harding, Jaison Robinson e Victor Vescovo conheceram o ex-astronauta Charles Moss Duke Jr. \u2013 simplesmente o 10\u00ba homem a pisar na Lua.<\/p>\n<p>Como se isso n\u00e3o fosse suficientemente fascinante, eles receberam um <a href=\"https:\/\/olhardigital.com.br\/2022\/06\/07\/ciencia-e-espaco\/victor-hespanha-ganha-presente-especial-do-10o-homem-a-pisar-na-lua\/\" target=\"_blank\" rel=\"noreferrer noopener\">presente especial das m\u00e3os de Duke<\/a> quando voltaram.<\/p>\n<figure class=\"wp-block-image size-large\"><img title = \"[Tags]\"decoding=\"async\" loading=\"lazy\" width=\"850\" height=\"1024\" src=\"https:\/\/img.olhardigital.com.br\/wp-content\/uploads\/2022\/06\/Charlie-Duke-Victor-Hespanha-relogio-850x1024.png\"alt = \"victor-hespanha-bandeira Retrospectiva 2022: Brasil tem seu segundo representante no espa\u00e7o\" class=\"wp-image-371636\" \/><figcaption>O ex-astronauta Charlie Duke, 10\u00ba homem a pisar na Lua, presenteou o primeiro turista espacial brasileiro com um rel\u00f3gio Omega, um s\u00edmbolo das miss\u00f5es Apollo. Imagem: Instagram Victor Hespanha<\/figcaption><\/figure>\n<p>Trata-se de uma nova vers\u00e3o do Speedmaster, o \u201crel\u00f3gio de astronauta\u201d da Omega, empresa sediada na Su\u00ed\u00e7a, que esteve nas miss\u00f5es Apollo nas d\u00e9cadas de 1960 e 1970.&nbsp;<\/p>\n<p>\u201cSe liga na minha cara quando ganhei um Omega do Charlie Duke\u201d, escreveu Victor em uma postagem no Instagram. \u201cOmega \u00e9 o rel\u00f3gio que os astronautas da NASA usavam nas miss\u00f5es, \u00e9 uma tradi\u00e7\u00e3o. Sem mais, Deus \u00e9 maravilhoso!\u201d, comemorou.<\/p>\n<p>De l\u00e1 para c\u00e1, sua vida deu uma guinada. Al\u00e9m de ganhar muitos seguidores no Instagram, Victor est\u00e1 sempre em programas televisivos ou canais nas redes sociais como convidado especial para falar sobre sua aventura.<\/p>\n<p><strong>J\u00e1 assistiu aos novos v\u00eddeos no&nbsp;<\/strong><a href=\"http:\/\/www.youtube.com\/channel\/UCGV72aVJuWP0QPNGH4YgIww?sub_confirmation=1\" target=\"_blank\" rel=\"noreferrer noopener\"><strong>YouTube<\/strong><\/a><strong>&nbsp;do Olhar Digital? Inscreva-se no canal!<\/strong><\/p>\n<p>O post <a rel=\"nofollow\" href=\"https:\/\/olhardigital.com.br\/2022\/12\/31\/ciencia-e-espaco\/retrospectiva-2022-brasil-tem-seu-segundo-representante-no-espaco\/\">Retrospectiva 2022: Brasil tem seu segundo representante no espa\u00e7o<\/a> apareceu primeiro em <a rel=\"nofollow\" href=\"https:\/\/olhardigital.com.br\">Olhar Digital<\/a>.<\/p>\n<p><br \/>\n<br \/><a href=\"https:\/\/olhardigital.com.br\/2022\/12\/31\/ciencia-e-espaco\/retrospectiva-2022-brasil-tem-seu-segundo-representante-no-espaco\/\">Fonte do Artigo <\/a><br \/>\nTags:<\/p>\n<p><a title=\"Gestor de Tr\u00e1fego\" href=\"https:\/\/www.gestor-de-trafego.com\/\" target=\"_blank\" rel=\"noopener\"><strong>Gestor de Tr\u00e1fego<\/strong><\/a><\/p>\n<p><a href=\"https:\/\/wiy.com.br\/noticias\/categoria\/tecnologia\/\">#tecnologia<\/a> <a href=\"https:\/\/wiy.com.br\/noticias\/categoria\/tecnologia\/\">#tecnologias<\/a> <a href=\"https:\/\/wiy.com.br\/noticias\/categoria\/tecnologia\/\">#technology<\/a> <a href=\"https:\/\/wiy.com.br\/noticias\/categoria\/tecnologia\/\">#tecnolog<\/a> <a href=\"https:\/\/wiy.com.br\/noticias\/categoria\/tecnologia\/\">#iphone<\/a> <a href=\"https:\/\/wiy.com.br\/noticias\/categoria\/tecnologia\/\">#informatica<\/a> <a href=\"https:\/\/wiy.com.br\/noticias\/categoria\/tecnologia\/\">#tech<\/a> <a href=\"https:\/\/wiy.com.br\/noticias\/categoria\/tecnologia\/\">#design<\/a> <a href=\"https:\/\/wiy.com.br\/noticias\/categoria\/tecnologia\/\">#samsung<\/a> <a href=\"https:\/\/wiy.com.br\/noticias\/categoria\/tecnologia\/\">#internet<\/a> <a href=\"https:\/\/wiy.com.br\/noticias\/categoria\/tecnologia\/\">#apple<\/a> <a href=\"https:\/\/wiy.com.br\/noticias\/categoria\/tecnologia\/\">#smartphone<\/a> <a href=\"https:\/\/wiy.com.br\/noticias\/categoria\/tecnologia\/\">#seguranca<\/a> <a href=\"https:\/\/wiy.com.br\/noticias\/categoria\/tecnologia\/\">#venezuela<\/a> <a href=\"https:\/\/wiy.com.br\/noticias\/categoria\/tecnologia\/\">#celular<\/a> <a href=\"https:\/\/wiy.com.br\/noticias\/categoria\/tecnologia\/\">#celulares<\/a> <a href=\"https:\/\/wiy.com.br\/noticias\/categoria\/tecnologia\/\">#inovar<\/a> <a href=\"https:\/\/wiy.com.br\/noticias\/categoria\/tecnologia\/\">#qualidade<\/a> <a href=\"https:\/\/wiy.com.br\/noticias\/categoria\/tecnologia\/\">#software<\/a> <a href=\"https:\/\/wiy.com.br\/noticias\/categoria\/tecnologia\/\">#empresas<\/a> <a href=\"https:\/\/wiy.com.br\/noticias\/categoria\/tecnologia\/\">#cursos<\/a> <a href=\"https:\/\/wiy.com.br\/noticias\/categoria\/tecnologia\/\">#engenharia<\/a> <a href=\"https:\/\/wiy.com.br\/noticias\/categoria\/tecnologia\/\">#industria<\/a> <a href=\"https:\/\/wiy.com.br\/noticias\/categoria\/tecnologia\/\">#marketing<\/a> <a href=\"https:\/\/wiy.com.br\/noticias\/categoria\/tecnologia\/\">#ti<\/a> <a href=\"https:\/\/wiy.com.br\/noticias\/categoria\/tecnologia\/\">#tecnoblog<\/a> <a href=\"https:\/\/wiy.com.br\/noticias\/categoria\/tecnologia\/\">#veja<\/a> <a href=\"https:\/\/wiy.com.br\/noticias\/categoria\/tecnologia\/\">#olhardigital<\/a> <a href=\"https:\/\/wiy.com.br\/noticias\/categoria\/tecnologia\/\">#mundodigital<\/a> <a href=\"https:\/\/wiy.com.br\/noticias\/categoria\/tecnologia\/\">#inteligenciaartificial<\/a> <a href=\"https:\/\/wiy.com.br\/criacao-de-sites\/\">#criar site<\/a> <a href=\"https:\/\/wiy.com.br\/criacao-de-sites\/\">#criar site curitiba<\/a> <a href=\"https:\/\/wiy.com.br\/criacao-de-sites\/\">#wiysolutions<\/a><\/p>\n","protected":false},"excerpt":{"rendered":"<p>Para o Brasil, um dos acontecimentos mais marcantes no ramo espacial neste ano que est\u00e1 terminando foi, sem d\u00favida, a viagem ao espa\u00e7o do engenheiro de produ\u00e7\u00e3o civil Victor Hespanha, de Belo Horizonte (MG). O engenheiro de produ\u00e7\u00e3o civil Victor Hespanha foi sorteado para uma viagem ao espa\u00e7o com a Blue Origin. Imagem: Blue Origin [&hellip;]<\/p>\n","protected":false},"author":1,"featured_media":75047,"comment_status":"open","ping_status":"open","sticky":false,"template":"","format":"standard","meta":{"footnotes":""},"categories":[5],"tags":[],"class_list":["post-75046","post","type-post","status-publish","format-standard","has-post-thumbnail","hentry","category-tecnologia"],"_links":{"self":[{"href":"https:\/\/wiy.com.br\/noticias\/wp-json\/wp\/v2\/posts\/75046","targetHints":{"allow":["GET"]}}],"collection":[{"href":"https:\/\/wiy.com.br\/noticias\/wp-json\/wp\/v2\/posts"}],"about":[{"href":"https:\/\/wiy.com.br\/noticias\/wp-json\/wp\/v2\/types\/post"}],"author":[{"embeddable":true,"href":"https:\/\/wiy.com.br\/noticias\/wp-json\/wp\/v2\/users\/1"}],"replies":[{"embeddable":true,"href":"https:\/\/wiy.com.br\/noticias\/wp-json\/wp\/v2\/comments?post=75046"}],"version-history":[{"count":0,"href":"https:\/\/wiy.com.br\/noticias\/wp-json\/wp\/v2\/posts\/75046\/revisions"}],"wp:featuredmedia":[{"embeddable":true,"href":"https:\/\/wiy.com.br\/noticias\/wp-json\/wp\/v2\/media\/75047"}],"wp:attachment":[{"href":"https:\/\/wiy.com.br\/noticias\/wp-json\/wp\/v2\/media?parent=75046"}],"wp:term":[{"taxonomy":"category","embeddable":true,"href":"https:\/\/wiy.com.br\/noticias\/wp-json\/wp\/v2\/categories?post=75046"},{"taxonomy":"post_tag","embeddable":true,"href":"https:\/\/wiy.com.br\/noticias\/wp-json\/wp\/v2\/tags?post=75046"}],"curies":[{"name":"wp","href":"https:\/\/api.w.org\/{rel}","templated":true}]}}