{"id":74465,"date":"2023-02-26T15:16:27","date_gmt":"2023-02-26T18:16:27","guid":{"rendered":"https:\/\/wiy.com.br\/noticias\/lotado-ato-pro-lula-na-paulista-tem-tumultos-e-pessoas-desmaiadas\/"},"modified":"2022-10-31T01:13:18","modified_gmt":"2022-10-31T04:13:18","slug":"lotado-ato-pro-lula-na-paulista-tem-tumultos-e-pessoas-desmaiadas","status":"publish","type":"post","link":"https:\/\/wiy.com.br\/noticias\/lotado-ato-pro-lula-na-paulista-tem-tumultos-e-pessoas-desmaiadas\/","title":{"rendered":"Lotado, ato pr\u00f3 Lula na Paulista tem tumultos e pessoas desmaiadas"},"content":{"rendered":"<p> <br \/>\n<br \/><img title = \"[Tags]\"alt = \"multidao Lotado, ato pr\u00f3 Lula na Paulista tem tumultos e pessoas desmaiadas\"decoding=\"async\" src=\"https:\/\/vejasp.abril.com.br\/wp-content\/uploads\/2022\/10\/multidao.jpeg\" \/><\/p>\n<p>O ato na Avenida Paulista em comemora\u00e7\u00e3o \u00e0 elei\u00e7\u00e3o de Luiz In\u00e1cio Lula da Silva (PT) como presidente da Rep\u00fablica tem registros de tumultos e pessoas passando mal devido \u00e0 superlota\u00e7\u00e3o no local. Em poucos minutos em frente ao Parque Trianon, a reportagem viu quatro pessoas desmaiadas em raz\u00e3o do forte calor e dificuldade de se locomover.<\/p>\n<p>Havia ainda pessoas ca\u00eddas no ch\u00e3o, que contavam com a ajuda de outros para se levantarem.<\/p>\n<p>As 22h50, o presidente eleito, que \u00e9 esperado para discursar, ainda n\u00e3o estava no local. Tentando ver o carro de som no qual o petista estar\u00e1, em frente ao Masp, pessoas se amontoam em cima das coberturas dos pontos de \u00f4nibus, se penduram em \u00e1rvores e postes e nas grades do Parque Trianon.<\/p>\n<p>A Paulista havia sido alvo de disputa entre grupos petistas e bolsonaristas ao longo da semana, e a Justi\u00e7a determinou que apenas apoiadores do candidato que vencesse a elei\u00e7\u00e3o federal poderiam ocupar a via. Desde as 17h, h\u00e1 pessoas na avenida.<\/p>\n<div class=\"ads post-ads\"><span class=\"title\">Continua ap\u00f3s a publicidade<\/span><\/p>\n<div id=\"abrAD_rectangle3\" class=\"abrAD\" data-ad-sizes=\"300x250\"><\/div>\n<\/div>\n<p><br \/>\n<br \/><a href=\"https:\/\/vejasp.abril.com.br\/cidades\/lotado-ato-pro-lula-na-paulista-tem-tumultos-e-pessoas-desmaiadas\/\">Fonte do Artigo <\/a><br \/>\nTags:<br \/>\n#loterias #loteriascaixa #megasena #resultadoapostas#noticias #noticiario  #noticia #brasil #noticiascolombia #mundo #esporte #colombia #noticiadeld #ltimasnoticias  #noticiario #noticiasregionales #noticiasdepartamentales #noticiashoy #esportes #noticiaahora #elinformantenoticias #noticiasdeboyac  #esporteinterativo #esportivo #diariodosesportes  #noticiero  #jogodefutebol #jogos #loto #apostas<\/p>\n","protected":false},"excerpt":{"rendered":"<p>O ato na Avenida Paulista em comemora\u00e7\u00e3o \u00e0 elei\u00e7\u00e3o de Luiz In\u00e1cio Lula da Silva (PT) como presidente da Rep\u00fablica tem registros de tumultos e pessoas passando mal devido \u00e0 superlota\u00e7\u00e3o no local. Em poucos minutos em frente ao Parque Trianon, a reportagem viu quatro pessoas desmaiadas em raz\u00e3o do forte calor e dificuldade de [&hellip;]<\/p>\n","protected":false},"author":1,"featured_media":74466,"comment_status":"open","ping_status":"open","sticky":false,"template":"","format":"standard","meta":{"footnotes":""},"categories":[1],"tags":[],"class_list":["post-74465","post","type-post","status-publish","format-standard","has-post-thumbnail","hentry","category-curso-de-copy"],"_links":{"self":[{"href":"https:\/\/wiy.com.br\/noticias\/wp-json\/wp\/v2\/posts\/74465","targetHints":{"allow":["GET"]}}],"collection":[{"href":"https:\/\/wiy.com.br\/noticias\/wp-json\/wp\/v2\/posts"}],"about":[{"href":"https:\/\/wiy.com.br\/noticias\/wp-json\/wp\/v2\/types\/post"}],"author":[{"embeddable":true,"href":"https:\/\/wiy.com.br\/noticias\/wp-json\/wp\/v2\/users\/1"}],"replies":[{"embeddable":true,"href":"https:\/\/wiy.com.br\/noticias\/wp-json\/wp\/v2\/comments?post=74465"}],"version-history":[{"count":0,"href":"https:\/\/wiy.com.br\/noticias\/wp-json\/wp\/v2\/posts\/74465\/revisions"}],"wp:featuredmedia":[{"embeddable":true,"href":"https:\/\/wiy.com.br\/noticias\/wp-json\/wp\/v2\/media\/74466"}],"wp:attachment":[{"href":"https:\/\/wiy.com.br\/noticias\/wp-json\/wp\/v2\/media?parent=74465"}],"wp:term":[{"taxonomy":"category","embeddable":true,"href":"https:\/\/wiy.com.br\/noticias\/wp-json\/wp\/v2\/categories?post=74465"},{"taxonomy":"post_tag","embeddable":true,"href":"https:\/\/wiy.com.br\/noticias\/wp-json\/wp\/v2\/tags?post=74465"}],"curies":[{"name":"wp","href":"https:\/\/api.w.org\/{rel}","templated":true}]}}