{"id":74183,"date":"2023-02-26T15:50:54","date_gmt":"2023-02-26T18:50:54","guid":{"rendered":"https:\/\/wiy.com.br\/noticias\/datafolha-haddad-lidera-em-sp-com-38-seguido-por-tarcisio-e-rodrigo\/"},"modified":"2022-08-19T01:13:26","modified_gmt":"2022-08-19T04:13:26","slug":"datafolha-haddad-lidera-em-sp-com-38-seguido-por-tarcisio-e-rodrigo","status":"publish","type":"post","link":"https:\/\/wiy.com.br\/noticias\/datafolha-haddad-lidera-em-sp-com-38-seguido-por-tarcisio-e-rodrigo\/","title":{"rendered":"Datafolha: Haddad lidera em SP com 38%, seguido por Tarc\u00edsio e Rodrigo"},"content":{"rendered":"<p> <br \/>\n<\/p>\n<p>Pesquisa do <strong>Instituto Datafolha<\/strong> divulgada nesta quinta-feira (18) e encomendada pelo jornal &#8220;Folha de S. Paulo&#8221; e pela TV Globo revela que <strong>Fernando Haddad<\/strong> (PT) lidera com 38%, embora tamb\u00e9m tenha\u00a0a maior rejei\u00e7\u00e3o entre os candidatos ao governo de S\u00e3o Paulo: 30% dos entrevistados n\u00e3o votariam de jeito nenhum no petista.<\/p>\n<p><a href=\"https:\/\/vejasp.abril.com.br\/cidades\/rodrigo-garcia-governador-de-sp\/\"><strong>LEIA MAIS | \u201cJ\u00e1 tem gente me conhecendo na rua, viu?, diz governador Rodrigo Garcia<\/strong><\/a><\/p>\n<p>O ex-prefeito tamb\u00e9m \u00e9 o candidato mais conhecido entre os que disputam o Pal\u00e1cio dos Bandeirantes: 89% dos eleitores afirmam que o conhecem <strong>(veja mais abaixo)<\/strong>.<\/p>\n<div class=\"mc-column content-text active-extra-styles \" data-block-type=\"unstyled\" data-block-weight=\"50\" data-block-id=\"5\">\n<p data-track-category=\"Link no Texto\" data-track-links=\"\">Foram ouvidas 1.812 pessoas entre os dias 16 e 18 de agosto em 72 munic\u00edpios paulistas. A margem de erro \u00e9 de dois pontos percentuais para mais ou para menos, considerando um n\u00edvel de confian\u00e7a de 95%. A pesquisa foi registrada no Tribunal Superior Eleitoral (TSE) sob o n\u00famero SP-02170\/2022.<\/p>\n<div class=\"mc-column content-text active-extra-styles\" data-block-type=\"raw\" data-block-weight=\"8\" data-block-id=\"8\">\n<div class=\"content-intertitle\">\n<h3>Candidato em que n\u00e3o votaria de jeito nenhum<\/h3>\n<\/div>\n<\/div>\n<div class=\"mc-column content-text active-extra-styles \" data-block-type=\"unstyled\" data-block-weight=\"6\" data-block-id=\"9\">\n<p data-track-category=\"Link no Texto\" data-track-links=\"\"><strong>Resposta estimulada e m\u00faltipla, em %:<\/strong><\/p>\n<div class=\"ads post-ads\"><span class=\"title\">Continua ap\u00f3s a publicidade<\/span><\/p>\n<div id=\"abrAD_rectangle2\" class=\"abrAD\" data-ad-><\/div>\n<\/div>\n<\/div>\n<div class=\"mc-column content-text active-extra-styles\" data-block-type=\"raw\" data-block-weight=\"55\" data-block-id=\"10\">\n<ul>\n<li><strong>Fernando Haddad<\/strong> (PT): 30%<\/li>\n<li><strong>Tarc\u00edsio de Freitas<\/strong><span>\u00a0<\/span>(Republicanos): 22%<\/li>\n<li><strong>Rodrigo Garcia<\/strong><span>\u00a0<\/span>(PSDB): 21%<\/li>\n<li>Altino J\u00fanior<span>\u00a0<\/span>(PSTU): 20%<\/li>\n<li>Vinicius Poit<span>\u00a0<\/span>(Novo): 20%<\/li>\n<li>Edson Dorta<span>\u00a0<\/span>(PCO): 19%<\/li>\n<li>Gabriel Colombo<span>\u00a0<\/span>(PCB): 19%<\/li>\n<li>Carol Vigliar<span>\u00a0<\/span>(Unidade Popular): 17%<\/li>\n<li>Elvis Cezar<span>\u00a0<\/span>(PDT): 17%<\/li>\n<li>Rejeitam todos\/n\u00e3o votariam em nenhum: 8%<\/li>\n<li>Votaria em qualquer um\/n\u00e3o rejeita nenhum: 5%<\/li>\n<li>N\u00e3o souberam: 13%<\/li>\n<\/ul>\n<div class=\"mc-column content-text active-extra-styles\" data-block-type=\"raw\" data-block-weight=\"6\" data-block-id=\"12\">\n<div class=\"content-intertitle\">\n<h3>Eleitores que dizem conhecer o candidato<\/h3>\n<\/div>\n<\/div>\n<div class=\"mc-column content-text active-extra-styles \" data-block-type=\"unstyled\" data-block-weight=\"6\" data-block-id=\"13\">\n<p data-track-category=\"Link no Texto\" data-track-links=\"\"><strong>Resposta estimulada e m\u00faltipla, em %:<\/strong><\/p>\n<div class=\"ads post-ads\"><span class=\"title\">Continua ap\u00f3s a publicidade<\/span><\/p>\n<div id=\"abrAD_rectangle2\" class=\"abrAD\" data-ad-><\/div>\n<\/div>\n<\/div>\n<div class=\"mc-column content-text active-extra-styles\" data-block-type=\"raw\" data-block-weight=\"39\" data-block-id=\"14\">\n<ul>\n<li><strong>Fernando Haddad<\/strong> (PT): 89%<\/li>\n<li><strong>Tarc\u00edsio de Freitas<\/strong> (Republicanos): 35%<\/li>\n<li><strong>Rodrigo Garcia<\/strong> (PSDB): 35%<\/li>\n<li>Gabriel Colombo (PCB): 10%<\/li>\n<li>Vinicius Poit (Novo): 10%<\/li>\n<li>Edson Dorta (PCO): 8%<\/li>\n<li>Altino J\u00fanior (PSTU): 8%<\/li>\n<li>Elvis Cezar (PDT): 6%<\/li>\n<li>Carol Vigliar (Unidade Popular): 6%<\/li>\n<\/ul>\n<p>A <strong>Procuradoria Regional Eleitoral<\/strong> do Minist\u00e9rio P\u00fablico Federal (MPF) havia impugnado a candidatura de <strong>Geninho Zuliani<\/strong> (Uni\u00e3o), <a href=\"https:\/\/vejasp.abril.com.br\/cidades\/acordo-leva-a-garcia-ceder-vice-a-deputado-federal-do-uniao-brasil\/\" target=\"_blank\" rel=\"noopener\">candidato a vice na chapa de <strong>Rodrigo Garcia<\/strong><\/a> (PSDB) ao governo de S\u00e3o Paulo, alegando que ele est\u00e1 ineleg\u00edvel porque teve suas presta\u00e7\u00e3o de contas julgadas irregularidades quando era prefeito de <strong>Ol\u00edmpia<\/strong>, interior do estado.<\/p>\n<p>Ap\u00f3s apresenta\u00e7\u00e3o de contesta\u00e7\u00e3o por parte de <strong>Geninho<\/strong>, o Minist\u00e9rio P\u00fablico Eleitoral afirmou que houve erro no pedido de impugna\u00e7\u00e3o de sua candidatura e solicitou sua extin\u00e7\u00e3o. O Procurador Regional Eleitoral Auxiliar, <strong>Luiz Carlos dos Santos Gon\u00e7alves<\/strong>, protocolou pedido no final da tarde de hoje (18\/8). \u201cPor estas raz\u00f5es, requer o Minist\u00e9rio P\u00fablico que seja esta impugna\u00e7\u00e3o julgada, de logo, improcedente\u201d, diz trecho do texto.<\/p>\n<p>Desta maneira, Geninho Zuliani segue eleg\u00edvel.<\/p>\n<p><b>+<\/b><a href=\"https:\/\/abr.ai\/assine-vejasp\"><b>Assine a Vejinha a partir de 9,90.<\/b><\/a><b>\u00a0<\/b><\/p>\n<div id=\"relacionadas\" class=\"block  three_columns\">\n<ul class=\"block-menu\">\n<li data-tab=\"tab-1\" class=\"active\">Relacionadas<\/li>\n<\/ul>\n<div id=\"tab-1\" class=\"block-content active\">\n<ul class=\"relacionadas-s-img\">\n<li class=\"widget-news-item without-thumb with-border\">\n<div class=\"widget-news-info\"><a href=\"http:\/\/vejasp.abril.com.br\/cultura-lazer\">Cultura &amp; Lazer<\/a><span class=\"widget-news-item-title\"><a href=\"https:\/\/vejasp.abril.com.br\/cultura-lazer\/o-que-fazer-ferias-julho-2022\/\">De patins no gelo a quarto de Toy Story: 26 atra\u00e7\u00f5es imperd\u00edveis de f\u00e9rias<\/a><\/span><span class=\"widget-news-item-date\">24 jun 2022 &#8211; 06h06<\/span><\/div>\n<\/li>\n<li class=\"widget-news-item without-thumb with-border\">\n<div class=\"widget-news-info\"><a href=\"http:\/\/vejasp.abril.com.br\/cultura-lazer\">Cultura &amp; Lazer<\/a><span class=\"widget-news-item-title\"><a href=\"https:\/\/vejasp.abril.com.br\/cultura-lazer\/festival-das-cerejeiras-de-sao-roque-acontece-em-dois-finais-de-semana\/\">Festival das Cerejeiras de S\u00e3o Roque acontece em dois finais de semana<\/a><\/span><span class=\"widget-news-item-date\">27 jun 2022 &#8211; 17h06<\/span><\/div>\n<\/li>\n<li class=\"widget-news-item without-thumb with-border\">\n<div class=\"widget-news-info\"><a href=\"http:\/\/vejasp.abril.com.br\/cultura-lazer\">Cultura &amp; Lazer<\/a><span class=\"widget-news-item-title\"><a href=\"https:\/\/vejasp.abril.com.br\/cultura-lazer\/myra-ruiz-estrela-musical-dedicado-a-vida-da-argentina-evita-peron\/\">Myra Ruiz estrela musical ao ar livre dedicado \u00e0 vida de Evita Per\u00f3n<\/a><\/span><span class=\"widget-news-item-date\">24 jun 2022 &#8211; 06h06<\/span><\/div>\n<\/li>\n<\/ul>\n<\/div>\n<\/div>\n<\/div>\n<\/div>\n<\/div>\n<div class=\"ads post-ads\"><span class=\"title\">Continua ap\u00f3s a publicidade<\/span><\/p>\n<div id=\"abrAD_rectangle3\" class=\"abrAD\" data-ad-><\/div>\n<\/div>\n<p><br \/>\n<br \/><a href=\"https:\/\/vejasp.abril.com.br\/cidades\/datafolha-haddad-lidera-em-sp-com-38-seguido-por-tarcisio-e-rodrigo\/\">Fonte do Artigo <\/a><br \/>\nTags:<br \/>\n#loterias #loteriascaixa #megasena #resultadoapostas#noticias #noticiario  #noticia #brasil #noticiascolombia #mundo #esporte #colombia #noticiadeld #ltimasnoticias  #noticiario #noticiasregionales #noticiasdepartamentales #noticiashoy #esportes #noticiaahora #elinformantenoticias #noticiasdeboyac  #esporteinterativo #esportivo #diariodosesportes  #noticiero  #jogodefutebol #jogos #loto #apostas<\/p>\n","protected":false},"excerpt":{"rendered":"<p>Pesquisa do Instituto Datafolha divulgada nesta quinta-feira (18) e encomendada pelo jornal &#8220;Folha de S. Paulo&#8221; e pela TV Globo revela que Fernando Haddad (PT) lidera com 38%, embora tamb\u00e9m tenha\u00a0a maior rejei\u00e7\u00e3o entre os candidatos ao governo de S\u00e3o Paulo: 30% dos entrevistados n\u00e3o votariam de jeito nenhum no petista. LEIA MAIS | \u201cJ\u00e1 [&hellip;]<\/p>\n","protected":false},"author":1,"featured_media":74184,"comment_status":"open","ping_status":"open","sticky":false,"template":"","format":"standard","meta":{"footnotes":""},"categories":[1],"tags":[],"class_list":["post-74183","post","type-post","status-publish","format-standard","has-post-thumbnail","hentry","category-curso-de-copy"],"_links":{"self":[{"href":"https:\/\/wiy.com.br\/noticias\/wp-json\/wp\/v2\/posts\/74183","targetHints":{"allow":["GET"]}}],"collection":[{"href":"https:\/\/wiy.com.br\/noticias\/wp-json\/wp\/v2\/posts"}],"about":[{"href":"https:\/\/wiy.com.br\/noticias\/wp-json\/wp\/v2\/types\/post"}],"author":[{"embeddable":true,"href":"https:\/\/wiy.com.br\/noticias\/wp-json\/wp\/v2\/users\/1"}],"replies":[{"embeddable":true,"href":"https:\/\/wiy.com.br\/noticias\/wp-json\/wp\/v2\/comments?post=74183"}],"version-history":[{"count":0,"href":"https:\/\/wiy.com.br\/noticias\/wp-json\/wp\/v2\/posts\/74183\/revisions"}],"wp:featuredmedia":[{"embeddable":true,"href":"https:\/\/wiy.com.br\/noticias\/wp-json\/wp\/v2\/media\/74184"}],"wp:attachment":[{"href":"https:\/\/wiy.com.br\/noticias\/wp-json\/wp\/v2\/media?parent=74183"}],"wp:term":[{"taxonomy":"category","embeddable":true,"href":"https:\/\/wiy.com.br\/noticias\/wp-json\/wp\/v2\/categories?post=74183"},{"taxonomy":"post_tag","embeddable":true,"href":"https:\/\/wiy.com.br\/noticias\/wp-json\/wp\/v2\/tags?post=74183"}],"curies":[{"name":"wp","href":"https:\/\/api.w.org\/{rel}","templated":true}]}}