{"id":74158,"date":"2023-02-26T15:20:41","date_gmt":"2023-02-26T18:20:41","guid":{"rendered":"https:\/\/wiy.com.br\/noticias\/mp-recebe-pedido-para-investigar-bar-que-exibe-placa-contra-criancas\/"},"modified":"2022-08-12T14:05:08","modified_gmt":"2022-08-12T17:05:08","slug":"mp-recebe-pedido-para-investigar-bar-que-exibe-placa-contra-criancas","status":"publish","type":"post","link":"https:\/\/wiy.com.br\/noticias\/mp-recebe-pedido-para-investigar-bar-que-exibe-placa-contra-criancas\/","title":{"rendered":"MP recebe pedido para investigar bar que exibe placa contra crian\u00e7as"},"content":{"rendered":"<p> <br \/>\n<\/p>\n<p>O Minist\u00e9rio P\u00fablico de S\u00e3o Paulo (<strong>MPSP<\/strong>) recebeu uma representa\u00e7\u00e3o contra o bar e hamburgueria <strong>Borratxeria Parrilla<\/strong>, que fica localizado em Pinheiros, Zona Oeste da capital, ap\u00f3s o estabelecimento exibir uma placa com a frase &#8220;N\u00e3o odiamos <strong>crian\u00e7as<\/strong>, \u00e9 s\u00f3 a sua mesmo&#8221;. No passado, o local tamb\u00e9m j\u00e1 fez a\u00e7\u00f5es semelhantes exibindo piadas sobre viol\u00eancia contra a mulher.<\/p>\n<p><a href=\"https:\/\/vejasp.abril.com.br\/cultura-lazer\/mais-amados-2022\/\" target=\"_blank\" rel=\"noopener\"><strong>+ Os Mais Amados de S\u00e3o Paulo: conhe\u00e7a os 40 queridinhos da cidade<\/strong><\/a><\/p>\n<p>A den\u00fancia foi feita pela deputada federal <strong>S\u00e2mia Bomfim<\/strong> (PSOL-SP). Em um v\u00eddeo publicado nas redes sociais, a parlamentar afirma que o local est\u00e1 cometendo um crime. &#8220;Crian\u00e7as s\u00e3o detentoras de direito e elas s\u00e3o prioridade, quem diz isso \u00e9 a Constitui\u00e7\u00e3o Federal. Imagina se tivesse alguma outra minoria social no lugar de crian\u00e7a, n\u00e3o geraria estranhamento? Agora por que quando \u00e9 com crian\u00e7a a gente naturaliza, acha gra\u00e7a ou acha que \u00e9 aceit\u00e1vel que o restaurante estimule o \u00f3dio contra elas?&#8221;, questionou.<\/p>\n<p>A placa foi publicada no perfil do Instagram do bar, que em 2017 publicou um v\u00eddeo em que dois funcion\u00e1rios encenavam uma agress\u00e3o a mulher. Em outra ocasi\u00e3o, o local comparou crian\u00e7as a animais: &#8220;Aqui seu c\u00e3o \u00e9 bem vindo. Mas crian\u00e7as favor amarr\u00e1-las ao poste&#8221;.<\/p>\n<p>A representa\u00e7\u00e3o ser\u00e1 distribu\u00edda a um promotor, a quem caber\u00e1 avaliar se cabe a abertura de um inqu\u00e9rito.\u00a0 \u00c0 <strong>Vejinha, <\/strong>Santiago Roig, s\u00f3cio do Borratxeria, afirmou que a placa \u00e9 uma &#8220;brincadeira&#8221; e que o local n\u00e3o tem nenhum hist\u00f3rico de maus-tratos contra crian\u00e7as. &#8220;As 150 mil pessoas que acompanham a gente entenderam a brincadeira, a gente n\u00e3o tem nenhum hist\u00f3rico de maus-tratos com crian\u00e7as, pelo contr\u00e1rio. Teve gente que fez quest\u00e3o de postar fotos com crian\u00e7as no local. E tem coisas mais importantes para se importar&#8221;, afirmou.<\/p>\n<p>&#8220;Infelizmente tem pol\u00edticos que ganham palco com uma pauta besta, que d\u00e1 pol\u00eamica, gera engajamento, mas pouco resultado. A gente faz doa\u00e7\u00e3o, caridade com crian\u00e7as e isso nunca foi palco de nenhuma not\u00edcia, e uma piada chega a ser crime. \u00c9 muito claro que \u00e9 uma brincadeira, n\u00e3o tem nenhuma ofensa. N\u00e3o podemos esquecer que \u00e9 um bar, tem bebida alco\u00f3lica. A placa \u00e9 uma brincadeira com alguns clientes que deixam a crian\u00e7a solta, mal-criada, enchendo o saco. \u00c9 uma autobrincadeira comigo, eu vou ser pai. Quem sabe rir, sabe rir, a gente n\u00e3o vai mudar nosso posicionamento, nosso humor, quem n\u00e3o entende paci\u00eancia&#8221;.<\/p>\n<div class=\"mc-column content-text active-extra-styles \" data-block-type=\"unstyled\" data-block-weight=\"35\" data-block-id=\"8\">\n<div id=\"relacionadas\" class=\"block  three_columns\">\n<ul class=\"block-menu\">\n<li data-tab=\"tab-1\" class=\"active\">Relacionadas<\/li>\n<\/ul>\n<div id=\"tab-1\" class=\"block-content active\">\n<ul class=\"relacionadas-s-img\">\n<li class=\"widget-news-item without-thumb with-border\">\n<div class=\"widget-news-info\"><a href=\"http:\/\/vejasp.abril.com.br\/cultura-lazer\">Cultura &amp; Lazer<\/a><span class=\"widget-news-item-title\"><a href=\"https:\/\/vejasp.abril.com.br\/cultura-lazer\/museu-do-ipiranga-tera-evento-de-inauguracao-em-6-de-setembro\/\">Museu do Ipiranga ter\u00e1 evento de inaugura\u00e7\u00e3o em 6 de setembro<\/a><\/span><span class=\"widget-news-item-date\">12 ago 2022 &#8211; 11h08<\/span><\/div>\n<\/li>\n<li class=\"widget-news-item without-thumb with-border\">\n<div class=\"widget-news-info\"><a href=\"http:\/\/vejasp.abril.com.br\/cidades\">Cidades<\/a><span class=\"widget-news-item-title\"><a href=\"https:\/\/vejasp.abril.com.br\/cidades\/policia-faz-operacao-contra-diretores-do-sindicato-dos-motoristas\/\">Pol\u00edcia faz opera\u00e7\u00e3o contra diretores do Sindicato dos Motoristas<\/a><\/span><span class=\"widget-news-item-date\">12 ago 2022 &#8211; 09h08<\/span><\/div>\n<\/li>\n<li class=\"widget-news-item without-thumb with-border\">\n<div class=\"widget-news-info\"><a href=\"http:\/\/vejasp.abril.com.br\/cidades\">Cidades<\/a><span class=\"widget-news-item-title\"><a href=\"https:\/\/vejasp.abril.com.br\/cidades\/sp-vai-multar-em-r-2-mil-quem-passar-trotes-para-pm-e-bombeiros\/\">SP vai multar em R$ 2 mil quem passar trotes para a PM e Bombeiros<\/a><\/span><span class=\"widget-news-item-date\">11 ago 2022 &#8211; 13h08<\/span><\/div>\n<\/li>\n<\/ul>\n<\/div>\n<\/div>\n<\/div>\n<div class=\"mc-column content-text active-extra-styles \" data-block-type=\"unstyled\" data-block-weight=\"37\" data-block-id=\"9\"><\/div>\n<div class=\"ads post-ads\"><span class=\"title\">Continua ap\u00f3s a publicidade<\/span><\/p>\n<div id=\"abrAD_rectangle3\" class=\"abrAD\" data-ad-><\/div>\n<\/div>\n<p><br \/>\n<br \/><a href=\"https:\/\/vejasp.abril.com.br\/cidades\/deputada-pede-investigacao-de-bar-que-exibe-placa-contra-criancas\/\">Fonte do Artigo <\/a><br \/>\nTags:<br \/>\n#loterias #loteriascaixa #megasena #resultadoapostas#noticias #noticiario  #noticia #brasil #noticiascolombia #mundo #esporte #colombia #noticiadeld #ltimasnoticias  #noticiario #noticiasregionales #noticiasdepartamentales #noticiashoy #esportes #noticiaahora #elinformantenoticias #noticiasdeboyac  #esporteinterativo #esportivo #diariodosesportes  #noticiero  #jogodefutebol #jogos #loto #apostas<\/p>\n","protected":false},"excerpt":{"rendered":"<p>O Minist\u00e9rio P\u00fablico de S\u00e3o Paulo (MPSP) recebeu uma representa\u00e7\u00e3o contra o bar e hamburgueria Borratxeria Parrilla, que fica localizado em Pinheiros, Zona Oeste da capital, ap\u00f3s o estabelecimento exibir uma placa com a frase &#8220;N\u00e3o odiamos crian\u00e7as, \u00e9 s\u00f3 a sua mesmo&#8221;. No passado, o local tamb\u00e9m j\u00e1 fez a\u00e7\u00f5es semelhantes exibindo piadas sobre [&hellip;]<\/p>\n","protected":false},"author":1,"featured_media":74159,"comment_status":"open","ping_status":"open","sticky":false,"template":"","format":"standard","meta":{"footnotes":""},"categories":[1],"tags":[],"class_list":["post-74158","post","type-post","status-publish","format-standard","has-post-thumbnail","hentry","category-curso-de-copy"],"_links":{"self":[{"href":"https:\/\/wiy.com.br\/noticias\/wp-json\/wp\/v2\/posts\/74158","targetHints":{"allow":["GET"]}}],"collection":[{"href":"https:\/\/wiy.com.br\/noticias\/wp-json\/wp\/v2\/posts"}],"about":[{"href":"https:\/\/wiy.com.br\/noticias\/wp-json\/wp\/v2\/types\/post"}],"author":[{"embeddable":true,"href":"https:\/\/wiy.com.br\/noticias\/wp-json\/wp\/v2\/users\/1"}],"replies":[{"embeddable":true,"href":"https:\/\/wiy.com.br\/noticias\/wp-json\/wp\/v2\/comments?post=74158"}],"version-history":[{"count":0,"href":"https:\/\/wiy.com.br\/noticias\/wp-json\/wp\/v2\/posts\/74158\/revisions"}],"wp:featuredmedia":[{"embeddable":true,"href":"https:\/\/wiy.com.br\/noticias\/wp-json\/wp\/v2\/media\/74159"}],"wp:attachment":[{"href":"https:\/\/wiy.com.br\/noticias\/wp-json\/wp\/v2\/media?parent=74158"}],"wp:term":[{"taxonomy":"category","embeddable":true,"href":"https:\/\/wiy.com.br\/noticias\/wp-json\/wp\/v2\/categories?post=74158"},{"taxonomy":"post_tag","embeddable":true,"href":"https:\/\/wiy.com.br\/noticias\/wp-json\/wp\/v2\/tags?post=74158"}],"curies":[{"name":"wp","href":"https:\/\/api.w.org\/{rel}","templated":true}]}}