{"id":74085,"date":"2023-02-26T15:38:19","date_gmt":"2023-02-26T18:38:19","guid":{"rendered":"https:\/\/wiy.com.br\/noticias\/fernando-haddad-confirma-lucia-franca-como-vice\/"},"modified":"2022-08-07T01:05:11","modified_gmt":"2022-08-07T04:05:11","slug":"fernando-haddad-confirma-lucia-franca-como-vice","status":"publish","type":"post","link":"https:\/\/wiy.com.br\/noticias\/fernando-haddad-confirma-lucia-franca-como-vice\/","title":{"rendered":"Fernando Haddad confirma L\u00facia Fran\u00e7a como vice"},"content":{"rendered":"<p> <br \/>\n<\/p>\n<p>O candidato a governador de S\u00e3o Paulo e ex-prefeito da capital <strong>Fernando Haddad<\/strong> (PT) anunciou, nesta sexta-feira (5), a educadora <strong>L\u00facia Fran\u00e7a (PSB)<\/strong> como sua candidata a vice. Ela \u00e9 esposa de M\u00e1rcio Fran\u00e7a (PSB), candidato ao Senado pelo estado.<\/p>\n<p><a href=\"https:\/\/vejasp.abril.com.br\/coluna\/tudo-de-som\/3-perguntas-priscilla-alcantara\/\" target=\"_blank\" rel=\"noopener\"><strong>+ Do gospel ao pop: 3 perguntas para Priscilla Alc\u00e2ntara<\/strong><\/a><\/p>\n<p>&#8220;Depois de muitas tratativas com os seis partidos aliados em busca de uma mulher para compor a nossa chapa ao governo do Estado, pedi ao PSB que indicasse o nome. A indica\u00e7\u00e3o me chegou e n\u00e3o poderia me dar maior satisfa\u00e7\u00e3o: a educadora L\u00facia Fran\u00e7a ser\u00e1 a nossa vice&#8221;, afirmou Haddad nas redes sociais.<\/p>\n<p>L\u00facia tem 60 anos, \u00e9 professora, empres\u00e1ria e p\u00f3s-graduada em Direito Educacional. Foi presidente do Fundo Social de Solidariedade de S\u00e3o Vicente entre 1997 e 2004 e do estado de S\u00e3o Paulo em 2018.<\/p>\n<p>O candidato tentou convencer a ex-ministra <strong>Marina Silva<\/strong> (Rede) a ser sua vice, mas ela decidiu concorrer a deputada federal por S\u00e3o Paulo.\u00a0 Nos \u00faltimos meses, negociava com partidos aliados, como PSB, Rede e PSOL para indicar um nome.<\/p>\n<div id=\"relacionadas\" class=\"block  three_columns\">\n<ul class=\"block-menu\">\n<li data-tab=\"tab-1\" class=\"active\">Relacionadas<\/li>\n<\/ul>\n<div id=\"tab-1\" class=\"block-content active\">\n<ul class=\"relacionadas-s-img\">\n<li class=\"widget-news-item without-thumb with-border\">\n<div class=\"widget-news-info\"><a href=\"http:\/\/vejasp.abril.com.br\/cultura-lazer\">Cultura &amp; Lazer<\/a><span class=\"widget-news-item-title\"><a href=\"https:\/\/vejasp.abril.com.br\/cultura-lazer\/jo-soares-disse-em-2003-que-perdoou-homem-que-atropelou-sua-mae\/\">J\u00f4 Soares disse, em 2003, que perdoou homem que atropelou sua m\u00e3e<\/a><\/span><span class=\"widget-news-item-date\">5 ago 2022 &#8211; 18h08<\/span><\/div>\n<\/li>\n<li class=\"widget-news-item without-thumb with-border\">\n<div class=\"widget-news-info\"><a href=\"http:\/\/vejasp.abril.com.br\/cidades\">Cidades<\/a><span class=\"widget-news-item-title\"><a href=\"https:\/\/vejasp.abril.com.br\/cidades\/sp-decreta-luto-oficial-de-tres-dias-por-morte-de-jo-soares\/\">SP decreta luto oficial de tr\u00eas dias por morte de J\u00f4 Soares<\/a><\/span><span class=\"widget-news-item-date\">5 ago 2022 &#8211; 11h08<\/span><\/div>\n<\/li>\n<li class=\"widget-news-item without-thumb with-border\">\n<div class=\"widget-news-info\"><a href=\"http:\/\/vejasp.abril.com.br\/cultura-lazer\">Cultura &amp; Lazer<\/a><span class=\"widget-news-item-title\"><a href=\"https:\/\/vejasp.abril.com.br\/cultura-lazer\/papo-vejinha-johnny-hooker\/\">\u201cTenho um estresse p\u00f3s-traum\u00e1tico que se chama Brasil\u201d, diz Johnny Hooker<\/a><\/span><span class=\"widget-news-item-date\">5 ago 2022 &#8211; 06h08<\/span><\/div>\n<\/li>\n<li class=\"widget-news-item without-thumb with-border\">\n<div class=\"widget-news-info\"><a href=\"http:\/\/vejasp.abril.com.br\/cidades\">Cidades<\/a><span class=\"widget-news-item-title\"><a href=\"https:\/\/vejasp.abril.com.br\/cidades\/museu-do-ipiranga-acelera-restauro-do-jardim-frances-a-tempo-de-reabertura\/\">Museu do Ipiranga acelera restauro do jardim franc\u00eas a tempo de reabertura<\/a><\/span><span class=\"widget-news-item-date\">5 ago 2022 &#8211; 06h08<\/span><\/div>\n<\/li>\n<\/ul>\n<\/div>\n<\/div>\n<p><div class=\"ads post-ads\"><span class=\"title\">Continua ap\u00f3s a publicidade<\/span><\/p>\n<div id=\"abrAD_rectangle3\" class=\"abrAD\" data-ad-><\/div>\n<\/div>\n<p><br \/>\n<br \/><a href=\"https:\/\/vejasp.abril.com.br\/cidades\/fernando-haddad-confirma-lucia-franca-como-vice\/\">Fonte do Artigo <\/a><br \/>\nTags:<br \/>\n#loterias #loteriascaixa #megasena #resultadoapostas#noticias #noticiario  #noticia #brasil #noticiascolombia #mundo #esporte #colombia #noticiadeld #ltimasnoticias  #noticiario #noticiasregionales #noticiasdepartamentales #noticiashoy #esportes #noticiaahora #elinformantenoticias #noticiasdeboyac  #esporteinterativo #esportivo #diariodosesportes  #noticiero  #jogodefutebol #jogos #loto #apostas<\/p>\n","protected":false},"excerpt":{"rendered":"<p>O candidato a governador de S\u00e3o Paulo e ex-prefeito da capital Fernando Haddad (PT) anunciou, nesta sexta-feira (5), a educadora L\u00facia Fran\u00e7a (PSB) como sua candidata a vice. Ela \u00e9 esposa de M\u00e1rcio Fran\u00e7a (PSB), candidato ao Senado pelo estado. + Do gospel ao pop: 3 perguntas para Priscilla Alc\u00e2ntara &#8220;Depois de muitas tratativas com [&hellip;]<\/p>\n","protected":false},"author":1,"featured_media":74086,"comment_status":"open","ping_status":"open","sticky":false,"template":"","format":"standard","meta":{"footnotes":""},"categories":[1],"tags":[],"class_list":["post-74085","post","type-post","status-publish","format-standard","has-post-thumbnail","hentry","category-curso-de-copy"],"_links":{"self":[{"href":"https:\/\/wiy.com.br\/noticias\/wp-json\/wp\/v2\/posts\/74085","targetHints":{"allow":["GET"]}}],"collection":[{"href":"https:\/\/wiy.com.br\/noticias\/wp-json\/wp\/v2\/posts"}],"about":[{"href":"https:\/\/wiy.com.br\/noticias\/wp-json\/wp\/v2\/types\/post"}],"author":[{"embeddable":true,"href":"https:\/\/wiy.com.br\/noticias\/wp-json\/wp\/v2\/users\/1"}],"replies":[{"embeddable":true,"href":"https:\/\/wiy.com.br\/noticias\/wp-json\/wp\/v2\/comments?post=74085"}],"version-history":[{"count":0,"href":"https:\/\/wiy.com.br\/noticias\/wp-json\/wp\/v2\/posts\/74085\/revisions"}],"wp:featuredmedia":[{"embeddable":true,"href":"https:\/\/wiy.com.br\/noticias\/wp-json\/wp\/v2\/media\/74086"}],"wp:attachment":[{"href":"https:\/\/wiy.com.br\/noticias\/wp-json\/wp\/v2\/media?parent=74085"}],"wp:term":[{"taxonomy":"category","embeddable":true,"href":"https:\/\/wiy.com.br\/noticias\/wp-json\/wp\/v2\/categories?post=74085"},{"taxonomy":"post_tag","embeddable":true,"href":"https:\/\/wiy.com.br\/noticias\/wp-json\/wp\/v2\/tags?post=74085"}],"curies":[{"name":"wp","href":"https:\/\/api.w.org\/{rel}","templated":true}]}}