{"id":73966,"date":"2023-02-26T15:15:20","date_gmt":"2023-02-26T18:15:20","guid":{"rendered":"https:\/\/wiy.com.br\/noticias\/nunes-promete-inicio-da-revisao-semaforica-da-cidade-para-setembro\/"},"modified":"2022-07-29T00:05:10","modified_gmt":"2022-07-29T03:05:10","slug":"nunes-promete-inicio-da-revisao-semaforica-da-cidade-para-setembro","status":"publish","type":"post","link":"https:\/\/wiy.com.br\/noticias\/nunes-promete-inicio-da-revisao-semaforica-da-cidade-para-setembro\/","title":{"rendered":"Nunes promete in\u00edcio da revis\u00e3o semaf\u00f3rica da cidade para setembro"},"content":{"rendered":"<p> <br \/>\n<\/p>\n<p>Depois de prometer para julho deste ano o in\u00edcio da revis\u00e3o dos sem\u00e1foros e instala\u00e7\u00e3o de equipamentos mais modernos nos cruzamentos das ruas da capital, o prefeito <strong>Ricardo Nunes (MDB)<\/strong> diz que a nova previs\u00e3o agora \u00e9 para setembro, dois meses ap\u00f3s a data informada anteriormente.<\/p>\n<p><strong><a href=\"https:\/\/vejasp.abril.com.br\/cidades\/prefeitura-devera-pagar-r-15-mil-a-ciclista-que-se-acidentou-em-ciclovia\/\">+Prefeitura dever\u00e1 pagar R$ 15 mil a ciclista que se acidentou em ciclovia<\/a><\/strong><\/p>\n<p>Isso, por\u00e9m, vai depender do resultado da sess\u00e3o de julgamento do <strong>TCM (Tribunal de Contas do Munic\u00edpio)<\/strong> a respeito da quest\u00e3o, marcada para o dia 10 de agosto. Segundo a assessoria de imprensa do TCM, o conselheiro\u00a0<strong>Jo\u00e3o Antonio da Silva Filho<\/strong>, que al\u00e9m de presidente do \u00f3rg\u00e3o \u00e9 relator da mat\u00e9ria na corte, deve apresentar o seu parecer no dia 5 de agosto. O documento com os seus apontamentos ser\u00e1 analisado pelos demais conselheiros para depois ser votado.<\/p>\n<p>Inicialmente a proposta da prefeitura era a de fazer a revis\u00e3o de parte do deficit\u00e1rio parque semaf\u00f3rico da capital \u2013os equipamentos est\u00e3o presentes em 6 659 cruzamentos\u2013 por meio de um edital, que estava emperrado desde 2019. A licita\u00e7\u00e3o de cerca de 900 milh\u00f5es de reais foi liberada no fim de fevereiro pelo TCM. O edital prev\u00ea melhorias em cerca de 2 600 sem\u00e1foros da cidade e a manuten\u00e7\u00e3o de 5 800, num prazo de sessenta meses.<\/p>\n<p><strong><a href=\"https:\/\/vejasp.abril.com.br\/cidades\/homem-se-fere-apos-fazer-rinoplastia-caseira-seguindo-dicas-da-internet\/\">+Homem se fere ap\u00f3s fazer rinoplastia caseira seguindo dicas da internet<\/a><\/strong><\/p>\n<p>Alegando ser mais econ\u00f4mico, a prefeitura preferiu n\u00e3o fazer o edital, mas sim optou que a manuten\u00e7\u00e3o semaf\u00f3rica fosse inclu\u00edda por meio de um aditivo no contrato j\u00e1 vigente da parceria p\u00fablico-privada (PPP) da ilumina\u00e7\u00e3o p\u00fablica. A ideia \u00e9 que a mesma equipe que cuida dos pontos de luz trate dos sem\u00e1foros, medida que pode gerar uma economia de 300 milh\u00f5es de reais aos cofres p\u00fablicos, diz a prefeitura.<\/p>\n<p>Atualmente quem cuida da manuten\u00e7\u00e3o dos sem\u00e1foros da capital \u00e9 a <strong>CET (Companhia de Engenharia de Tr\u00e1fego)<\/strong> e empresas especializadas. O contrato que elas firmaram para realizar o servi\u00e7o termina neste ano.<\/p>\n<div class=\"ads post-ads\"><span class=\"title\">Continua ap\u00f3s a publicidade<\/span><\/p>\n<div id=\"abrAD_rectangle2\" class=\"abrAD\" data-ad-><\/div>\n<\/div>\n<p><strong><a href=\"https:\/\/vejasp.abril.com.br\/saude\/oms-pede-reducao-de-parceiros-sexuais-para-reduzir-propagacao-da-variola\/\">+OMS pede redu\u00e7\u00e3o de parceiros sexuais para reduzir propaga\u00e7\u00e3o da var\u00edola dos macacos<\/a><\/strong><\/p>\n<p>No dia 21 de julho foi feita uma mesa t\u00e9cnica no TCM para an\u00e1lise deste aditivo. Entre outras coisas os conselheiros queriam entender as bases jur\u00eddicas que levou a prefeitura a fazer a op\u00e7\u00e3o; a conex\u00e3o que existe entre os servi\u00e7os de moderniza\u00e7\u00e3o e manuten\u00e7\u00e3o semaf\u00f3rica; justificativas t\u00e9cnicas e a comprova\u00e7\u00e3o de que realmente \u00e9 mais econ\u00f4mico do que seguir com a licita\u00e7\u00e3o.<\/p>\n<p><strong>Vandalismo<\/strong><\/p>\n<p>Dados da CET indicam aumento de 47,43% na quantidade de sem\u00e1foros vandalizados de janeiro a julho deste ano, em rela\u00e7\u00e3o a igual per\u00edodo de 2021. As ocorr\u00eancias saltaram de 2 357 no primeiro semestre de 2021 para 3 475 no mesmo per\u00edodo deste ano.<\/p>\n<p><strong><a href=\"https:\/\/vejasp.abril.com.br\/cidades\/empresas-oferecem-646-milhoes-de-reais-para-gerir-22-cemiterios-da-capital\/\">+Empresas oferecem 646 milh\u00f5es de reais para gerir 22 cemit\u00e9rios da capital<\/a><\/strong><\/p>\n<p>Isso ocorre devido ao furto e roubo de fia\u00e7\u00e3o el\u00e9trica. Nos 180 primeiros dias de 2022, a CET foi obrigada a reinstalar 231 quil\u00f4metros de fia\u00e7\u00e3o el\u00e9trica.<\/p>\n<p>Reportagem publicada pela<strong> Vejinha<\/strong> no in\u00edcio de mar\u00e7o deste ano mostrou <a href=\"https:\/\/vejasp.abril.com.br\/cidades\/vandalismo-semaforos-2\/\">quais foram os pontos que mais registravam, \u00e0 \u00e9poca, os casos de vandalismo<\/a>.<\/p>\n<div id=\"relacionadas\" class=\"block  three_columns\">\n<ul class=\"block-menu\">\n<li data-tab=\"tab-1\" class=\"active\">Relacionadas<\/li>\n<\/ul>\n<div id=\"tab-1\" class=\"block-content active\">\n<ul class=\"relacionadas-s-img\">\n<li class=\"widget-news-item without-thumb with-border\">\n<div class=\"widget-news-info\"><a href=\"http:\/\/vejasp.abril.com.br\/cidades\">Cidades<\/a><span class=\"widget-news-item-title\"><a href=\"https:\/\/vejasp.abril.com.br\/cidades\/prefeitura-devera-pagar-r-15-mil-a-ciclista-que-se-acidentou-em-ciclovia\/\">Prefeitura dever\u00e1 pagar R$ 15 mil a ciclista que se acidentou em ciclovia<\/a><\/span><span class=\"widget-news-item-date\">28 jul 2022 &#8211; 12h07<\/span><\/div>\n<\/li>\n<li class=\"widget-news-item without-thumb with-border\">\n<div class=\"widget-news-info\"><a href=\"http:\/\/vejasp.abril.com.br\/cidades\">Cidades<\/a><span class=\"widget-news-item-title\"><a href=\"https:\/\/vejasp.abril.com.br\/cidades\/homem-se-fere-apos-fazer-rinoplastia-caseira-seguindo-dicas-da-internet\/\">Homem se fere ap\u00f3s fazer rinoplastia caseira seguindo dicas da internet<\/a><\/span><span class=\"widget-news-item-date\">28 jul 2022 &#8211; 11h07<\/span><\/div>\n<\/li>\n<li class=\"widget-news-item without-thumb with-border\">\n<div class=\"widget-news-info\"><a href=\"http:\/\/vejasp.abril.com.br\/saude\">Sa\u00fade<\/a><span class=\"widget-news-item-title\"><a href=\"https:\/\/vejasp.abril.com.br\/saude\/paciente-e-declarado-curado-do-hiv-apos-receber-celulas-tronco\/\">Paciente \u00e9 declarado curado do HIV ap\u00f3s receber c\u00e9lulas-tronco<\/a><\/span><span class=\"widget-news-item-date\">28 jul 2022 &#8211; 10h07<\/span><\/div>\n<\/li>\n<\/ul>\n<\/div>\n<\/div>\n<div class=\"ads post-ads\"><span class=\"title\">Continua ap\u00f3s a publicidade<\/span><\/p>\n<div id=\"abrAD_rectangle3\" class=\"abrAD\" data-ad-><\/div>\n<\/div>\n<p><br \/>\n<br \/><a href=\"https:\/\/vejasp.abril.com.br\/cidades\/nunes-promete-inicio-da-revisao-semaforica-da-cidade-para-setembro\/\">Fonte do Artigo <\/a><br \/>\nTags:<br \/>\n#loterias #loteriascaixa #megasena #resultadoapostas#noticias #noticiario  #noticia #brasil #noticiascolombia #mundo #esporte #colombia #noticiadeld #ltimasnoticias  #noticiario #noticiasregionales #noticiasdepartamentales #noticiashoy #esportes #noticiaahora #elinformantenoticias #noticiasdeboyac  #esporteinterativo #esportivo #diariodosesportes  #noticiero  #jogodefutebol #jogos #loto #apostas<\/p>\n","protected":false},"excerpt":{"rendered":"<p>Depois de prometer para julho deste ano o in\u00edcio da revis\u00e3o dos sem\u00e1foros e instala\u00e7\u00e3o de equipamentos mais modernos nos cruzamentos das ruas da capital, o prefeito Ricardo Nunes (MDB) diz que a nova previs\u00e3o agora \u00e9 para setembro, dois meses ap\u00f3s a data informada anteriormente. +Prefeitura dever\u00e1 pagar R$ 15 mil a ciclista que [&hellip;]<\/p>\n","protected":false},"author":1,"featured_media":73967,"comment_status":"open","ping_status":"open","sticky":false,"template":"","format":"standard","meta":{"footnotes":""},"categories":[1],"tags":[],"class_list":["post-73966","post","type-post","status-publish","format-standard","has-post-thumbnail","hentry","category-curso-de-copy"],"_links":{"self":[{"href":"https:\/\/wiy.com.br\/noticias\/wp-json\/wp\/v2\/posts\/73966","targetHints":{"allow":["GET"]}}],"collection":[{"href":"https:\/\/wiy.com.br\/noticias\/wp-json\/wp\/v2\/posts"}],"about":[{"href":"https:\/\/wiy.com.br\/noticias\/wp-json\/wp\/v2\/types\/post"}],"author":[{"embeddable":true,"href":"https:\/\/wiy.com.br\/noticias\/wp-json\/wp\/v2\/users\/1"}],"replies":[{"embeddable":true,"href":"https:\/\/wiy.com.br\/noticias\/wp-json\/wp\/v2\/comments?post=73966"}],"version-history":[{"count":0,"href":"https:\/\/wiy.com.br\/noticias\/wp-json\/wp\/v2\/posts\/73966\/revisions"}],"wp:featuredmedia":[{"embeddable":true,"href":"https:\/\/wiy.com.br\/noticias\/wp-json\/wp\/v2\/media\/73967"}],"wp:attachment":[{"href":"https:\/\/wiy.com.br\/noticias\/wp-json\/wp\/v2\/media?parent=73966"}],"wp:term":[{"taxonomy":"category","embeddable":true,"href":"https:\/\/wiy.com.br\/noticias\/wp-json\/wp\/v2\/categories?post=73966"},{"taxonomy":"post_tag","embeddable":true,"href":"https:\/\/wiy.com.br\/noticias\/wp-json\/wp\/v2\/tags?post=73966"}],"curies":[{"name":"wp","href":"https:\/\/api.w.org\/{rel}","templated":true}]}}