{"id":73776,"date":"2023-02-26T15:14:14","date_gmt":"2023-02-26T18:14:14","guid":{"rendered":"https:\/\/wiy.com.br\/noticias\/mpsp-cobra-documentacao-de-predios-atingidos-por-incendio-no-centro\/"},"modified":"2022-07-14T03:05:07","modified_gmt":"2022-07-14T06:05:07","slug":"mpsp-cobra-documentacao-de-predios-atingidos-por-incendio-no-centro","status":"publish","type":"post","link":"https:\/\/wiy.com.br\/noticias\/mpsp-cobra-documentacao-de-predios-atingidos-por-incendio-no-centro\/","title":{"rendered":"MPSP cobra documenta\u00e7\u00e3o de pr\u00e9dios atingidos por inc\u00eandio no centro"},"content":{"rendered":"<p> <br \/>\n<\/p>\n<p>A Promotoria de Justi\u00e7a de Habita\u00e7\u00e3o e Urbanismo do Minist\u00e9rio P\u00fablico de S\u00e3o Paulo (<strong>MPSP<\/strong>) pediu que o Corpo de Bombeiros informe se pr\u00e9dios atingidos pelo <a href=\"https:\/\/vejasp.abril.com.br\/cidades\/ja-dura-mais-de-40-horas-acao-de-bombeiros-em-incendio-no-centro-de-sp\/\" target=\"_blank\" rel=\"noopener\">inc\u00eandio na regi\u00e3o da Rua 25 de Mar\u00e7o<\/a> estavam com a documenta\u00e7\u00e3o regular. O fogo teve in\u00edcio na noite do \u00faltimo domingo (10) e s\u00f3 foi extinto nesta quarta (13), mas alguns pr\u00e9dios correm o risco de desabar.<\/p>\n<p><a href=\"https:\/\/vejasp.abril.com.br\/cidades\/bombeiros-entram-em-4o-dia-de-combate-a-fogo-em-predio-no-centro\/\" target=\"_blank\" rel=\"noopener\"><strong>+ Bombeiros entram em 4\u00ba dia de combate a fogo em pr\u00e9dio no centro<\/strong><\/a><\/p>\n<p>O promotor Roberto Lu\u00eds Pimentel questionou a corpora\u00e7\u00e3o sobre <strong>fiscaliza\u00e7\u00f5es<\/strong> recentes feita nos im\u00f3veis, e se eles tinham <strong>Auto de Vistoria<\/strong> ou Certificado de Licenciamento do Corpo de Bombeiros. O MPSP tamb\u00e9m pergunta se j\u00e1 est\u00e1 em curso um planejamento para aumentar as vistorias na regi\u00e3o, considerando que a rua de com\u00e9rcio popular tem diversos estabelecimentos que desempenham &#8220;atividades com uso de <strong>materiais inflam\u00e1veis<\/strong>&#8220;.<\/p>\n<p>No documento, o promotor relembra que a <strong>Rua 25 de Mar\u00e7o<\/strong> j\u00e1 foi alvo de outros inc\u00eandios de grande propor\u00e7\u00e3o em 2018, por exemplo, quando foi atingido um pr\u00e9dio com lojas e uma f\u00e1brica de tecidos.<\/p>\n<p>A <strong>Prefeitura<\/strong> pretende entrar com uma a\u00e7\u00e3o na Justi\u00e7a pedindo autoriza\u00e7\u00e3o emergencial para demolir um pr\u00e9dio de 10 andares na Rua Comendador Abdo Schahin, 78, que estava em chamas at\u00e9 esta quarta e corre o risco de <strong>desabar<\/strong>. Em nota, a gest\u00e3o afirmou que &#8220;isso est\u00e1 sendo feito com a urg\u00eancia que o caso requer&#8221;. O prefeito <strong>Ricardo Nunes<\/strong> (MDB) disse que ser\u00e1 feita uma implos\u00e3o no local, decis\u00e3o que foi tomada ap\u00f3s conclus\u00e3o de um laudo t\u00e9cnico emitido pelo engenheiro da Subprefeitura da S\u00e9, \u00c1lvaro de Godoy Filho, que constatou &#8220;comprometimento das estruturas de sustenta\u00e7\u00e3o&#8221; em fun\u00e7\u00e3o do inc\u00eandio.<\/p>\n<p>Em vistoria realizada na \u00faltima ter\u00e7a (12), o engenheiro identificou que <strong>nove edif\u00edcios<\/strong> da \u00e1rea correm <strong>risco de desabamento<\/strong>, por isso eles foram interditados de maneira parcial ou total.\u00a0Os im\u00f3veis s\u00e3o comerciais e ficam nos seguintes endere\u00e7os:<\/p>\n<p>Rua Cavalheiro Bas\u00edlio Jafet, 115<br \/>\nRua Bar\u00e3o de Duprat, 41<br \/>\nRua Bar\u00e3o de Duprat, 39<br \/>\nRua Cavalheiro Basilio Jafet, 127<br \/>\nRua 25 de mar\u00e7o, 734<br \/>\nRua Cavalheiro Bas\u00edlio Jafet, 107<br \/>\nRua 25 de mar\u00e7o, 702<br \/>\nRua Comandante Abdo Schahin, 94<br \/>\nRua Comandante Abdo Schahin, 78<\/p>\n<p>Como o trabalho do Corpo dos Bombeiros continua, as ruas Comendador Abdo Schain em toda extens\u00e3o est\u00e1 bloqueada, bem como a rua Rua Carlos de Souza Nazar\u00e9 no cruzamento com a Rua 25 de Mar\u00e7o. Tr\u00eas linhas de \u00f4nibus foram desviadas.<\/p>\n<div id=\"relacionadas\" class=\"block  three_columns\">\n<ul class=\"block-menu\">\n<li data-tab=\"tab-1\" class=\"active\">Relacionadas<\/li>\n<\/ul>\n<div id=\"tab-1\" class=\"block-content active\">\n<ul class=\"relacionadas-s-img\">\n<li class=\"widget-news-item without-thumb with-border\">\n<div class=\"widget-news-info\"><a href=\"http:\/\/vejasp.abril.com.br\/cidades\">Cidades<\/a><span class=\"widget-news-item-title\"><a href=\"https:\/\/vejasp.abril.com.br\/cidades\/a-cada-dois-minutos-um-motorista-da-capital-e-multado-por-usar-celular\/\">A cada dois minutos um motorista da capital \u00e9 multado por usar celular<\/a><\/span><span class=\"widget-news-item-date\">13 jul 2022 &#8211; 17h07<\/span><\/div>\n<\/li>\n<li class=\"widget-news-item without-thumb with-border\">\n<div class=\"widget-news-info\"><a href=\"http:\/\/vejasp.abril.com.br\/cidades\">Cidades<\/a><span class=\"widget-news-item-title\"><a href=\"https:\/\/vejasp.abril.com.br\/cidades\/prisoes-de-estupradores-aumentam-60-no-estado-em-2022\/\">Pris\u00f5es de estupradores aumentam 60% no estado em 2022<\/a><\/span><span class=\"widget-news-item-date\">13 jul 2022 &#8211; 15h07<\/span><\/div>\n<\/li>\n<li class=\"widget-news-item without-thumb with-border\">\n<div class=\"widget-news-info\"><a href=\"http:\/\/vejasp.abril.com.br\/cidades\">Cidades<\/a><span class=\"widget-news-item-title\"><a href=\"https:\/\/vejasp.abril.com.br\/cidades\/mulher-mantida-em-carcere-privado-e-resgatada-apos-bilhete-para-vizinha\/\">Mulher mantida em c\u00e1rcere privado \u00e9 resgatada ap\u00f3s bilhete para vizinha<\/a><\/span><span class=\"widget-news-item-date\">13 jul 2022 &#8211; 12h07<\/span><\/div>\n<\/li>\n<\/ul>\n<\/div>\n<\/div>\n<div class=\"ads post-ads\"><span class=\"title\">Continua ap\u00f3s a publicidade<\/span><\/p>\n<div id=\"abrAD_rectangle3\" class=\"abrAD\" data-ad-><\/div>\n<\/div>\n<p><br \/>\n<br \/><a href=\"https:\/\/vejasp.abril.com.br\/cidades\/mpsp-cobra-documentacao-de-predios-atingidos-por-incendio-no-centro\/\">Fonte do Artigo <\/a><br \/>\nTags:<br \/>\n#loterias #loteriascaixa #megasena #resultadoapostas#noticias #noticiario  #noticia #brasil #noticiascolombia #mundo #esporte #colombia #noticiadeld #ltimasnoticias  #noticiario #noticiasregionales #noticiasdepartamentales #noticiashoy #esportes #noticiaahora #elinformantenoticias #noticiasdeboyac  #esporteinterativo #esportivo #diariodosesportes  #noticiero  #jogodefutebol #jogos #loto #apostas<\/p>\n","protected":false},"excerpt":{"rendered":"<p>A Promotoria de Justi\u00e7a de Habita\u00e7\u00e3o e Urbanismo do Minist\u00e9rio P\u00fablico de S\u00e3o Paulo (MPSP) pediu que o Corpo de Bombeiros informe se pr\u00e9dios atingidos pelo inc\u00eandio na regi\u00e3o da Rua 25 de Mar\u00e7o estavam com a documenta\u00e7\u00e3o regular. O fogo teve in\u00edcio na noite do \u00faltimo domingo (10) e s\u00f3 foi extinto nesta quarta [&hellip;]<\/p>\n","protected":false},"author":1,"featured_media":73762,"comment_status":"open","ping_status":"open","sticky":false,"template":"","format":"standard","meta":{"footnotes":""},"categories":[1],"tags":[],"class_list":["post-73776","post","type-post","status-publish","format-standard","has-post-thumbnail","hentry","category-curso-de-copy"],"_links":{"self":[{"href":"https:\/\/wiy.com.br\/noticias\/wp-json\/wp\/v2\/posts\/73776","targetHints":{"allow":["GET"]}}],"collection":[{"href":"https:\/\/wiy.com.br\/noticias\/wp-json\/wp\/v2\/posts"}],"about":[{"href":"https:\/\/wiy.com.br\/noticias\/wp-json\/wp\/v2\/types\/post"}],"author":[{"embeddable":true,"href":"https:\/\/wiy.com.br\/noticias\/wp-json\/wp\/v2\/users\/1"}],"replies":[{"embeddable":true,"href":"https:\/\/wiy.com.br\/noticias\/wp-json\/wp\/v2\/comments?post=73776"}],"version-history":[{"count":0,"href":"https:\/\/wiy.com.br\/noticias\/wp-json\/wp\/v2\/posts\/73776\/revisions"}],"wp:featuredmedia":[{"embeddable":true,"href":"https:\/\/wiy.com.br\/noticias\/wp-json\/wp\/v2\/media\/73762"}],"wp:attachment":[{"href":"https:\/\/wiy.com.br\/noticias\/wp-json\/wp\/v2\/media?parent=73776"}],"wp:term":[{"taxonomy":"category","embeddable":true,"href":"https:\/\/wiy.com.br\/noticias\/wp-json\/wp\/v2\/categories?post=73776"},{"taxonomy":"post_tag","embeddable":true,"href":"https:\/\/wiy.com.br\/noticias\/wp-json\/wp\/v2\/tags?post=73776"}],"curies":[{"name":"wp","href":"https:\/\/api.w.org\/{rel}","templated":true}]}}