{"id":73723,"date":"2023-02-26T15:43:37","date_gmt":"2023-02-26T18:43:37","guid":{"rendered":"https:\/\/wiy.com.br\/noticias\/marcha-para-jesus-bloqueia-vias-no-centro-e-zona-norte-em-sao-paulo\/"},"modified":"2022-07-10T01:05:12","modified_gmt":"2022-07-10T04:05:12","slug":"marcha-para-jesus-bloqueia-vias-no-centro-e-zona-norte-em-sao-paulo","status":"publish","type":"post","link":"https:\/\/wiy.com.br\/noticias\/marcha-para-jesus-bloqueia-vias-no-centro-e-zona-norte-em-sao-paulo\/","title":{"rendered":"Marcha para Jesus bloqueia vias no centro e Zona Norte em S\u00e3o Paulo"},"content":{"rendered":"<p> <br \/>\n<\/p>\n<p>O evento gospel <strong>Marcha para Jesus<\/strong>, realizado pela Igreja Renascer em Cristo, teve in\u00edcio \u00e0s 10h deste s\u00e1bado (9) em S\u00e3o Paulo e ter\u00e1 caminhada, shows musicais e apresenta\u00e7\u00f5es de pastores, al\u00e9m da presen\u00e7a de pol\u00edticos. Por conta disso, a Companhia de Engenharia de Tr\u00e1fego (<strong>CET<\/strong>) bloqueou algumas vias da cidade, na regi\u00e3o central e na Zona Norte.<\/p>\n<p><a href=\"https:\/\/vejasp.abril.com.br\/cidades\/novos-negocios-centro-sp\/\" target=\"_blank\" rel=\"noopener\"><strong>+ Novos neg\u00f3cios abrem as portas no Centro apesar da onda de viol\u00eancia<\/strong><\/a><\/p>\n<p>Confirmaram presen\u00e7a o presidente <strong>Jair Bolsonaro<\/strong> (PL), o governador de S\u00e3o Paulo, <strong>Rodrigo Garcia<\/strong> (PSDB) e tamb\u00e9m a senadora e pr\u00e9-candidata \u00e0 presid\u00eancia <strong>Simone Tebet<\/strong> (MDB).<\/p>\n<p>A concentra\u00e7\u00e3o do ato \u00e9 em frente a esta\u00e7\u00e3o Luz do Metr\u00f4, no centro, e a marcha segue na Avenida Tiradentes, em dire\u00e7\u00e3o a <strong>Avenida Santos Dumont<\/strong> at\u00e9 a Pra\u00e7a Her\u00f3is da For\u00e7a Expedicion\u00e1ria Brasileira, em Santana, um trajeto de 3,5 quil\u00f4metros. L\u00e1, haver\u00e1 shows e prega\u00e7\u00e3o.<\/p>\n<p>Para a Marcha, ficar\u00e3o interditadas as pistas local e central da Avenida Tiradentes (sentido Aeroporto) entre a Pra\u00e7a da Luz e Rua dos Bandeirantes at\u00e9 \u00e0s 12h30; a pista central da Avenida Tiradentes, (sentido Santana) entre as ruas Mau\u00e1 e dos Bandeirantes at\u00e9 \u00e0s 12h30; a Avenida Santos Dumont, nos dois sentidos, entre a rua dos Bandeirantes e Ponte das Bandeiras at\u00e9 \u00e0s 13h; a Avenida Santos Dumont, nos dois sentidos, entre a Ponte das Bandeiras e Pra\u00e7a Campo de Bagatelle, at\u00e9 \u00e0s 14h30; e a Pra\u00e7a Campo de Bagatelle at\u00e9 \u00e0s 15h.<\/p>\n<div id=\"relacionadas\" class=\"block  three_columns\">\n<ul class=\"block-menu\">\n<li data-tab=\"tab-1\" class=\"active\">Relacionadas<\/li>\n<\/ul>\n<div id=\"tab-1\" class=\"block-content active\">\n<ul class=\"relacionadas-s-img\">\n<li class=\"widget-news-item without-thumb with-border\">\n<div class=\"widget-news-info\"><a href=\"http:\/\/vejasp.abril.com.br\/cidades\">Cidades<\/a><span class=\"widget-news-item-title\"><a href=\"https:\/\/vejasp.abril.com.br\/cidades\/alianca-com-uniao-brasil-dara-mais-de-quatro-minutos-de-tv-a-garcia\/\">Alian\u00e7a com Uni\u00e3o Brasil dar\u00e1 mais de quatro minutos de TV a Garcia<\/a><\/span><span class=\"widget-news-item-date\">8 jul 2022 &#8211; 17h07<\/span><\/div>\n<\/li>\n<li class=\"widget-news-item without-thumb with-border\">\n<div class=\"widget-news-info\"><a href=\"http:\/\/vejasp.abril.com.br\/cidades\">Cidades<\/a><span class=\"widget-news-item-title\"><a href=\"https:\/\/vejasp.abril.com.br\/cidades\/prefeitura-pede-suspensao-de-iptu-de-dono-de-trecho-do-villa-lobos\/\">Prefeitura pede suspens\u00e3o de IPTU de \u201cdono de trecho do Villa-Lobos\u201d<\/a><\/span><span class=\"widget-news-item-date\">8 jul 2022 &#8211; 15h07<\/span><\/div>\n<\/li>\n<li class=\"widget-news-item without-thumb with-border\">\n<div class=\"widget-news-info\"><a href=\"http:\/\/vejasp.abril.com.br\/cidades\">Cidades<\/a><span class=\"widget-news-item-title\"><a href=\"https:\/\/vejasp.abril.com.br\/cidades\/feriado-de-9-de-julho-em-sao-paulo-altera-funcionamento-de-servicos\/\">Feriado de 9 de julho em S\u00e3o Paulo altera funcionamento de servi\u00e7os<\/a><\/span><span class=\"widget-news-item-date\">8 jul 2022 &#8211; 13h07<\/span><\/div>\n<\/li>\n<\/ul>\n<\/div>\n<\/div>\n<div class=\"ads post-ads\"><span class=\"title\">Continua ap\u00f3s a publicidade<\/span><\/p>\n<div id=\"abrAD_rectangle3\" class=\"abrAD\" data-ad-><\/div>\n<\/div>\n<p><br \/>\n<br \/><a href=\"https:\/\/vejasp.abril.com.br\/cidades\/marcha-para-jesus-bloqueia-vias-no-centro-e-zona-norte-em-sao-paulo\/\">Fonte do Artigo <\/a><br \/>\nTags:<br \/>\n#loterias #loteriascaixa #megasena #resultadoapostas#noticias #noticiario  #noticia #brasil #noticiascolombia #mundo #esporte #colombia #noticiadeld #ltimasnoticias  #noticiario #noticiasregionales #noticiasdepartamentales #noticiashoy #esportes #noticiaahora #elinformantenoticias #noticiasdeboyac  #esporteinterativo #esportivo #diariodosesportes  #noticiero  #jogodefutebol #jogos #loto #apostas<\/p>\n","protected":false},"excerpt":{"rendered":"<p>O evento gospel Marcha para Jesus, realizado pela Igreja Renascer em Cristo, teve in\u00edcio \u00e0s 10h deste s\u00e1bado (9) em S\u00e3o Paulo e ter\u00e1 caminhada, shows musicais e apresenta\u00e7\u00f5es de pastores, al\u00e9m da presen\u00e7a de pol\u00edticos. Por conta disso, a Companhia de Engenharia de Tr\u00e1fego (CET) bloqueou algumas vias da cidade, na regi\u00e3o central e [&hellip;]<\/p>\n","protected":false},"author":1,"featured_media":73724,"comment_status":"open","ping_status":"open","sticky":false,"template":"","format":"standard","meta":{"footnotes":""},"categories":[1],"tags":[],"class_list":["post-73723","post","type-post","status-publish","format-standard","has-post-thumbnail","hentry","category-curso-de-copy"],"_links":{"self":[{"href":"https:\/\/wiy.com.br\/noticias\/wp-json\/wp\/v2\/posts\/73723","targetHints":{"allow":["GET"]}}],"collection":[{"href":"https:\/\/wiy.com.br\/noticias\/wp-json\/wp\/v2\/posts"}],"about":[{"href":"https:\/\/wiy.com.br\/noticias\/wp-json\/wp\/v2\/types\/post"}],"author":[{"embeddable":true,"href":"https:\/\/wiy.com.br\/noticias\/wp-json\/wp\/v2\/users\/1"}],"replies":[{"embeddable":true,"href":"https:\/\/wiy.com.br\/noticias\/wp-json\/wp\/v2\/comments?post=73723"}],"version-history":[{"count":0,"href":"https:\/\/wiy.com.br\/noticias\/wp-json\/wp\/v2\/posts\/73723\/revisions"}],"wp:featuredmedia":[{"embeddable":true,"href":"https:\/\/wiy.com.br\/noticias\/wp-json\/wp\/v2\/media\/73724"}],"wp:attachment":[{"href":"https:\/\/wiy.com.br\/noticias\/wp-json\/wp\/v2\/media?parent=73723"}],"wp:term":[{"taxonomy":"category","embeddable":true,"href":"https:\/\/wiy.com.br\/noticias\/wp-json\/wp\/v2\/categories?post=73723"},{"taxonomy":"post_tag","embeddable":true,"href":"https:\/\/wiy.com.br\/noticias\/wp-json\/wp\/v2\/tags?post=73723"}],"curies":[{"name":"wp","href":"https:\/\/api.w.org\/{rel}","templated":true}]}}