{"id":73605,"date":"2023-02-26T15:43:18","date_gmt":"2023-02-26T18:43:18","guid":{"rendered":"https:\/\/wiy.com.br\/noticias\/calendario-astronomico-de-julho-tem-maior-superlua-do-ano-e-passagem-de-cometa\/"},"modified":"2022-07-01T08:05:09","modified_gmt":"2022-07-01T11:05:09","slug":"calendario-astronomico-de-julho-tem-maior-superlua-do-ano-e-passagem-de-cometa","status":"publish","type":"post","link":"https:\/\/wiy.com.br\/noticias\/calendario-astronomico-de-julho-tem-maior-superlua-do-ano-e-passagem-de-cometa\/","title":{"rendered":"Calend\u00e1rio astron\u00f4mico de julho tem maior superlua do ano e passagem de cometa"},"content":{"rendered":"<p> <br \/>\n<\/p>\n<p>Julho \u00e9 um m\u00eas historicamente importante para a astronomia. Foi em julho de 1969, por exemplo, que o <a href=\"https:\/\/olhardigital.com.br\/2021\/06\/21\/colunistas\/a-participacao-brasileira-na-maior-aventura-da-humanidade-que-levou-o-homem-a-lua-52-anos-atras\/\" target=\"_blank\" rel=\"noreferrer noopener\">homem pisou pela primeira vez na Lua<\/a>. Este ano, o m\u00eas reserva algumas surpresas, como a maior <a href=\"https:\/\/olhardigital.com.br\/tag\/superlua\/\" target=\"_blank\" rel=\"noreferrer noopener\">superlua <\/a>de 2022, conhecida como &#8220;lua dos cervos&#8221;, o lan\u00e7amento de uma miss\u00e3o de abastecimento da SpaceX e ainda o cometa K2, que poder\u00e1 ser visto da Terra.<\/p>\n<p>Veja abaixo nosso calend\u00e1rio astron\u00f4mico de junho com os eventos mais importantes. Lembramos que todas as datas, hor\u00e1rios e refer\u00eancias geogr\u00e1ficas consideram um observador baseado em Bras\u00edlia, e podem ser ligeiramente diferentes de acordo com sua posi\u00e7\u00e3o no pa\u00eds.<\/p>\n<h2 id=\"h-calendario-astronomico-de-julho\">Calend\u00e1rio Astron\u00f4mico de julho<\/h2>\n<p><strong>7 de julho<\/strong>: It\u00e1lia na parada! A Ag\u00eancia Espacial Italiana lan\u00e7a o sat\u00e9lite LARES 2, para realizar o rastreamento do solo. O sat\u00e9lite sair\u00e1 a bordo do foguete Arianespace Vega C, em seu voo inaugural. A miss\u00e3o deveria ter ocorrido em 2020, mas foi adiada por conta da pandemia e ser\u00e1 retomada apenas neste m\u00eas.<\/p>\n<p>\u00a0<strong>7 e 8 de julho<\/strong>: No mesmo dia a<a href=\"https:\/\/olhardigital.com.br\/2022\/06\/19\/ciencia-e-espaco\/spacex-faz-terceiro-lancamento-em-36-horas-durante-fim-de-semana-agitado\/\" target=\"_blank\" rel=\"noreferrer noopener\"> SpaceX usa o famoso centro de lan\u00e7amento Kennedy Space Center<\/a>, na Fl\u00f3rida (EUA), para lan\u00e7ar mais um lote dos sat\u00e9lites Starlink usando um de seus foguetes retorn\u00e1veis Falcon 9. J\u00e1 no dia 8, a startup de Elon Musk faz mais um lan\u00e7amento de seus sat\u00e9lites de internet, dessa vez do Vandenberg Space Force Base, na Calif\u00f3rnia.<\/p>\n<p><strong>13 de julho<\/strong>: Dia da maior <a href=\"https:\/\/olhardigital.com.br\/2022\/06\/14\/ciencia-e-espaco\/superlua-de-morango-lua-de-sangue-e-outros-entenda-os-nomes-dos-fenomenos-lunares\/\" target=\"_blank\" rel=\"noreferrer noopener\">superlua de 2022<\/a>. A Lua cheia de julho \u00e9 conhecida como &#8220;Lua dos Cervos&#8221; e possui esse nome por conta dos chifres que crescem na cabe\u00e7a dos cervos nessa \u00e9poca do ano nos Estados Unidos. A superlua \u00e9 vis\u00edvel a olho nu e faz o sat\u00e9lite natural da Terra ficar maior e mais brilhante quando visto daqui. A Lua cheia come\u00e7a \u00e0s 15h38 (hor\u00e1rio de Bras\u00edlia).<\/p>\n<figure class=\"wp-block-image size-full\"><img title = \"[Tags]\"decoding=\"async\" loading=\"lazy\" width=\"800\" height=\"800\" src=\"https:\/\/img.olhardigital.com.br\/wp-content\/uploads\/2022\/06\/superlua-perigeu.png\"alt = \"superlua-perigeu Calend\u00e1rio astron\u00f4mico de julho tem maior superlua do ano e passagem de cometa\" class=\"wp-image-374202\" \/><figcaption>Imagem: Reprodu\u00e7\u00e3o\/Vox<\/figcaption><\/figure>\n<p><strong>14 de julho<\/strong>: A <a href=\"https:\/\/olhardigital.com.br\/2022\/06\/28\/ciencia-e-espaco\/proxima-missao-de-carga-da-spacex-para-a-iss-e-adiada-novamente\/\" target=\"_blank\" rel=\"noreferrer noopener\">SpaceX lan\u00e7a a miss\u00e3o de reabastecimento de carga Dragon CRS-25 <\/a>para a Esta\u00e7\u00e3o Espacial Internacional do Centro Espacial Kennedy da NASA, na Fl\u00f3rida. A miss\u00e3o foi adiada diversas vezes, mas est\u00e1 confirmada para o dia 14. Esse \u00e9 o 25\u00ba lan\u00e7amento de reabastecimento do contrato da empresa com a ag\u00eancia espacial americana.<\/p>\n<p>A c\u00e1psula Dragon n\u00e3o tripulada respons\u00e1vel pelo envio de mais de duas toneladas de carga ao laborat\u00f3rio orbital ser\u00e1 lan\u00e7ada no topo de um foguete Falcon 9, cujo primeiro est\u00e1gio far\u00e1 uma aterrissagem vertical em uma das balsas de pouso da SpaceX estrategicamente posicionada no Oceano Atl\u00e2ntico.\u00a0<\/p>\n<figure class=\"wp-block-image size-full\"><img title = \"[Tags]\"decoding=\"async\" loading=\"lazy\" width=\"1000\" height=\"552\" src=\"https:\/\/img.olhardigital.com.br\/wp-content\/uploads\/2022\/06\/Falcon-9-lancamento.png\"alt = \"superlua-perigeu Calend\u00e1rio astron\u00f4mico de julho tem maior superlua do ano e passagem de cometa\" class=\"wp-image-374066\" \/><figcaption>Imagem: SpaceX<\/figcaption><\/figure>\n<p><strong>14 de julho<\/strong>: Segundo a Organiza\u00e7\u00e3o EarthSky, uma plataforma norte-americana de informa\u00e7\u00f5es sobre o c\u00e9u, o<a href=\"https:\/\/olhardigital.com.br\/2022\/06\/22\/ciencia-e-espaco\/cometa-se-aproxima-da-terra-e-pode-ser-visto-no-mes-que-vem\/\" target=\"_blank\" rel=\"noreferrer noopener\"> cometa K2 vem se aproximando da Terra em dire\u00e7\u00e3o ao Sol<\/a> e poder\u00e1 ser visto este m\u00eas.<\/p>\n<p>Cinco anos depois de identificado, o corpo gelado est\u00e1 finalmente se aproximando da Terra, para deleite dos observadores amadores, que poder\u00e3o enxerg\u00e1-lo nitidamente em seus bin\u00f3culos e telesc\u00f3pios no dia 14 de julho. Depois, ele segue sua viagem rumo ao Sol, de onde deve se aproximar mais intimamente no dia 19 de dezembro.<\/p>\n<figure class=\"wp-block-image size-full\"><img title = \"[Tags]\"decoding=\"async\" loading=\"lazy\" width=\"1000\" height=\"473\" src=\"https:\/\/img.olhardigital.com.br\/wp-content\/uploads\/2022\/06\/cometa-K2-2017.png\"alt = \"superlua-perigeu Calend\u00e1rio astron\u00f4mico de julho tem maior superlua do ano e passagem de cometa\" class=\"wp-image-378328\" \/><figcaption>Imagem: NASA\/ESA \/A. Feild (STScI)<\/figcaption><\/figure>\n<p>O cometa vai se tornar vis\u00edvel por volta das 18h49 ao leste. Ele deve atingir o ponto mais alto no c\u00e9u \u00e0s 21h39 e ficar\u00e1 observ\u00e1vel at\u00e9 \u00e0s 02h11.<\/p>\n<p><strong>28 de julho<\/strong>: Chegada da Lua nova por volta das 14h55 (hor\u00e1rio de Bras\u00edlia)<\/p>\n<p><strong>Leia mais:<\/strong><\/p>\n<ul>\n<li><a href=\"https:\/\/olhardigital.com.br\/2022\/06\/13\/ciencia-e-espaco\/asteroides-quasares-e-estrelamotos-o-que-os-dados-da-missao-gaia-revelam-sobre-a-via-lactea\/\" target=\"_blank\" rel=\"noreferrer noopener\">Asteroides, quasares e \u201cestrelamotos\u201d: o que os dados da miss\u00e3o Gaia revelam sobre a Via L\u00e1ctea?<\/a><\/li>\n<li><a href=\"https:\/\/olhardigital.com.br\/2022\/05\/05\/ciencia-e-espaco\/nasa-apresenta-mochila-lunar-que-sera-usada-por-futuros-exploradores-da-lua\/\" target=\"_blank\" rel=\"noreferrer noopener\">NASA apresenta mochila lunar que ser\u00e1 usada por futuros exploradores da Lua<\/a><\/li>\n<li><a href=\"https:\/\/olhardigital.com.br\/2022\/03\/02\/ciencia-e-espaco\/nasa-cria-mapa-da-lua-para-guiar-futuros-exploradores-e-voce-pode-acessa-lo\/\" target=\"_blank\" rel=\"noreferrer noopener\">NASA cria \u201cmapa da Lua\u201d para guiar futuros exploradores; veja como consultar<\/a><\/li>\n<\/ul>\n<p>Outros eventos previstos para julho sem data confirmada<\/p>\n<ul>\n<li>O primeiro voo de teste orbital\u00a0 da nova vers\u00e3o do foguete Super Heavy. A miss\u00e3o vai viajar ao redor do mundo em uma volta quase completa. O evento, no entanto, tem grandes chances de ser adiado como j\u00e1 aconteceu anteriormente.\u00a0<\/li>\n<li>Mais um lan\u00e7amento dos pequenos sat\u00e9lites CubeSats para a miss\u00e3o TROPICS da NASA. A constela\u00e7\u00e3o de sat\u00e9lites \u00e9 usada para mapear eventos ambientais, como ciclones.<\/li>\n<li>Um foguete chin\u00eas Longa Marcha 5B vai lan\u00e7ar o m\u00f3dulo de laborat\u00f3rio Wentian, o segundo elemento principal da esta\u00e7\u00e3o espacial chinesa em \u00f3rbita baixa da Terra.\u00a0<\/li>\n<\/ul>\n<p>Extra<\/p>\n<p><strong>12 de julho<\/strong>: Divulga\u00e7\u00e3o das <a href=\"https:\/\/olhardigital.com.br\/2022\/06\/01\/ciencia-e-espaco\/finalmente-james-webb-inicia-operacoes-cientificas-divulgacao-das-primeiras-imagens-ja-tem-data\/\" target=\"_blank\" rel=\"noreferrer noopener\">primeiras fotos do telesc\u00f3pio espacial James Webb<\/a>. Ag\u00eancia Espacial Europeia (ESA), uma das ag\u00eancias respons\u00e1veis pelo projeto do Telesc\u00f3pio Espacial James Webb anunciou que ir\u00e1 divulgar as primeiras fotos coloridas captadas pelo telesc\u00f3pio lan\u00e7ado em dezembro.<\/p>\n<p><strong>J\u00e1 assistiu aos nossos novos v\u00eddeos no<\/strong><a href=\"http:\/\/www.youtube.com\/channel\/UCGV72aVJuWP0QPNGH4YgIww?sub_confirmation=1\" target=\"_blank\" rel=\"noreferrer noopener\"><strong>&nbsp;YouTube<\/strong><\/a><strong>? Inscreva-se no nosso canal!<\/strong><\/p>\n<p>O post <a rel=\"nofollow\" href=\"https:\/\/olhardigital.com.br\/2022\/07\/01\/ciencia-e-espaco\/calendario-astronomico-de-julho-tem-maior-superlua-do-ano-e-passagem-de-cometa\/\">Calend\u00e1rio astron\u00f4mico de julho tem maior superlua do ano e passagem de cometa<\/a> apareceu primeiro em <a rel=\"nofollow\" href=\"https:\/\/olhardigital.com.br\">Olhar Digital<\/a>.<\/p>\n<p><br \/>\n<br \/><a href=\"https:\/\/olhardigital.com.br\/2022\/07\/01\/ciencia-e-espaco\/calendario-astronomico-de-julho-tem-maior-superlua-do-ano-e-passagem-de-cometa\/\">Fonte do Artigo <\/a><br \/>\nTags:<\/p>\n<p><a href=\"https:\/\/wiy.com.br\/noticias\/categoria\/tecnologia\/\">#tecnologia<\/a> <a href=\"https:\/\/wiy.com.br\/noticias\/categoria\/tecnologia\/\">#tecnologias<\/a> <a href=\"https:\/\/wiy.com.br\/noticias\/categoria\/tecnologia\/\">#technology<\/a> <a href=\"https:\/\/wiy.com.br\/noticias\/categoria\/tecnologia\/\">#tecnolog<\/a> <a href=\"https:\/\/wiy.com.br\/noticias\/categoria\/tecnologia\/\">#iphone<\/a> <a href=\"https:\/\/wiy.com.br\/noticias\/categoria\/tecnologia\/\">#informatica<\/a> <a href=\"https:\/\/wiy.com.br\/noticias\/categoria\/tecnologia\/\">#tech<\/a> <a href=\"https:\/\/wiy.com.br\/noticias\/categoria\/tecnologia\/\">#design<\/a> <a href=\"https:\/\/wiy.com.br\/noticias\/categoria\/tecnologia\/\">#samsung<\/a> <a href=\"https:\/\/wiy.com.br\/noticias\/categoria\/tecnologia\/\">#internet<\/a> <a href=\"https:\/\/wiy.com.br\/noticias\/categoria\/tecnologia\/\">#apple<\/a> <a href=\"https:\/\/wiy.com.br\/noticias\/categoria\/tecnologia\/\">#smartphone<\/a> <a href=\"https:\/\/wiy.com.br\/noticias\/categoria\/tecnologia\/\">#seguranca<\/a> <a href=\"https:\/\/wiy.com.br\/noticias\/categoria\/tecnologia\/\">#venezuela<\/a> <a href=\"https:\/\/wiy.com.br\/noticias\/categoria\/tecnologia\/\">#celular<\/a> <a href=\"https:\/\/wiy.com.br\/noticias\/categoria\/tecnologia\/\">#celulares<\/a> <a href=\"https:\/\/wiy.com.br\/noticias\/categoria\/tecnologia\/\">#inovar<\/a> <a href=\"https:\/\/wiy.com.br\/noticias\/categoria\/tecnologia\/\">#qualidade<\/a> <a href=\"https:\/\/wiy.com.br\/noticias\/categoria\/tecnologia\/\">#software<\/a> <a href=\"https:\/\/wiy.com.br\/noticias\/categoria\/tecnologia\/\">#empresas<\/a> <a href=\"https:\/\/wiy.com.br\/noticias\/categoria\/tecnologia\/\">#cursos<\/a> <a href=\"https:\/\/wiy.com.br\/noticias\/categoria\/tecnologia\/\">#engenharia<\/a> <a href=\"https:\/\/wiy.com.br\/noticias\/categoria\/tecnologia\/\">#industria<\/a> <a href=\"https:\/\/wiy.com.br\/noticias\/categoria\/tecnologia\/\">#marketing<\/a> <a href=\"https:\/\/wiy.com.br\/noticias\/categoria\/tecnologia\/\">#ti<\/a> <a href=\"https:\/\/wiy.com.br\/noticias\/categoria\/tecnologia\/\">#tecnoblog<\/a> <a href=\"https:\/\/wiy.com.br\/noticias\/categoria\/tecnologia\/\">#veja<\/a> <a href=\"https:\/\/wiy.com.br\/noticias\/categoria\/tecnologia\/\">#olhardigital<\/a> <a href=\"https:\/\/wiy.com.br\/noticias\/categoria\/tecnologia\/\">#mundodigital<\/a> <a href=\"https:\/\/wiy.com.br\/noticias\/categoria\/tecnologia\/\">#inteligenciaartificial<\/a> <a href=\"https:\/\/wiy.com.br\/criacao-de-sites\/\">#criar site<\/a> <a href=\"https:\/\/wiy.com.br\/criacao-de-sites\/\">#criar site curitiba<\/a> <a href=\"https:\/\/wiy.com.br\/criacao-de-sites\/\">#wiysolutions<\/a><\/p>\n","protected":false},"excerpt":{"rendered":"<p>Julho \u00e9 um m\u00eas historicamente importante para a astronomia. Foi em julho de 1969, por exemplo, que o homem pisou pela primeira vez na Lua. Este ano, o m\u00eas reserva algumas surpresas, como a maior superlua de 2022, conhecida como &#8220;lua dos cervos&#8221;, o lan\u00e7amento de uma miss\u00e3o de abastecimento da SpaceX e ainda o [&hellip;]<\/p>\n","protected":false},"author":1,"featured_media":73606,"comment_status":"open","ping_status":"open","sticky":false,"template":"","format":"standard","meta":{"footnotes":""},"categories":[5],"tags":[],"class_list":["post-73605","post","type-post","status-publish","format-standard","has-post-thumbnail","hentry","category-tecnologia"],"_links":{"self":[{"href":"https:\/\/wiy.com.br\/noticias\/wp-json\/wp\/v2\/posts\/73605","targetHints":{"allow":["GET"]}}],"collection":[{"href":"https:\/\/wiy.com.br\/noticias\/wp-json\/wp\/v2\/posts"}],"about":[{"href":"https:\/\/wiy.com.br\/noticias\/wp-json\/wp\/v2\/types\/post"}],"author":[{"embeddable":true,"href":"https:\/\/wiy.com.br\/noticias\/wp-json\/wp\/v2\/users\/1"}],"replies":[{"embeddable":true,"href":"https:\/\/wiy.com.br\/noticias\/wp-json\/wp\/v2\/comments?post=73605"}],"version-history":[{"count":0,"href":"https:\/\/wiy.com.br\/noticias\/wp-json\/wp\/v2\/posts\/73605\/revisions"}],"wp:featuredmedia":[{"embeddable":true,"href":"https:\/\/wiy.com.br\/noticias\/wp-json\/wp\/v2\/media\/73606"}],"wp:attachment":[{"href":"https:\/\/wiy.com.br\/noticias\/wp-json\/wp\/v2\/media?parent=73605"}],"wp:term":[{"taxonomy":"category","embeddable":true,"href":"https:\/\/wiy.com.br\/noticias\/wp-json\/wp\/v2\/categories?post=73605"},{"taxonomy":"post_tag","embeddable":true,"href":"https:\/\/wiy.com.br\/noticias\/wp-json\/wp\/v2\/tags?post=73605"}],"curies":[{"name":"wp","href":"https:\/\/api.w.org\/{rel}","templated":true}]}}