{"id":73493,"date":"2023-02-26T15:45:09","date_gmt":"2023-02-26T18:45:09","guid":{"rendered":"https:\/\/wiy.com.br\/noticias\/eduardo-suplicy-interrompe-reuniao-do-pt-e-aliados-nao-fui-convidado\/"},"modified":"2022-06-21T16:05:08","modified_gmt":"2022-06-21T19:05:08","slug":"eduardo-suplicy-interrompe-reuniao-do-pt-e-aliados-nao-fui-convidado","status":"publish","type":"post","link":"https:\/\/wiy.com.br\/noticias\/eduardo-suplicy-interrompe-reuniao-do-pt-e-aliados-nao-fui-convidado\/","title":{"rendered":"Eduardo Suplicy interrompe reuni\u00e3o do PT e aliados: \u201cN\u00e3o fui convidado\u201d"},"content":{"rendered":"<p> <br \/>\n<\/p>\n<div class=\"mc-column content-text active-extra-styles \" data-block-type=\"unstyled\" data-block-weight=\"53\" data-block-id=\"2\">\n<p data-track-category=\"Link no Texto\" data-track-links=\"\"><strong>Eduardo Suplicy<\/strong> (PT), ex-senador que completa 81 anos nesta ter\u00e7a (21), causou constrangimento em reuni\u00e3o do <strong>PT<\/strong> e aliados na apresenta\u00e7\u00e3o do esbo\u00e7o do plano de governo da chapa<strong> Lula\/Alckmin<\/strong>.\u00a0O pol\u00edtico disse que n\u00e3o foi convidado a comparecer ao evento e que teve sua proposta da <strong>renda b\u00e1sica<\/strong>, sua bandeira antiga, ignorada.<\/p>\n<\/div>\n<div class=\"wall protected-content\">\n<div class=\"mc-column content-text active-extra-styles \" data-block-type=\"unstyled\" data-block-weight=\"110\" data-block-id=\"3\">\n<p data-track-category=\"Link no Texto\" data-track-links=\"\">&#8220;[Quero] entregar ao<span>\u00a0<\/span>Aloizio Mercadante<span>\u00a0<\/span>a proposta que n\u00e3o foi considerada ainda, entre os itens principais, a institui\u00e7\u00e3o da renda b\u00e1sica de cidadania, aprovada por todos os partidos, sancionada pelo presidente<span>\u00a0<\/span>Lula<span>\u00a0<\/span>e est\u00e1 no programa do PT h\u00e1 muito anos, todo ano. Ele tem alguma coisa comigo, n\u00e3o me convidou para esta reuni\u00e3o&#8221;, disse Suplicy.<\/p>\n<p data-track-category=\"Link no Texto\" data-track-links=\"\"><strong><a href=\"https:\/\/vejasp.abril.com.br\/comer-e-beber\/mocoto-localizacao-critica\/\">+ Cliente diz que localiza\u00e7\u00e3o de restaurante \u00e9 \u201cprec\u00e1ria\u201d e chef responde<\/a><\/strong><\/p>\n<p data-track-category=\"Link no Texto\" data-track-links=\"\">&#8220;Voc\u00ea sabe com quem que eu soube da reuni\u00e3o? Ontem a noite; &#8216;Voc\u00ea n\u00e3o vai na reuni\u00e3o do partido?&#8217;. N\u00e3o fui convidado, mas hoje eu estou aqui. E continuarei trabalhando muito para que<span>\u00a0<\/span>Lula<span>\u00a0<\/span>e Alckmin instituam a renda b\u00e1sica de cidadania enquanto eu estiver vivo ainda&#8221;, disse o ex-senador.<\/p>\n<p data-track-category=\"Link no Texto\" data-track-links=\"\">Aloizio Mercadante agradeceu a proposta enviada por Suplicy e disse que ainda haver\u00e1 chance de debate. Ele tamb\u00e9m se justificou dizendo que n\u00e3o acompanhou o convite feito \u00e0s pessoas.<\/p>\n<div class=\"mc-column content-text active-extra-styles \" data-block-type=\"unstyled\" data-block-weight=\"102\" data-block-id=\"10\">\n<p data-track-category=\"Link no Texto\" data-track-links=\"\">&#8220;Agrade\u00e7o muito a sua apresenta\u00e7\u00e3o. Eu, de fato, n\u00e3o tive como acompanhar o convite de todas as pessoas, s\u00f3 olhar o tamanho do plen\u00e1rio, n\u00e3o era a minha fun\u00e7\u00e3o. Em rela\u00e7\u00e3o \u00e0s propostas, hoje \u00e9 o in\u00edcio de um processo, voc\u00ea vai ter chance de discutir. Mas, para entrar no plano de governo, n\u00f3s vamos ter que ter um debate aprofundado. Como n\u00f3s recebemos 51 propostas, que eu mencionei e que n\u00e3o citei aqui, a sua \u00e9 uma delas. E vai ser discutido junto com a coordena\u00e7\u00e3o no momento oportuno. As diretrizes est\u00e3o definindo s\u00f3 as linhas gerais do programa&#8221;, disse.<\/p>\n<\/div>\n<div class=\"mc-column content-text active-extra-styles \" data-block-type=\"unstyled\" data-block-weight=\"62\" data-block-id=\"11\">\n<p data-track-category=\"Link no Texto\" data-track-links=\"\"><a href=\"https:\/\/vejasp.abril.com.br\/cidades\/pandemia-fez-pessoas-ficarem-mais-favoraveis-a-renda-basica-diz-suplicy\/\">H\u00e1 um ano, Suplicy falou sobre a renda b\u00e1sica em entrevista \u00e0 Vejinha<\/a>. &#8220;Eu espero que os candidatos \u00e0 Presid\u00eancia, inclusive o Lula, tenham como objetivo regulamentar quanto antes a renda b\u00e1sica de cidadania&#8221;, disse ele na ocasi\u00e3o.<\/p>\n<p data-track-category=\"Link no Texto\" data-track-links=\"\">\n<div id=\"relacionadas\" class=\"block  three_columns\">\n<ul class=\"block-menu\">\n<li data-tab=\"tab-1\" class=\"active\">Relacionadas<\/li>\n<\/ul>\n<div id=\"tab-1\" class=\"block-content active\">\n<ul class=\"relacionadas-s-img\">\n<li class=\"widget-news-item without-thumb with-border\">\n<div class=\"widget-news-info\"><a href=\"http:\/\/vejasp.abril.com.br\/cidades\">Cidades<\/a><span class=\"widget-news-item-title\"><a href=\"https:\/\/vejasp.abril.com.br\/cidades\/google-anuncia-500-000-bolsas-de-estudo-para-jovens\/\">Google anuncia 500 000 bolsas de estudo para jovens<\/a><\/span><span class=\"widget-news-item-date\">21 jun 2022 &#8211; 12h06<\/span><\/div>\n<\/li>\n<li class=\"widget-news-item without-thumb with-border\">\n<div class=\"widget-news-info\"><a href=\"http:\/\/vejasp.abril.com.br\/cultura-lazer\">Cultura &amp; Lazer<\/a><span class=\"widget-news-item-title\"><a href=\"https:\/\/vejasp.abril.com.br\/cultura-lazer\/festival-do-japao-chega-a-23a-edicao-e-deve-reunir-100-000-pessoas\/\">Festival do Jap\u00e3o chega \u00e0 23\u00aa edi\u00e7\u00e3o e deve reunir 100 000 pessoas<\/a><\/span><span class=\"widget-news-item-date\">21 jun 2022 &#8211; 11h06<\/span><\/div>\n<\/li>\n<li class=\"widget-news-item without-thumb with-border\">\n<div class=\"widget-news-info\"><a href=\"http:\/\/vejasp.abril.com.br\/cidades\">Cidades<\/a><span class=\"widget-news-item-title\"><a href=\"https:\/\/vejasp.abril.com.br\/cidades\/o-inverno-chegou-e-deve-trazer-tempo-seco-com-ondas-de-frio-e-calor\/\">O inverno chegou e deve trazer tempo seco com ondas de frio e calor<\/a><\/span><span class=\"widget-news-item-date\">21 jun 2022 &#8211; 10h06<\/span><\/div>\n<\/li>\n<\/ul>\n<\/div>\n<\/div>\n<\/div>\n<\/div>\n<\/div>\n<div class=\"ads post-ads\"><span class=\"title\">Continua ap\u00f3s a publicidade<\/span><\/p>\n<div id=\"abrAD_rectangle3\" class=\"abrAD\" data-ad-><\/div>\n<\/div>\n<p><br \/>\n<br \/><a href=\"https:\/\/vejasp.abril.com.br\/cidades\/eduardo-suplicy-interrompe-reuniao-do-pt-e-aliados-nao-fui-convidado\/\">Fonte do Artigo <\/a><br \/>\nTags:<br \/>\n#loterias #loteriascaixa #megasena #resultadoapostas#noticias #noticiario  #noticia #brasil #noticiascolombia #mundo #esporte #colombia #noticiadeld #ltimasnoticias  #noticiario #noticiasregionales #noticiasdepartamentales #noticiashoy #esportes #noticiaahora #elinformantenoticias #noticiasdeboyac  #esporteinterativo #esportivo #diariodosesportes  #noticiero  #jogodefutebol #jogos #loto #apostas<\/p>\n","protected":false},"excerpt":{"rendered":"<p>Eduardo Suplicy (PT), ex-senador que completa 81 anos nesta ter\u00e7a (21), causou constrangimento em reuni\u00e3o do PT e aliados na apresenta\u00e7\u00e3o do esbo\u00e7o do plano de governo da chapa Lula\/Alckmin.\u00a0O pol\u00edtico disse que n\u00e3o foi convidado a comparecer ao evento e que teve sua proposta da renda b\u00e1sica, sua bandeira antiga, ignorada. &#8220;[Quero] entregar ao\u00a0Aloizio [&hellip;]<\/p>\n","protected":false},"author":1,"featured_media":73494,"comment_status":"open","ping_status":"open","sticky":false,"template":"","format":"standard","meta":{"footnotes":""},"categories":[1],"tags":[],"class_list":["post-73493","post","type-post","status-publish","format-standard","has-post-thumbnail","hentry","category-curso-de-copy"],"_links":{"self":[{"href":"https:\/\/wiy.com.br\/noticias\/wp-json\/wp\/v2\/posts\/73493","targetHints":{"allow":["GET"]}}],"collection":[{"href":"https:\/\/wiy.com.br\/noticias\/wp-json\/wp\/v2\/posts"}],"about":[{"href":"https:\/\/wiy.com.br\/noticias\/wp-json\/wp\/v2\/types\/post"}],"author":[{"embeddable":true,"href":"https:\/\/wiy.com.br\/noticias\/wp-json\/wp\/v2\/users\/1"}],"replies":[{"embeddable":true,"href":"https:\/\/wiy.com.br\/noticias\/wp-json\/wp\/v2\/comments?post=73493"}],"version-history":[{"count":0,"href":"https:\/\/wiy.com.br\/noticias\/wp-json\/wp\/v2\/posts\/73493\/revisions"}],"wp:featuredmedia":[{"embeddable":true,"href":"https:\/\/wiy.com.br\/noticias\/wp-json\/wp\/v2\/media\/73494"}],"wp:attachment":[{"href":"https:\/\/wiy.com.br\/noticias\/wp-json\/wp\/v2\/media?parent=73493"}],"wp:term":[{"taxonomy":"category","embeddable":true,"href":"https:\/\/wiy.com.br\/noticias\/wp-json\/wp\/v2\/categories?post=73493"},{"taxonomy":"post_tag","embeddable":true,"href":"https:\/\/wiy.com.br\/noticias\/wp-json\/wp\/v2\/tags?post=73493"}],"curies":[{"name":"wp","href":"https:\/\/api.w.org\/{rel}","templated":true}]}}