{"id":73408,"date":"2023-02-26T15:08:05","date_gmt":"2023-02-26T18:08:05","guid":{"rendered":"https:\/\/wiy.com.br\/noticias\/brasil-tem-terceiro-caso-de-variola-dos-macacos-confirmado\/"},"modified":"2022-06-12T23:05:07","modified_gmt":"2022-06-13T02:05:07","slug":"brasil-tem-terceiro-caso-de-variola-dos-macacos-confirmado","status":"publish","type":"post","link":"https:\/\/wiy.com.br\/noticias\/brasil-tem-terceiro-caso-de-variola-dos-macacos-confirmado\/","title":{"rendered":"Brasil tem terceiro caso de var\u00edola dos macacos confirmado"},"content":{"rendered":"<p> <br \/>\n<\/p>\n<p>O <a href=\"https:\/\/olhardigital.com.br\/2022\/05\/25\/medicina-e-saude\/brasil-nao-possui-medicamentos-para-tratar-variola-dos-macacos\/\" target=\"_blank\" rel=\"noreferrer noopener\">Minist\u00e9rio da Sa\u00fade<\/a> anunciou na noite deste domingo (12) que foi confirmado o terceiro caso da var\u00edola dos macacos no Brasil. A v\u00edtima \u00e9 um homem de 51 anos, residente em Porto Alegre, capital do Rio Grande do Sul. O homem havia viajado para <a href=\"https:\/\/olhardigital.com.br\/2022\/02\/22\/ciencia-e-espaco\/nova-especie-de-dinossauro-e-descoberta-em-portugal\/\" target=\"_blank\" rel=\"noreferrer noopener\">Portugal<\/a> e retornou ao Brasil na \u00faltima sexta-feira (10).<\/p>\n<p>O caso foi confirmado ap\u00f3s a realiza\u00e7\u00e3o de um exame RT-PCR realizado no Instituto Adolfo Lutz, de <a href=\"https:\/\/olhardigital.com.br\/2022\/06\/11\/medicina-e-saude\/sao-paulo-confirma-segundo-caso-de-variola-dos-macacos\/\" target=\"_blank\" rel=\"noreferrer noopener\">S\u00e3o Paulo<\/a>. Depois da confirma\u00e7\u00e3o, o caso foi notificado pelo Centro de Informa\u00e7\u00f5es Estrat\u00e9gicas em Vigil\u00e2ncia em Sa\u00fade (CIEVS) do Rio Grande do Sul ao Minist\u00e9rio da Sa\u00fade.<\/p>\n<h2 id=\"h-paciente-ja-foi-isolado\">Paciente j\u00e1 foi isolado<\/h2>\n<figure class=\"wp-block-image size-full\"><img title = \"[Tags]\"decoding=\"async\" loading=\"lazy\" width=\"1000\" height=\"500\" src=\"https:\/\/img.olhardigital.com.br\/wp-content\/uploads\/2022\/05\/variola-dos-macacos-monkey-pox.jpg\"alt = \"variola-dos-macacos-monkey-pox Brasil tem terceiro caso de var\u00edola dos macacos confirmado\" class=\"wp-image-367644\" \/><figcaption>Paciente j\u00e1 foi isolado e todas as pessoas com quem ele entrou em contato est\u00e3o sendo procuradas para serem alertadas sobre o diagn\u00f3stico. Imagem: Irina Starikova3432 &#8211; Shutterstock<\/figcaption><\/figure>\n<p>Em nota, o Minist\u00e9rio da Sa\u00fade informou que o homem est\u00e1 bem, foi isolado e est\u00e1 com quadro cl\u00ednico est\u00e1vel e sem complica\u00e7\u00f5es. A Secretaria de Sa\u00fade de Porto Alegre informou que est\u00e1 monitorando o caso em si e as pessoas que entraram em contato com o homem.<\/p>\n<p>\u201cTodas as medidas de conten\u00e7\u00e3o e controle foram adotadas imediatamente ap\u00f3s a comunica\u00e7\u00e3o de que se tratava de um caso suspeito de <a href=\"https:\/\/olhardigital.com.br\/2022\/06\/12\/medicina-e-saude\/e-variola-ou-varicela-saiba-como-diferenciar\/\" target=\"_blank\" rel=\"noreferrer noopener\">monkeypox<\/a> [var\u00edola dos macacos], com o isolamento do paciente e rastreamento dos seus contatos&#8221;, informou o Minist\u00e9rio da Sa\u00fade. <\/p>\n<p>O rastreamento dos contatos do paciente n\u00e3o ficar\u00e3o restritos ao Brasil, os passageiros que estiveram com ele durante o voo internacional tamb\u00e9m ser\u00e3o avisados. O processo contou com o apoio da Ag\u00eancia Nacional de Vigil\u00e2ncia Sanit\u00e1ria (Anvisa). A <a href=\"https:\/\/olhardigital.com.br\/2022\/06\/09\/medicina-e-saude\/variola-dos-macacos-oms-ve-chances-moderadas-de-surto-global-da-doenca\/\" target=\"_blank\" rel=\"noreferrer noopener\">Organiza\u00e7\u00e3o Mundial da Sa\u00fade<\/a> (OMS) tamb\u00e9m j\u00e1 foi notificada sobre a confirma\u00e7\u00e3o.<\/p>\n<h2 id=\"h-outros-pacientes-estao-bem\">Outros pacientes est\u00e3o bem<\/h2>\n<p>As duas pessoas diagnosticadas com var\u00edola dos macacos no estado de <a href=\"https:\/\/olhardigital.com.br\/2022\/06\/07\/medicina-e-saude\/variola-dos-macacos-sao-paulo-tem-primeiro-caso-suspeito-da-doenca\/\" target=\"_blank\" rel=\"noreferrer noopener\">S\u00e3o Paulo<\/a> est\u00e3o bem. A informa\u00e7\u00e3o foi divulgada pela Secretaria de Sa\u00fade do estado. Os dois pacientes est\u00e3o em <a href=\"https:\/\/olhardigital.com.br\/2022\/06\/10\/medicina-e-saude\/anvisa-pede-isolamento-de-leitos-de-pacientes-da-variola-dos-macacos\/\" target=\"_blank\" rel=\"noreferrer noopener\">isolamento<\/a>, um deles em casa e outro no Instituto de Infectologia Em\u00edlio Ribas.<\/p>\n<p><strong>Leia mais:<\/strong><\/p>\n<ul>\n<li><a href=\"https:\/\/olhardigital.com.br\/2022\/06\/11\/medicina-e-saude\/sao-paulo-confirma-segundo-caso-de-variola-dos-macacos\/\" target=\"_blank\" rel=\"noreferrer noopener\">S\u00e3o Paulo confirma segundo caso de var\u00edola dos macacos<\/a><\/li>\n<li><a href=\"https:\/\/olhardigital.com.br\/2022\/06\/10\/medicina-e-saude\/sequenciamento-do-virus-da-variola-dos-macacos-e-feito-em-apenas-18-horas\/\" target=\"_blank\" rel=\"noreferrer noopener\">Sequenciamento do v\u00edrus da var\u00edola dos macacos \u00e9 feito em apenas 18 horas<\/a><\/li>\n<li><a href=\"https:\/\/olhardigital.com.br\/2022\/06\/10\/medicina-e-saude\/homem-diagnosticado-com-variola-dos-macacos-foge-de-hospital\/\" target=\"_blank\" rel=\"noreferrer noopener\">Homem diagnosticado com var\u00edola dos macacos foge de hospital no M\u00e9xico<\/a><\/li>\n<\/ul>\n<p>O <a href=\"https:\/\/olhardigital.com.br\/2022\/06\/08\/medicina-e-saude\/primeiro-caso-de-variola-dos-macacos-confirmado-no-brasil\/\" target=\"_blank\" rel=\"noreferrer noopener\">primeiro caso<\/a> da doen\u00e7a no Brasil foi confirmado na \u00faltima quinta-feira (9). Se trata de um morador da capital paulista. Este \u00e9 justamente o paciente que est\u00e1 no hospital. A pessoa apresenta uma boa evolu\u00e7\u00e3o do quadro cl\u00ednico. O outro paciente \u00e9 um homem de 29 anos. Ele est\u00e1 em sua casa, localizada em Vinhedo, no interior de S\u00e3o Paulo.<\/p>\n<p><strong>J\u00e1 assistiu aos novos v\u00eddeos no <\/strong><a href=\"http:\/\/www.youtube.com\/channel\/UCGV72aVJuWP0QPNGH4YgIww?sub_confirmation=1\" target=\"_blank\" rel=\"noreferrer noopener\"><strong>YouTube<\/strong><\/a><strong> do Olhar Digital? Inscreva-se no canal!<\/strong><\/p>\n<p>O post <a rel=\"nofollow\" href=\"https:\/\/olhardigital.com.br\/2022\/06\/12\/medicina-e-saude\/brasil-tem-terceiro-caso-de-variola-dos-macacos-confirmado\/\">Brasil tem terceiro caso de var\u00edola dos macacos confirmado<\/a> apareceu primeiro em <a rel=\"nofollow\" href=\"https:\/\/olhardigital.com.br\">Olhar Digital<\/a>.<\/p>\n<p><br \/>\n<br \/><a href=\"https:\/\/olhardigital.com.br\/2022\/06\/12\/medicina-e-saude\/brasil-tem-terceiro-caso-de-variola-dos-macacos-confirmado\/\">Fonte do Artigo <\/a><br \/>\nTags:<\/p>\n<p><a href=\"https:\/\/wiy.com.br\/noticias\/categoria\/tecnologia\/\">#tecnologia<\/a> <a href=\"https:\/\/wiy.com.br\/noticias\/categoria\/tecnologia\/\">#tecnologias<\/a> <a href=\"https:\/\/wiy.com.br\/noticias\/categoria\/tecnologia\/\">#technology<\/a> <a href=\"https:\/\/wiy.com.br\/noticias\/categoria\/tecnologia\/\">#tecnolog<\/a> <a href=\"https:\/\/wiy.com.br\/noticias\/categoria\/tecnologia\/\">#iphone<\/a> <a href=\"https:\/\/wiy.com.br\/noticias\/categoria\/tecnologia\/\">#informatica<\/a> <a href=\"https:\/\/wiy.com.br\/noticias\/categoria\/tecnologia\/\">#tech<\/a> <a href=\"https:\/\/wiy.com.br\/noticias\/categoria\/tecnologia\/\">#design<\/a> <a href=\"https:\/\/wiy.com.br\/noticias\/categoria\/tecnologia\/\">#samsung<\/a> <a href=\"https:\/\/wiy.com.br\/noticias\/categoria\/tecnologia\/\">#internet<\/a> <a href=\"https:\/\/wiy.com.br\/noticias\/categoria\/tecnologia\/\">#apple<\/a> <a href=\"https:\/\/wiy.com.br\/noticias\/categoria\/tecnologia\/\">#smartphone<\/a> <a href=\"https:\/\/wiy.com.br\/noticias\/categoria\/tecnologia\/\">#seguranca<\/a> <a href=\"https:\/\/wiy.com.br\/noticias\/categoria\/tecnologia\/\">#venezuela<\/a> <a href=\"https:\/\/wiy.com.br\/noticias\/categoria\/tecnologia\/\">#celular<\/a> <a href=\"https:\/\/wiy.com.br\/noticias\/categoria\/tecnologia\/\">#celulares<\/a> <a href=\"https:\/\/wiy.com.br\/noticias\/categoria\/tecnologia\/\">#inovar<\/a> <a href=\"https:\/\/wiy.com.br\/noticias\/categoria\/tecnologia\/\">#qualidade<\/a> <a href=\"https:\/\/wiy.com.br\/noticias\/categoria\/tecnologia\/\">#software<\/a> <a href=\"https:\/\/wiy.com.br\/noticias\/categoria\/tecnologia\/\">#empresas<\/a> <a href=\"https:\/\/wiy.com.br\/noticias\/categoria\/tecnologia\/\">#cursos<\/a> <a href=\"https:\/\/wiy.com.br\/noticias\/categoria\/tecnologia\/\">#engenharia<\/a> <a href=\"https:\/\/wiy.com.br\/noticias\/categoria\/tecnologia\/\">#industria<\/a> <a href=\"https:\/\/wiy.com.br\/noticias\/categoria\/tecnologia\/\">#marketing<\/a> <a href=\"https:\/\/wiy.com.br\/noticias\/categoria\/tecnologia\/\">#ti<\/a> <a href=\"https:\/\/wiy.com.br\/noticias\/categoria\/tecnologia\/\">#tecnoblog<\/a> <a href=\"https:\/\/wiy.com.br\/noticias\/categoria\/tecnologia\/\">#veja<\/a> <a href=\"https:\/\/wiy.com.br\/noticias\/categoria\/tecnologia\/\">#olhardigital<\/a> <a href=\"https:\/\/wiy.com.br\/noticias\/categoria\/tecnologia\/\">#mundodigital<\/a> <a href=\"https:\/\/wiy.com.br\/noticias\/categoria\/tecnologia\/\">#inteligenciaartificial<\/a> <a href=\"https:\/\/wiy.com.br\/criacao-de-sites\/\">#criar site<\/a> <a href=\"https:\/\/wiy.com.br\/criacao-de-sites\/\">#criar site curitiba<\/a> <a href=\"https:\/\/wiy.com.br\/criacao-de-sites\/\">#wiysolutions<\/a><\/p>\n","protected":false},"excerpt":{"rendered":"<p>O Minist\u00e9rio da Sa\u00fade anunciou na noite deste domingo (12) que foi confirmado o terceiro caso da var\u00edola dos macacos no Brasil. A v\u00edtima \u00e9 um homem de 51 anos, residente em Porto Alegre, capital do Rio Grande do Sul. O homem havia viajado para Portugal e retornou ao Brasil na \u00faltima sexta-feira (10). O [&hellip;]<\/p>\n","protected":false},"author":1,"featured_media":73409,"comment_status":"open","ping_status":"open","sticky":false,"template":"","format":"standard","meta":{"footnotes":""},"categories":[5],"tags":[],"class_list":["post-73408","post","type-post","status-publish","format-standard","has-post-thumbnail","hentry","category-tecnologia"],"_links":{"self":[{"href":"https:\/\/wiy.com.br\/noticias\/wp-json\/wp\/v2\/posts\/73408","targetHints":{"allow":["GET"]}}],"collection":[{"href":"https:\/\/wiy.com.br\/noticias\/wp-json\/wp\/v2\/posts"}],"about":[{"href":"https:\/\/wiy.com.br\/noticias\/wp-json\/wp\/v2\/types\/post"}],"author":[{"embeddable":true,"href":"https:\/\/wiy.com.br\/noticias\/wp-json\/wp\/v2\/users\/1"}],"replies":[{"embeddable":true,"href":"https:\/\/wiy.com.br\/noticias\/wp-json\/wp\/v2\/comments?post=73408"}],"version-history":[{"count":0,"href":"https:\/\/wiy.com.br\/noticias\/wp-json\/wp\/v2\/posts\/73408\/revisions"}],"wp:featuredmedia":[{"embeddable":true,"href":"https:\/\/wiy.com.br\/noticias\/wp-json\/wp\/v2\/media\/73409"}],"wp:attachment":[{"href":"https:\/\/wiy.com.br\/noticias\/wp-json\/wp\/v2\/media?parent=73408"}],"wp:term":[{"taxonomy":"category","embeddable":true,"href":"https:\/\/wiy.com.br\/noticias\/wp-json\/wp\/v2\/categories?post=73408"},{"taxonomy":"post_tag","embeddable":true,"href":"https:\/\/wiy.com.br\/noticias\/wp-json\/wp\/v2\/tags?post=73408"}],"curies":[{"name":"wp","href":"https:\/\/api.w.org\/{rel}","templated":true}]}}