{"id":73368,"date":"2023-02-26T15:41:05","date_gmt":"2023-02-26T18:41:05","guid":{"rendered":"https:\/\/wiy.com.br\/noticias\/estudo-diz-que-cafe-pode-deixar-marcas-profundas-no-cerebro\/"},"modified":"2022-06-09T04:05:08","modified_gmt":"2022-06-09T07:05:08","slug":"estudo-diz-que-cafe-pode-deixar-marcas-profundas-no-cerebro","status":"publish","type":"post","link":"https:\/\/wiy.com.br\/noticias\/estudo-diz-que-cafe-pode-deixar-marcas-profundas-no-cerebro\/","title":{"rendered":"Estudo diz que caf\u00e9 pode deixar marcas profundas no c\u00e9rebro"},"content":{"rendered":"<p> <br \/>\n<\/p>\n<p>Uma pesquisa conjunta das universidades de Lille e Estrasburgo, ambas na <a href=\"https:\/\/olhardigital.com.br\/tag\/franca\/\" target=\"_blank\" rel=\"noreferrer noopener\">Fran\u00e7a<\/a>, demonstrou que h\u00e1bito de tomar caf\u00e9 pela manh\u00e3 pode deixar marcas profundas no c\u00e9rebro. Mas calma, n\u00e3o \u00e9 porque s\u00e3o marcas que elas s\u00e3o negativas, muito pelo contr\u00e1rio.<\/p>\n<p>De acordo com os pesquisadores, <a href=\"https:\/\/olhardigital.com.br\/2022\/06\/04\/medicina-e-saude\/beber-cafe-reduz-risco-de-insuficiencia-renal-aguda-revela-estudo\/\" target=\"_blank\" rel=\"noreferrer noopener\">uma x\u00edcara di\u00e1ria<\/a> de caf\u00e9 pela manh\u00e3 n\u00e3o s\u00f3 tem um efeito despertador nas pessoas, mas tamb\u00e9m causa melhorias nas <a href=\"https:\/\/olhardigital.com.br\/2022\/05\/27\/internet-e-redes-sociais\/redes-sociais-podem-te-deixar-em-estado-dissociativo-durante-seu-uso\/\" target=\"_blank\" rel=\"noreferrer noopener\">fun\u00e7\u00f5es cognitivas<\/a>. Os resultados foram publicados no <em>Journal of Clinical Investigation<\/em> e replicados na prestigiada revista Nature.<\/p>\n<h2 id=\"h-cafe-melhorou-aprendizado-e-memoria-das-cobaias\">Caf\u00e9 melhorou aprendizado e mem\u00f3ria das cobaias<\/h2>\n<p>Nos testes em modelos animais, os pesquisadores analisaram os efeitos da cafe\u00edna nos neur\u00f4nios e em outras c\u00e9lulas cerebrais de <a href=\"https:\/\/olhardigital.com.br\/2022\/01\/25\/medicina-e-saude\/startup-quer-usar-camundongos-para-cultivar-cabelos-para-implantes\/\" target=\"_blank\" rel=\"noreferrer noopener\">camundongos<\/a>. Para isso, durante duas semanas, os animais foram alimentados com \u00e1gua com infus\u00e3o de cafe\u00edna.<\/p>\n<p>No final deste per\u00edodo, os pesquisadores analisaram o hipocampo dos roedores. Essa \u00e1rea \u00e9 uma regi\u00e3o do c\u00e9rebro muito importante para o aprendizado e a mem\u00f3ria. Nos roedores que receberam cafe\u00edna, houve uma mudan\u00e7a significativa na atividade das c\u00e9lulas cerebrais.<\/p>\n<h2 id=\"h-efeitos-potencialmente-duradouros\">Efeitos potencialmente duradouros<\/h2>\n<p>Em resumo, houve uma redu\u00e7\u00e3o na s\u00edntese de prote\u00ednas no <a href=\"https:\/\/olhardigital.com.br\/2021\/08\/20\/medicina-e-saude\/metabolismo-nao-desacelera-apos-os-20-anos-entao-por-que-ganhamos-peso\/\" target=\"_blank\" rel=\"noreferrer noopener\">metabolismo<\/a>, ao mesmo tempo que as prote\u00ednas relacionadas \u00e0 sinaliza\u00e7\u00e3o e plasticidade dos neur\u00f4nios ficaram mais ativas. As cobaias tamb\u00e9m foram submetidas a algumas tarefas de aprendizagem.<\/p>\n<p>Isso permitiu aos cientistas aumentarem a atividade gen\u00e9tica de processos importantes, como a forma\u00e7\u00e3o de mem\u00f3rias, nos camundongos que tomaram caf\u00e9. E esse efeitos foram bastante duradouros, j\u00e1 que novos testes foram feitos duas semanas depois.<\/p>\n<p><strong>Leia mais:<\/strong><\/p>\n<ul>\n<li><a href=\"https:\/\/olhardigital.com.br\/2022\/06\/08\/medicina-e-saude\/tecnologia-e-inteligencia-artificial-se-tornam-aliadas-da-cardiologia\/\" target=\"_blank\" rel=\"noreferrer noopener\">Tecnologia e intelig\u00eancia artificial se tornam aliadas da cardiologia<\/a><\/li>\n<li><a href=\"https:\/\/olhardigital.com.br\/2022\/06\/08\/medicina-e-saude\/pesquisadores-utilizam-leite-materno-para-tratar-paciente-com-covid-19-longa\/\" target=\"_blank\" rel=\"noreferrer noopener\">Pesquisadores utilizam leite materno para tratar paciente com Covid-19 longa<\/a><\/li>\n<li><a href=\"https:\/\/olhardigital.com.br\/2022\/06\/08\/medicina-e-saude\/medicamentos-a-base-de-maconha-com-niveis-altos-de-thc-podem-aliviar-dor-cronica\/\" target=\"_blank\" rel=\"noreferrer noopener\">Medicamentos \u00e0 base de maconha com n\u00edveis altos de THC podem aliviar dor cr\u00f4nica<\/a><\/li>\n<\/ul>\n<p>Nestes novos testes, a equipe analisou novamente o hipocampo dos camundongos, mesmo depois que eles tinham parado de receber caf\u00e9 diariamente. As mudan\u00e7as permaneceram, o que sugere que a cafe\u00edna pode causar altera\u00e7\u00f5es duradouras no c\u00e9rebro.<\/p>\n<p>Via: <em><a href=\"https:\/\/gizmodo.uol.com.br\/cafe-pode-deixar-marcas-duradouras-no-cerebro-aponta-estudo\/\" target=\"_blank\" rel=\"noreferrer noopener\">Gizmodo<\/a><\/em><\/p>\n<p><strong>J\u00e1 assistiu aos novos v\u00eddeos no <\/strong><a href=\"http:\/\/www.youtube.com\/channel\/UCGV72aVJuWP0QPNGH4YgIww?sub_confirmation=1\" target=\"_blank\" rel=\"noreferrer noopener\"><strong>YouTube<\/strong><\/a><strong> do Olhar Digital? Inscreva-se no canal!<\/strong><\/p>\n<p>O post <a rel=\"nofollow\" href=\"https:\/\/olhardigital.com.br\/2022\/06\/09\/medicina-e-saude\/estudo-diz-que-cafe-pode-deixar-marcas-profundas-no-cerebro\/\">Estudo diz que caf\u00e9 pode deixar marcas profundas no c\u00e9rebro<\/a> apareceu primeiro em <a rel=\"nofollow\" href=\"https:\/\/olhardigital.com.br\">Olhar Digital<\/a>.<\/p>\n<p><br \/>\n<br \/><a href=\"https:\/\/olhardigital.com.br\/2022\/06\/09\/medicina-e-saude\/estudo-diz-que-cafe-pode-deixar-marcas-profundas-no-cerebro\/\">Fonte do Artigo <\/a><br \/>\nTags:<\/p>\n<p><a href=\"https:\/\/wiy.com.br\/noticias\/categoria\/tecnologia\/\">#tecnologia<\/a> <a href=\"https:\/\/wiy.com.br\/noticias\/categoria\/tecnologia\/\">#tecnologias<\/a> <a href=\"https:\/\/wiy.com.br\/noticias\/categoria\/tecnologia\/\">#technology<\/a> <a href=\"https:\/\/wiy.com.br\/noticias\/categoria\/tecnologia\/\">#tecnolog<\/a> <a href=\"https:\/\/wiy.com.br\/noticias\/categoria\/tecnologia\/\">#iphone<\/a> <a href=\"https:\/\/wiy.com.br\/noticias\/categoria\/tecnologia\/\">#informatica<\/a> <a href=\"https:\/\/wiy.com.br\/noticias\/categoria\/tecnologia\/\">#tech<\/a> <a href=\"https:\/\/wiy.com.br\/noticias\/categoria\/tecnologia\/\">#design<\/a> <a href=\"https:\/\/wiy.com.br\/noticias\/categoria\/tecnologia\/\">#samsung<\/a> <a href=\"https:\/\/wiy.com.br\/noticias\/categoria\/tecnologia\/\">#internet<\/a> <a href=\"https:\/\/wiy.com.br\/noticias\/categoria\/tecnologia\/\">#apple<\/a> <a href=\"https:\/\/wiy.com.br\/noticias\/categoria\/tecnologia\/\">#smartphone<\/a> <a href=\"https:\/\/wiy.com.br\/noticias\/categoria\/tecnologia\/\">#seguranca<\/a> <a href=\"https:\/\/wiy.com.br\/noticias\/categoria\/tecnologia\/\">#venezuela<\/a> <a href=\"https:\/\/wiy.com.br\/noticias\/categoria\/tecnologia\/\">#celular<\/a> <a href=\"https:\/\/wiy.com.br\/noticias\/categoria\/tecnologia\/\">#celulares<\/a> <a href=\"https:\/\/wiy.com.br\/noticias\/categoria\/tecnologia\/\">#inovar<\/a> <a href=\"https:\/\/wiy.com.br\/noticias\/categoria\/tecnologia\/\">#qualidade<\/a> <a href=\"https:\/\/wiy.com.br\/noticias\/categoria\/tecnologia\/\">#software<\/a> <a href=\"https:\/\/wiy.com.br\/noticias\/categoria\/tecnologia\/\">#empresas<\/a> <a href=\"https:\/\/wiy.com.br\/noticias\/categoria\/tecnologia\/\">#cursos<\/a> <a href=\"https:\/\/wiy.com.br\/noticias\/categoria\/tecnologia\/\">#engenharia<\/a> <a href=\"https:\/\/wiy.com.br\/noticias\/categoria\/tecnologia\/\">#industria<\/a> <a href=\"https:\/\/wiy.com.br\/noticias\/categoria\/tecnologia\/\">#marketing<\/a> <a href=\"https:\/\/wiy.com.br\/noticias\/categoria\/tecnologia\/\">#ti<\/a> <a href=\"https:\/\/wiy.com.br\/noticias\/categoria\/tecnologia\/\">#tecnoblog<\/a> <a href=\"https:\/\/wiy.com.br\/noticias\/categoria\/tecnologia\/\">#veja<\/a> <a href=\"https:\/\/wiy.com.br\/noticias\/categoria\/tecnologia\/\">#olhardigital<\/a> <a href=\"https:\/\/wiy.com.br\/noticias\/categoria\/tecnologia\/\">#mundodigital<\/a> <a href=\"https:\/\/wiy.com.br\/noticias\/categoria\/tecnologia\/\">#inteligenciaartificial<\/a> <a href=\"https:\/\/wiy.com.br\/criacao-de-sites\/\">#criar site<\/a> <a href=\"https:\/\/wiy.com.br\/criacao-de-sites\/\">#criar site curitiba<\/a> <a href=\"https:\/\/wiy.com.br\/criacao-de-sites\/\">#wiysolutions<\/a><\/p>\n","protected":false},"excerpt":{"rendered":"<p>Uma pesquisa conjunta das universidades de Lille e Estrasburgo, ambas na Fran\u00e7a, demonstrou que h\u00e1bito de tomar caf\u00e9 pela manh\u00e3 pode deixar marcas profundas no c\u00e9rebro. Mas calma, n\u00e3o \u00e9 porque s\u00e3o marcas que elas s\u00e3o negativas, muito pelo contr\u00e1rio. De acordo com os pesquisadores, uma x\u00edcara di\u00e1ria de caf\u00e9 pela manh\u00e3 n\u00e3o s\u00f3 tem [&hellip;]<\/p>\n","protected":false},"author":1,"featured_media":73369,"comment_status":"open","ping_status":"open","sticky":false,"template":"","format":"standard","meta":{"footnotes":""},"categories":[5],"tags":[],"class_list":["post-73368","post","type-post","status-publish","format-standard","has-post-thumbnail","hentry","category-tecnologia"],"_links":{"self":[{"href":"https:\/\/wiy.com.br\/noticias\/wp-json\/wp\/v2\/posts\/73368","targetHints":{"allow":["GET"]}}],"collection":[{"href":"https:\/\/wiy.com.br\/noticias\/wp-json\/wp\/v2\/posts"}],"about":[{"href":"https:\/\/wiy.com.br\/noticias\/wp-json\/wp\/v2\/types\/post"}],"author":[{"embeddable":true,"href":"https:\/\/wiy.com.br\/noticias\/wp-json\/wp\/v2\/users\/1"}],"replies":[{"embeddable":true,"href":"https:\/\/wiy.com.br\/noticias\/wp-json\/wp\/v2\/comments?post=73368"}],"version-history":[{"count":0,"href":"https:\/\/wiy.com.br\/noticias\/wp-json\/wp\/v2\/posts\/73368\/revisions"}],"wp:featuredmedia":[{"embeddable":true,"href":"https:\/\/wiy.com.br\/noticias\/wp-json\/wp\/v2\/media\/73369"}],"wp:attachment":[{"href":"https:\/\/wiy.com.br\/noticias\/wp-json\/wp\/v2\/media?parent=73368"}],"wp:term":[{"taxonomy":"category","embeddable":true,"href":"https:\/\/wiy.com.br\/noticias\/wp-json\/wp\/v2\/categories?post=73368"},{"taxonomy":"post_tag","embeddable":true,"href":"https:\/\/wiy.com.br\/noticias\/wp-json\/wp\/v2\/tags?post=73368"}],"curies":[{"name":"wp","href":"https:\/\/api.w.org\/{rel}","templated":true}]}}