{"id":73053,"date":"2023-02-26T15:27:25","date_gmt":"2023-02-26T18:27:25","guid":{"rendered":"https:\/\/wiy.com.br\/noticias\/e-o-tempo-virou-confira-a-previsao-para-a-semana\/"},"modified":"2022-05-15T15:05:08","modified_gmt":"2022-05-15T18:05:08","slug":"e-o-tempo-virou-confira-a-previsao-para-a-semana","status":"publish","type":"post","link":"https:\/\/wiy.com.br\/noticias\/e-o-tempo-virou-confira-a-previsao-para-a-semana\/","title":{"rendered":"E o tempo virou! Confira a previs\u00e3o para a semana"},"content":{"rendered":"<p> <br \/>\n<\/p>\n<p>A partir desta segunda-feira (16), a primeira grande frente fria depois do ver\u00e3o dar\u00e1 as caras pela capital paulista. A expectativa dos meteorologistas \u00e9 de que o frio permane\u00e7a at\u00e9 pelo menos o dia 22.<\/p>\n<p>Na ter\u00e7a-feira, a m\u00ednima ser\u00e1 de 6\u00b0 (m\u00e1xima de 19\u00b0). Dali em diante, as baixas subir\u00e3o um ponto por dia, chegando aos 10\u00b0 na sexta (20). Nesse per\u00edodo, as m\u00e1ximas n\u00e3o passar\u00e3o dos 18\u00b0.<\/p>\n<p>Para este domingo (15), a chuva que caiu na madrugada e no in\u00edcio da manh\u00e3 poder\u00e1 voltar a qualquer hora.<\/p>\n<div id=\"relacionadas\" class=\"block  three_columns\">\n<ul class=\"block-menu\">\n<li data-tab=\"tab-1\" class=\"active\">Relacionadas<\/li>\n<\/ul>\n<div id=\"tab-1\" class=\"block-content active\">\n<ul class=\"relacionadas-s-img\">\n<li class=\"widget-news-item without-thumb with-border\">\n<div class=\"widget-news-info\"><a href=\"http:\/\/vejasp.abril.com.br\/cidades\">Cidades<\/a><span class=\"widget-news-item-title\"><a href=\"https:\/\/vejasp.abril.com.br\/cidades\/policiais-que-fizeram-disparos-na-cracolandia-sao-identificados\/\">Policiais que fizeram disparos na Cracol\u00e2ndia s\u00e3o identificados<\/a><\/span><span class=\"widget-news-item-date\">15 Maio 2022 &#8211; 10h05<\/span><\/div>\n<\/li>\n<\/ul>\n<\/div>\n<\/div>\n<p>Por causa do frio, a prefeitura de S\u00e3o Paulo vai iniciar a &#8220;Opera\u00e7\u00e3o Baixas Temperaturas&#8221;, que tem o objetivo de acolher os moradores em situa\u00e7\u00e3o de rua.<\/p>\n<div class=\"ads post-ads\"><span class=\"title\">Continua ap\u00f3s a publicidade<\/span><\/p>\n<div id=\"abrAD_rectangle3\" class=\"abrAD\" data-ad-><\/div>\n<\/div>\n<p><br \/>\n<br \/><a href=\"https:\/\/vejasp.abril.com.br\/cidades\/e-o-tempo-virou-confira-a-previsao-para-a-semana\/\">Fonte do Artigo <\/a><br \/>\nTags:<br \/>\n#loterias #loteriascaixa #megasena #resultadoapostas#noticias #noticiario  #noticia #brasil #noticiascolombia #mundo #esporte #colombia #noticiadeld #ltimasnoticias  #noticiario #noticiasregionales #noticiasdepartamentales #noticiashoy #esportes #noticiaahora #elinformantenoticias #noticiasdeboyac  #esporteinterativo #esportivo #diariodosesportes  #noticiero  #jogodefutebol #jogos #loto #apostas<\/p>\n","protected":false},"excerpt":{"rendered":"<p>A partir desta segunda-feira (16), a primeira grande frente fria depois do ver\u00e3o dar\u00e1 as caras pela capital paulista. A expectativa dos meteorologistas \u00e9 de que o frio permane\u00e7a at\u00e9 pelo menos o dia 22. Na ter\u00e7a-feira, a m\u00ednima ser\u00e1 de 6\u00b0 (m\u00e1xima de 19\u00b0). Dali em diante, as baixas subir\u00e3o um ponto por dia, [&hellip;]<\/p>\n","protected":false},"author":1,"featured_media":70671,"comment_status":"open","ping_status":"open","sticky":false,"template":"","format":"standard","meta":{"footnotes":""},"categories":[1],"tags":[],"class_list":["post-73053","post","type-post","status-publish","format-standard","has-post-thumbnail","hentry","category-curso-de-copy"],"_links":{"self":[{"href":"https:\/\/wiy.com.br\/noticias\/wp-json\/wp\/v2\/posts\/73053","targetHints":{"allow":["GET"]}}],"collection":[{"href":"https:\/\/wiy.com.br\/noticias\/wp-json\/wp\/v2\/posts"}],"about":[{"href":"https:\/\/wiy.com.br\/noticias\/wp-json\/wp\/v2\/types\/post"}],"author":[{"embeddable":true,"href":"https:\/\/wiy.com.br\/noticias\/wp-json\/wp\/v2\/users\/1"}],"replies":[{"embeddable":true,"href":"https:\/\/wiy.com.br\/noticias\/wp-json\/wp\/v2\/comments?post=73053"}],"version-history":[{"count":0,"href":"https:\/\/wiy.com.br\/noticias\/wp-json\/wp\/v2\/posts\/73053\/revisions"}],"wp:featuredmedia":[{"embeddable":true,"href":"https:\/\/wiy.com.br\/noticias\/wp-json\/wp\/v2\/media\/70671"}],"wp:attachment":[{"href":"https:\/\/wiy.com.br\/noticias\/wp-json\/wp\/v2\/media?parent=73053"}],"wp:term":[{"taxonomy":"category","embeddable":true,"href":"https:\/\/wiy.com.br\/noticias\/wp-json\/wp\/v2\/categories?post=73053"},{"taxonomy":"post_tag","embeddable":true,"href":"https:\/\/wiy.com.br\/noticias\/wp-json\/wp\/v2\/tags?post=73053"}],"curies":[{"name":"wp","href":"https:\/\/api.w.org\/{rel}","templated":true}]}}