{"id":72987,"date":"2023-02-26T15:03:18","date_gmt":"2023-02-26T18:03:18","guid":{"rendered":"https:\/\/wiy.com.br\/noticias\/sintomas-da-covid-19-veja-a-lista-com-os-30-identificados-ate-o-momento\/"},"modified":"2022-05-10T10:05:07","modified_gmt":"2022-05-10T13:05:07","slug":"sintomas-da-covid-19-veja-a-lista-com-os-30-identificados-ate-o-momento","status":"publish","type":"post","link":"https:\/\/wiy.com.br\/noticias\/sintomas-da-covid-19-veja-a-lista-com-os-30-identificados-ate-o-momento\/","title":{"rendered":"Sintomas da Covid-19: veja a lista com os 30 identificados at\u00e9 o momento"},"content":{"rendered":"<p> <br \/>\n<\/p>\n<p>J\u00e1 faz mais de dois anos desde o come\u00e7o da <a href=\"https:\/\/olhardigital.com.br\/2022\/04\/15\/coronavirus\/saiba-os-sintomas-das-novas-variantes-da-covid-19\/\" target=\"_blank\" rel=\"noreferrer noopener\">pandemia <\/a>da Covid-19 e mesmo com uma redu\u00e7\u00e3o significativa dos casos e uma extensa vacina\u00e7\u00e3o contra a doen\u00e7a, as novas variantes e manifesta\u00e7\u00f5es do <a href=\"https:\/\/olhardigital.com.br\/2022\/04\/05\/coronavirus\/veja-os-novos-sintomas-da-covid-19-listados-no-reino-unido\/\" target=\"_blank\" rel=\"noreferrer noopener\">v\u00edrus <\/a>em diferentes organismos apresentam novos sintomas. Por conta disso, um estudo recente avaliou a chamada &#8220;covid longa&#8221;, que tem um impacto por um longo per\u00edodo de tempo na pessoa infectada.<\/p>\n<p>De acordo com a publica\u00e7\u00e3o divulgada pela<a href=\"https:\/\/cnnportugal.iol.pt\/sequelas\/sintomas\/30-sequelas-e-sintomas-persistentes-da-covid-19-confirme-se-tem-alguma-coisa-desta-lista\/20220508\/6275223d0cf2ea367d3a46d6\" target=\"_blank\" rel=\"noreferrer noopener\"> CNN Portugal<\/a>, a Covid-19 longa continua apresentando sintomas mesmo depois que o paciente se cura da fase aguda da doen\u00e7a. Entre os principais sintomas relatados por pacientes deste quadro, est\u00e3o perda de mem\u00f3ria, dificuldade de concentra\u00e7\u00e3o e fraqueza frequente.<\/p>\n<p><strong>Leia tamb\u00e9m!<\/strong><\/p>\n<ul>\n<li><a href=\"https:\/\/olhardigital.com.br\/2022\/05\/09\/coronavirus\/covid-19-pequim-realiza-nova-rodada-de-testes-em-massa\/\" target=\"_blank\" rel=\"noreferrer noopener\">Covid-19: Pequim realiza nova rodada de testes em massa<\/a><\/li>\n<li><a href=\"https:\/\/olhardigital.com.br\/2022\/05\/08\/coronavirus\/numero-real-de-mortes-por-covid-19-no-mundo-pode-ser-proximo-de-15-milhoes-diz-oms\/\" target=\"_blank\" rel=\"noreferrer noopener\">N\u00famero real de mortes por Covid-19 no mundo pode ser pr\u00f3ximo de 15 milh\u00f5es, diz OMS<\/a><\/li>\n<li><a href=\"https:\/\/olhardigital.com.br\/2022\/05\/08\/coronavirus\/primeiro-remedio-para-casos-leves-de-covid-19-e-incorporado-ao-sus\/\" target=\"_blank\" rel=\"noreferrer noopener\">Primeiro rem\u00e9dio para casos leves de Covid-19 \u00e9 incorporado ao SUS<\/a><\/li>\n<\/ul>\n<h2 id=\"h-veja-a-lista-com-30-sintomas-da-covid-19-relatados-ate-o-momento\">Veja a lista com 30 sintomas da Covid-19 relatados at\u00e9 o momento:<\/h2>\n<ul>\n<li>Fadiga<\/li>\n<li>Dor de cabe\u00e7a<\/li>\n<li>Dificuldades respirat\u00f3rias<\/li>\n<li>Dor de garganta<\/li>\n<li>Les\u00f5es pulmonares<\/li>\n<li>Dor no peito<\/li>\n<li>Tosse persistente<\/li>\n<li>Dor muscular e articular<\/li>\n<li>Ansiedade<\/li>\n<li>Depress\u00e3o<\/li>\n<li>Ins\u00f4nias<\/li>\n<li>Dificuldade de concentra\u00e7\u00e3o<\/li>\n<li>N\u00e9voa mental<\/li>\n<li>Perda de mem\u00f3ria<\/li>\n<li>Perda de olfacto<\/li>\n<li>Perda de paladar<\/li>\n<li>Irrita\u00e7\u00f5es cut\u00e2neas<\/li>\n<li>Perda de apetite<\/li>\n<li>V\u00f4mitos<\/li>\n<li>Dor abdominal<\/li>\n<li>Refluxo gastroesof\u00e1gico<\/li>\n<li>Diarreia<\/li>\n<li>Incontin\u00eancia urin\u00e1ria e fecal<\/li>\n<li>Altera\u00e7\u00f5es no ciclo menstrual<\/li>\n<li>Queda de cabelo<\/li>\n<li>Arrepios<\/li>\n<li>Suor abundante<\/li>\n<li>Arritmias e palpita\u00e7\u00f5es card\u00edacas<\/li>\n<li>Inflama\u00e7\u00e3o do mioc\u00e1rdio<\/li>\n<li>Edema dos membros<\/li>\n<\/ul>\n<p>Recentemente, o Servi\u00e7o Nacional de Sa\u00fade do Reino Unido (NHS) fez uma atualiza\u00e7\u00e3o adicionando mais sintomas na lista dos primeiros sinais do <a href=\"https:\/\/olhardigital.com.br\/2022\/04\/28\/coronavirus\/sintomas-da-covid-19-podem-retornar-apos-uso-de-remedio-da-pfizer-fda-investiga\/\" target=\"_blank\" rel=\"noreferrer noopener\">v\u00edrus <\/a>em adultos. Antes, apenas tr\u00eas sintomas figuravam entre os principais: tosse, febre e perda do olfato. Agora, para facilitar a identifica\u00e7\u00e3o da doen\u00e7a depois que o governo encerrou a testagem em massa, que dava direito a testes semanais gratuitos para toda a popula\u00e7\u00e3o, foram adicionados novos sintomas da Covid-19 na lista.<\/p>\n<p><strong>J\u00e1 assistiu aos novos v\u00eddeos no&nbsp;<a href=\"http:\/\/www.youtube.com\/channel\/UCGV72aVJuWP0QPNGH4YgIww?sub_confirmation=1\" target=\"_blank\" rel=\"noreferrer noopener\">YouTube<\/a>&nbsp;do Olhar Digital? Inscreva-se no canal!<\/strong><\/p>\n<p>O post <a rel=\"nofollow\" href=\"https:\/\/olhardigital.com.br\/2022\/05\/10\/coronavirus\/sintomas-da-covid-19-veja-a-lista-com-os-30-identificados-ate-o-momento\/\">Sintomas da Covid-19: veja a lista com os 30 identificados at\u00e9 o momento<\/a> apareceu primeiro em <a rel=\"nofollow\" href=\"https:\/\/olhardigital.com.br\">Olhar Digital<\/a>.<\/p>\n<p><br \/>\n<br \/><a href=\"https:\/\/olhardigital.com.br\/2022\/05\/10\/coronavirus\/sintomas-da-covid-19-veja-a-lista-com-os-30-identificados-ate-o-momento\/\">Fonte do Artigo <\/a><br \/>\nTags:<\/p>\n<p><a href=\"https:\/\/wiy.com.br\/noticias\/categoria\/tecnologia\/\">#tecnologia<\/a> <a href=\"https:\/\/wiy.com.br\/noticias\/categoria\/tecnologia\/\">#tecnologias<\/a> <a href=\"https:\/\/wiy.com.br\/noticias\/categoria\/tecnologia\/\">#technology<\/a> <a href=\"https:\/\/wiy.com.br\/noticias\/categoria\/tecnologia\/\">#tecnolog<\/a> <a href=\"https:\/\/wiy.com.br\/noticias\/categoria\/tecnologia\/\">#iphone<\/a> <a href=\"https:\/\/wiy.com.br\/noticias\/categoria\/tecnologia\/\">#informatica<\/a> <a href=\"https:\/\/wiy.com.br\/noticias\/categoria\/tecnologia\/\">#tech<\/a> <a href=\"https:\/\/wiy.com.br\/noticias\/categoria\/tecnologia\/\">#design<\/a> <a href=\"https:\/\/wiy.com.br\/noticias\/categoria\/tecnologia\/\">#samsung<\/a> <a href=\"https:\/\/wiy.com.br\/noticias\/categoria\/tecnologia\/\">#internet<\/a> <a href=\"https:\/\/wiy.com.br\/noticias\/categoria\/tecnologia\/\">#apple<\/a> <a href=\"https:\/\/wiy.com.br\/noticias\/categoria\/tecnologia\/\">#smartphone<\/a> <a href=\"https:\/\/wiy.com.br\/noticias\/categoria\/tecnologia\/\">#seguranca<\/a> <a href=\"https:\/\/wiy.com.br\/noticias\/categoria\/tecnologia\/\">#venezuela<\/a> <a href=\"https:\/\/wiy.com.br\/noticias\/categoria\/tecnologia\/\">#celular<\/a> <a href=\"https:\/\/wiy.com.br\/noticias\/categoria\/tecnologia\/\">#celulares<\/a> <a href=\"https:\/\/wiy.com.br\/noticias\/categoria\/tecnologia\/\">#inovar<\/a> <a href=\"https:\/\/wiy.com.br\/noticias\/categoria\/tecnologia\/\">#qualidade<\/a> <a href=\"https:\/\/wiy.com.br\/noticias\/categoria\/tecnologia\/\">#software<\/a> <a href=\"https:\/\/wiy.com.br\/noticias\/categoria\/tecnologia\/\">#empresas<\/a> <a href=\"https:\/\/wiy.com.br\/noticias\/categoria\/tecnologia\/\">#cursos<\/a> <a href=\"https:\/\/wiy.com.br\/noticias\/categoria\/tecnologia\/\">#engenharia<\/a> <a href=\"https:\/\/wiy.com.br\/noticias\/categoria\/tecnologia\/\">#industria<\/a> <a href=\"https:\/\/wiy.com.br\/noticias\/categoria\/tecnologia\/\">#marketing<\/a> <a href=\"https:\/\/wiy.com.br\/noticias\/categoria\/tecnologia\/\">#ti<\/a> <a href=\"https:\/\/wiy.com.br\/noticias\/categoria\/tecnologia\/\">#tecnoblog<\/a> <a href=\"https:\/\/wiy.com.br\/noticias\/categoria\/tecnologia\/\">#veja<\/a> <a href=\"https:\/\/wiy.com.br\/noticias\/categoria\/tecnologia\/\">#olhardigital<\/a> <a href=\"https:\/\/wiy.com.br\/noticias\/categoria\/tecnologia\/\">#mundodigital<\/a> <a href=\"https:\/\/wiy.com.br\/noticias\/categoria\/tecnologia\/\">#inteligenciaartificial<\/a> <a href=\"https:\/\/wiy.com.br\/criacao-de-sites\/\">#criar site<\/a> <a href=\"https:\/\/wiy.com.br\/criacao-de-sites\/\">#criar site curitiba<\/a> <a href=\"https:\/\/wiy.com.br\/criacao-de-sites\/\">#wiysolutions<\/a><\/p>\n","protected":false},"excerpt":{"rendered":"<p>J\u00e1 faz mais de dois anos desde o come\u00e7o da pandemia da Covid-19 e mesmo com uma redu\u00e7\u00e3o significativa dos casos e uma extensa vacina\u00e7\u00e3o contra a doen\u00e7a, as novas variantes e manifesta\u00e7\u00f5es do v\u00edrus em diferentes organismos apresentam novos sintomas. Por conta disso, um estudo recente avaliou a chamada &#8220;covid longa&#8221;, que tem um [&hellip;]<\/p>\n","protected":false},"author":1,"featured_media":72988,"comment_status":"open","ping_status":"open","sticky":false,"template":"","format":"standard","meta":{"footnotes":""},"categories":[5],"tags":[],"class_list":["post-72987","post","type-post","status-publish","format-standard","has-post-thumbnail","hentry","category-tecnologia"],"_links":{"self":[{"href":"https:\/\/wiy.com.br\/noticias\/wp-json\/wp\/v2\/posts\/72987","targetHints":{"allow":["GET"]}}],"collection":[{"href":"https:\/\/wiy.com.br\/noticias\/wp-json\/wp\/v2\/posts"}],"about":[{"href":"https:\/\/wiy.com.br\/noticias\/wp-json\/wp\/v2\/types\/post"}],"author":[{"embeddable":true,"href":"https:\/\/wiy.com.br\/noticias\/wp-json\/wp\/v2\/users\/1"}],"replies":[{"embeddable":true,"href":"https:\/\/wiy.com.br\/noticias\/wp-json\/wp\/v2\/comments?post=72987"}],"version-history":[{"count":0,"href":"https:\/\/wiy.com.br\/noticias\/wp-json\/wp\/v2\/posts\/72987\/revisions"}],"wp:featuredmedia":[{"embeddable":true,"href":"https:\/\/wiy.com.br\/noticias\/wp-json\/wp\/v2\/media\/72988"}],"wp:attachment":[{"href":"https:\/\/wiy.com.br\/noticias\/wp-json\/wp\/v2\/media?parent=72987"}],"wp:term":[{"taxonomy":"category","embeddable":true,"href":"https:\/\/wiy.com.br\/noticias\/wp-json\/wp\/v2\/categories?post=72987"},{"taxonomy":"post_tag","embeddable":true,"href":"https:\/\/wiy.com.br\/noticias\/wp-json\/wp\/v2\/tags?post=72987"}],"curies":[{"name":"wp","href":"https:\/\/api.w.org\/{rel}","templated":true}]}}