{"id":72867,"date":"2023-02-26T15:52:56","date_gmt":"2023-02-26T18:52:56","guid":{"rendered":"https:\/\/wiy.com.br\/noticias\/eclipse-solar-podera-ser-visto-neste-sabado-30\/"},"modified":"2022-05-01T01:05:09","modified_gmt":"2022-05-01T04:05:09","slug":"eclipse-solar-podera-ser-visto-neste-sabado-30","status":"publish","type":"post","link":"https:\/\/wiy.com.br\/noticias\/eclipse-solar-podera-ser-visto-neste-sabado-30\/","title":{"rendered":"Eclipse solar poder\u00e1 ser visto neste s\u00e1bado (30)"},"content":{"rendered":"<p> <br \/>\n<\/p>\n<div class=\"post-item alt-font\">\n<div class=\"post-item-wrap\">\n<p>Um<strong> eclipse<\/strong> solar poder\u00e1 ser observado neste s\u00e1bado (30), a partir de algumas regi\u00f5es remotas do planeta.<\/p>\n<p>O fen\u00f4meno deve ser visto, a olho nu, por quem estiver na parte sul da Am\u00e9rica do Sul, especialmente no extremo do continente, onde o eclipse ser\u00e1 mais intenso, abrangendo entre 40% e 54% do disco do Sol.<\/p>\n<p>Poder\u00e1 ser visto tamb\u00e9m em partes da Ant\u00e1rtica e na parte sul dos oceanos Pac\u00edfico e Atl\u00e2ntico. No Brasil, existe a chance de quem estiver na regi\u00e3o oeste do Rio Grande do Sul veja o evento, a partir das<span>\u00a017h50.<\/span><\/p>\n<p>O eclipse poder\u00e1 ser acompanhado via retransmiss\u00e3o que ser\u00e1 feita pela p\u00e1gina do<span>\u00a0<\/span>Observat\u00f3rio Nacional<span>\u00a0<\/span>no YouTube, a partir das\u00a015h.<\/p>\n<p>Eclipses solares ocorrem quando a lua fica entre o sol e a Terra, projetando uma sombra sobre o planeta. A sombra mais escura, onde toda a luz solar \u00e9 bloqueada, \u00e9 chamada umbra. Em torno da umbra se define a sombra mais clara, a penumbra, onde a luz solar \u00e9 parcialmente bloqueada.<a href=\"https:\/\/agenciabrasil.ebc.com.br\/tags\/oservatorio-nacional\" class=\"mb-2\"><\/a><\/p>\n<p><em>Com informa\u00e7\u00f5es da Ag\u00eancia Brasil<\/em><\/p>\n<\/div>\n<\/div>\n<div class=\"ads post-ads\"><span class=\"title\">Continua ap\u00f3s a publicidade<\/span><\/p>\n<div id=\"abrAD_rectangle3\" class=\"abrAD\" data-ad-><\/div>\n<\/div>\n<p><br \/>\n<br \/><a href=\"https:\/\/vejasp.abril.com.br\/cidades\/eclipse-solar-podera-ser-visto-neste-sabado-30\/\">Fonte do Artigo <\/a><br \/>\nTags:<br \/>\n#loterias #loteriascaixa #megasena #resultadoapostas#noticias #noticiario  #noticia #brasil #noticiascolombia #mundo #esporte #colombia #noticiadeld #ltimasnoticias  #noticiario #noticiasregionales #noticiasdepartamentales #noticiashoy #esportes #noticiaahora #elinformantenoticias #noticiasdeboyac  #esporteinterativo #esportivo #diariodosesportes  #noticiero  #jogodefutebol #jogos #loto #apostas<\/p>\n","protected":false},"excerpt":{"rendered":"<p>Um eclipse solar poder\u00e1 ser observado neste s\u00e1bado (30), a partir de algumas regi\u00f5es remotas do planeta. O fen\u00f4meno deve ser visto, a olho nu, por quem estiver na parte sul da Am\u00e9rica do Sul, especialmente no extremo do continente, onde o eclipse ser\u00e1 mais intenso, abrangendo entre 40% e 54% do disco do Sol. [&hellip;]<\/p>\n","protected":false},"author":1,"featured_media":72868,"comment_status":"open","ping_status":"open","sticky":false,"template":"","format":"standard","meta":{"footnotes":""},"categories":[1],"tags":[],"class_list":["post-72867","post","type-post","status-publish","format-standard","has-post-thumbnail","hentry","category-curso-de-copy"],"_links":{"self":[{"href":"https:\/\/wiy.com.br\/noticias\/wp-json\/wp\/v2\/posts\/72867","targetHints":{"allow":["GET"]}}],"collection":[{"href":"https:\/\/wiy.com.br\/noticias\/wp-json\/wp\/v2\/posts"}],"about":[{"href":"https:\/\/wiy.com.br\/noticias\/wp-json\/wp\/v2\/types\/post"}],"author":[{"embeddable":true,"href":"https:\/\/wiy.com.br\/noticias\/wp-json\/wp\/v2\/users\/1"}],"replies":[{"embeddable":true,"href":"https:\/\/wiy.com.br\/noticias\/wp-json\/wp\/v2\/comments?post=72867"}],"version-history":[{"count":0,"href":"https:\/\/wiy.com.br\/noticias\/wp-json\/wp\/v2\/posts\/72867\/revisions"}],"wp:featuredmedia":[{"embeddable":true,"href":"https:\/\/wiy.com.br\/noticias\/wp-json\/wp\/v2\/media\/72868"}],"wp:attachment":[{"href":"https:\/\/wiy.com.br\/noticias\/wp-json\/wp\/v2\/media?parent=72867"}],"wp:term":[{"taxonomy":"category","embeddable":true,"href":"https:\/\/wiy.com.br\/noticias\/wp-json\/wp\/v2\/categories?post=72867"},{"taxonomy":"post_tag","embeddable":true,"href":"https:\/\/wiy.com.br\/noticias\/wp-json\/wp\/v2\/tags?post=72867"}],"curies":[{"name":"wp","href":"https:\/\/api.w.org\/{rel}","templated":true}]}}