{"id":72738,"date":"2023-02-26T15:00:41","date_gmt":"2023-02-26T18:00:41","guid":{"rendered":"https:\/\/wiy.com.br\/noticias\/taxa-de-ocupacao-de-hoteis-no-litoral-e-no-interior-de-sp-supera-80\/"},"modified":"2022-04-20T20:05:06","modified_gmt":"2022-04-20T23:05:06","slug":"taxa-de-ocupacao-de-hoteis-no-litoral-e-no-interior-de-sp-supera-80","status":"publish","type":"post","link":"https:\/\/wiy.com.br\/noticias\/taxa-de-ocupacao-de-hoteis-no-litoral-e-no-interior-de-sp-supera-80\/","title":{"rendered":"Taxa de ocupa\u00e7\u00e3o de hot\u00e9is no litoral e no interior de SP supera 80%"},"content":{"rendered":"<p> <br \/>\n<\/p>\n<p>A ocupa\u00e7\u00e3o dos hot\u00e9is no litoral e no interior paulista superou os 80% para o <strong>feriado prolongado de Tiradentes,<\/strong> segundo a Associa\u00e7\u00e3o Brasileira da Ind\u00fastria de Hot\u00e9is do Estado de S\u00e3o Paulo. Segundo a entidade, a rede hoteleira deve chegar a ocupa\u00e7\u00e3o m\u00e1xima, com os viajantes que deixaram para reservar a hospedagem de \u00faltima hora.<img title = \"[Tags]\"alt = \"ebc Taxa de ocupa\u00e7\u00e3o de hot\u00e9is no litoral e no interior de SP supera 80%\"decoding=\"async\" src=\"https:\/\/agenciabrasil.ebc.com.br\/ebc.png?id=1455182&amp;o=node\" border=\"0\" \/><img title = \"[Tags]\"alt = \"ebc Taxa de ocupa\u00e7\u00e3o de hot\u00e9is no litoral e no interior de SP supera 80%\"decoding=\"async\" src=\"https:\/\/agenciabrasil.ebc.com.br\/ebc.gif?id=1455182&amp;o=node\" border=\"0\" \/><\/p>\n<p>Na capital paulista, no entanto, a ocupa\u00e7\u00e3o dos hot\u00e9is est\u00e1 em torno de 40%, de acordo com a estimativa da associa\u00e7\u00e3o, apesar de as escolas de samba, que deixaram de desfilar no carnaval devido \u00e0 pandemia da <strong>Covid-19,<\/strong> se apresentarem ao longo do feriado.<\/p>\n<p>N\u00e3o haver\u00e1, pelo menos de forma oficial, desfile dos blocos e o carnaval de rua, que tinha se tornado um atrativo tur\u00edstico paulistano antes da pandemia. No per\u00edodo, a ocupa\u00e7\u00e3o total das vagas em hot\u00e9is na cidade ficava, segundo as estimativas anteriores da entidade, acima de 60%, chegando a mais de 80% nos estabelecimentos de menor custo e pr\u00f3ximos ao circuito dos blocos.<\/p>\n<p><em><strong>Com informa\u00e7\u00f5es da Ag\u00eancia Brasil<\/strong><\/em><\/p>\n<div id=\"relacionadas\" class=\"block  three_columns\">\n<ul class=\"block-menu\">\n<li data-tab=\"tab-1\" class=\"active\">Relacionadas<\/li>\n<\/ul>\n<div id=\"tab-1\" class=\"block-content active\">\n<ul class=\"relacionadas-s-img\">\n<li class=\"widget-news-item without-thumb with-border\">\n<div class=\"widget-news-info\"><a href=\"http:\/\/vejasp.abril.com.br\/cidades\">Cidades<\/a><span class=\"widget-news-item-title\"><a href=\"https:\/\/vejasp.abril.com.br\/cidades\/pipa-pouso-airbus-a380-aeroporto-de-guarulhos\/\">Pipa atrapalha o pouso de Airbus A380 no Aeroporto de Guarulhos<\/a><\/span><span class=\"widget-news-item-date\">20 abr 2022 &#8211; 16h04<\/span><\/div>\n<\/li>\n<li class=\"widget-news-item without-thumb with-border\">\n<div class=\"widget-news-info\"><a href=\"http:\/\/vejasp.abril.com.br\/cidades\">Cidades<\/a><span class=\"widget-news-item-title\"><a href=\"https:\/\/vejasp.abril.com.br\/cidades\/arthur-do-val-renuncia-ao-mandato-de-deputado\/\">Arthur do Val anuncia ren\u00fancia ao mandato de deputado<\/a><\/span><span class=\"widget-news-item-date\">20 abr 2022 &#8211; 13h04<\/span><\/div>\n<\/li>\n<li class=\"widget-news-item without-thumb with-border\">\n<div class=\"widget-news-info\"><a href=\"http:\/\/vejasp.abril.com.br\/saude\">Sa\u00fade<\/a><span class=\"widget-news-item-title\"><a href=\"https:\/\/vejasp.abril.com.br\/saude\/rodrigo-alta-uti\/\">Ex-BBB Rodrigo Mussi tem alta da UTI vinte dias ap\u00f3s acidente<\/a><\/span><span class=\"widget-news-item-date\">20 abr 2022 &#8211; 13h04<\/span><\/div>\n<\/li>\n<\/ul>\n<\/div>\n<\/div>\n<p>&nbsp;<\/p>\n<div class=\"ads post-ads\"><span class=\"title\">Continua ap\u00f3s a publicidade<\/span><\/p>\n<div id=\"abrAD_rectangle3\" class=\"abrAD\" data-ad-><\/div>\n<\/div>\n<p><br \/>\n<br \/><a href=\"https:\/\/vejasp.abril.com.br\/cidades\/taxa-de-ocupacao-de-hoteis-no-litoral-e-no-interior-de-sp-supera-80\/\">Fonte do Artigo <\/a><br \/>\nTags:<br \/>\n#loterias #loteriascaixa #megasena #resultadoapostas#noticias #noticiario  #noticia #brasil #noticiascolombia #mundo #esporte #colombia #noticiadeld #ltimasnoticias  #noticiario #noticiasregionales #noticiasdepartamentales #noticiashoy #esportes #noticiaahora #elinformantenoticias #noticiasdeboyac  #esporteinterativo #esportivo #diariodosesportes  #noticiero  #jogodefutebol #jogos #loto #apostas<\/p>\n","protected":false},"excerpt":{"rendered":"<p>A ocupa\u00e7\u00e3o dos hot\u00e9is no litoral e no interior paulista superou os 80% para o feriado prolongado de Tiradentes, segundo a Associa\u00e7\u00e3o Brasileira da Ind\u00fastria de Hot\u00e9is do Estado de S\u00e3o Paulo. Segundo a entidade, a rede hoteleira deve chegar a ocupa\u00e7\u00e3o m\u00e1xima, com os viajantes que deixaram para reservar a hospedagem de \u00faltima hora. [&hellip;]<\/p>\n","protected":false},"author":1,"featured_media":72739,"comment_status":"open","ping_status":"open","sticky":false,"template":"","format":"standard","meta":{"footnotes":""},"categories":[1],"tags":[],"class_list":["post-72738","post","type-post","status-publish","format-standard","has-post-thumbnail","hentry","category-curso-de-copy"],"_links":{"self":[{"href":"https:\/\/wiy.com.br\/noticias\/wp-json\/wp\/v2\/posts\/72738","targetHints":{"allow":["GET"]}}],"collection":[{"href":"https:\/\/wiy.com.br\/noticias\/wp-json\/wp\/v2\/posts"}],"about":[{"href":"https:\/\/wiy.com.br\/noticias\/wp-json\/wp\/v2\/types\/post"}],"author":[{"embeddable":true,"href":"https:\/\/wiy.com.br\/noticias\/wp-json\/wp\/v2\/users\/1"}],"replies":[{"embeddable":true,"href":"https:\/\/wiy.com.br\/noticias\/wp-json\/wp\/v2\/comments?post=72738"}],"version-history":[{"count":0,"href":"https:\/\/wiy.com.br\/noticias\/wp-json\/wp\/v2\/posts\/72738\/revisions"}],"wp:featuredmedia":[{"embeddable":true,"href":"https:\/\/wiy.com.br\/noticias\/wp-json\/wp\/v2\/media\/72739"}],"wp:attachment":[{"href":"https:\/\/wiy.com.br\/noticias\/wp-json\/wp\/v2\/media?parent=72738"}],"wp:term":[{"taxonomy":"category","embeddable":true,"href":"https:\/\/wiy.com.br\/noticias\/wp-json\/wp\/v2\/categories?post=72738"},{"taxonomy":"post_tag","embeddable":true,"href":"https:\/\/wiy.com.br\/noticias\/wp-json\/wp\/v2\/tags?post=72738"}],"curies":[{"name":"wp","href":"https:\/\/api.w.org\/{rel}","templated":true}]}}