{"id":72381,"date":"2023-02-26T15:49:05","date_gmt":"2023-02-26T18:49:05","guid":{"rendered":"https:\/\/wiy.com.br\/noticias\/oneplus-10-pro-ja-tem-data-de-lancamento-mundial\/"},"modified":"2022-03-26T19:05:07","modified_gmt":"2022-03-26T22:05:07","slug":"oneplus-10-pro-ja-tem-data-de-lancamento-mundial","status":"publish","type":"post","link":"https:\/\/wiy.com.br\/noticias\/oneplus-10-pro-ja-tem-data-de-lancamento-mundial\/","title":{"rendered":"OnePlus 10 Pro j\u00e1 tem data de lan\u00e7amento mundial"},"content":{"rendered":"<p> <br \/>\n<\/p>\n<p>Em janeiro deste ano, o <a href=\"https:\/\/olhardigital.com.br\/2021\/04\/09\/reviews\/oneplus-vs-samsung-ladrao-rouba-smartphone-mas-devolve-porque-nao-gostou-da-marca\/\" target=\"_blank\" rel=\"noreferrer noopener\">smartphone <\/a>OnePlus 10 Pro foi anunciado na China. Depois, durante o <a href=\"https:\/\/olhardigital.com.br\/tag\/mwc-2022\/\" target=\"_blank\" rel=\"noreferrer noopener\">MWC 2022<\/a>, em fevereiro, a empresa confirmou que o lan\u00e7amento mundial aconteceria no m\u00eas seguinte. Agora, a apresenta\u00e7\u00e3o global oficial j\u00e1 tem data marcada: 31 de mar\u00e7o.<\/p>\n<figure class=\"wp-block-image size-full\"><img title = \"[Tags]\"decoding=\"async\" loading=\"lazy\" width=\"1000\" height=\"565\" src=\"https:\/\/img.olhardigital.com.br\/wp-content\/uploads\/2022\/03\/OnePlus-10-Pro.jpg\"alt = \"OnePlus-10-Pro OnePlus 10 Pro j\u00e1 tem data de lan\u00e7amento mundial\" class=\"wp-image-341826\" \/><figcaption>Novo OnePlus 10 Pro ter\u00e1 lan\u00e7amento mundial no dia 31 de mar\u00e7o. Imagem: OnePlus<\/figcaption><\/figure>\n<p>A partir desse dia, j\u00e1 ser\u00e1 poss\u00edvel pr\u00e9-encomendar o aparelho. Embora a marca n\u00e3o tenha revelado a data exata em que os dispositivos estar\u00e3o nas lojas, pelos lan\u00e7amentos anteriores pode-se presumir que seja cerca de uma semana depois.<\/p>\n<p>Na China, os celulares OnePlus 10 Pro t\u00eam quatro configura\u00e7\u00f5es de mem\u00f3ria dispon\u00edveis: 128 GB de armazenamento e 8 GB de RAM, 256 GB de armazenamento e 8 GB de RAM, 256 GB de armazenamento e 12 GB de RAM ou 512 GB de armazenamento e 12 GB de RAM.\u00a0<\/p>\n<p><strong>Leia mais:<\/strong><\/p>\n<ul>\n<li><a href=\"https:\/\/olhardigital.com.br\/2022\/02\/01\/reviews\/oneplus-10-ultra-pode-ter-camera-com-lente-periscopio-e-uma-pequena-tela\/\" target=\"_blank\" rel=\"noreferrer noopener\">OnePlus 10 Ultra pode ter c\u00e2mera com lente perisc\u00f3pio e uma pequena tela<\/a><\/li>\n<li><a href=\"https:\/\/olhardigital.com.br\/2022\/01\/07\/reviews\/reveladas-especificacoes-e-imagens-tiradas-com-a-camera-do-oneplus-10-pro\/\" target=\"_blank\" rel=\"noreferrer noopener\">Reveladas especifica\u00e7\u00f5es e imagens tiradas com a c\u00e2mera do OnePlus 10 Pro<\/a><\/li>\n<li><a href=\"https:\/\/olhardigital.com.br\/2021\/12\/16\/reviews\/oneplus-buds-z2-e-um-fone-baratinho-e-com-cancelamento-ativo-de-ruido\/\" target=\"_blank\" rel=\"noreferrer noopener\">OnePlus Buds Z2 \u00e9 um fone baratinho e com cancelamento ativo de ru\u00eddo<\/a><\/li>\n<\/ul>\n<p>\u00c9 poss\u00edvel que apenas algumas dessas op\u00e7\u00f5es sejam disponibilizadas em cada regi\u00e3o do planeta. Por exemplo, os EUA n\u00e3o conseguiram tantas configura\u00e7\u00f5es do <a href=\"https:\/\/olhardigital.com.br\/2021\/07\/06\/reviews\/oneplus-processamento-limitado-rumor\/\" target=\"_blank\" rel=\"noreferrer noopener\">OnePlus 9 Pro<\/a> quanto o Reino Unido.<\/p>\n<p>Segundo a OnePlus, o principal perfil de armazenamento do OnePlus 10 Pro \u00e9 a configura\u00e7\u00e3o de 12 GB \/ 512 GB, que caracteriza um modelo especial apelidado de OnePlus 10 Pro Extreme Edition. Esse modelo vem em um branco chamado Panda White, no qual as outras vers\u00f5es n\u00e3o est\u00e3o dispon\u00edveis &#8211; mas \u00e9 o mesmo telefone.<\/p>\n<figure class=\"wp-block-image size-full\"><img title = \"[Tags]\"decoding=\"async\" loading=\"lazy\" width=\"970\" height=\"544\" src=\"https:\/\/img.olhardigital.com.br\/wp-content\/uploads\/2022\/03\/OnePlus-10-Pro-Extreme-Edition.webp\"alt = \"OnePlus-10-Pro OnePlus 10 Pro j\u00e1 tem data de lan\u00e7amento mundial\" class=\"wp-image-341827\" \/><figcaption> OnePlus 10 Pro Extreme Edition \u00e9 o \u00fanico modelo que vem em um branco chamado Panda White. Imagem: OnePlus<\/figcaption><\/figure>\n<p>Ainda n\u00e3o se sabe se a Extreme Edition tamb\u00e9m ser\u00e1 apresentada globalmente ou apenas as capacidades mais baixas, dispon\u00edveis nos tons Volcanic Black (preto) ou Emerald Forest (verde).<\/p>\n<p>Em rela\u00e7\u00e3o ao pre\u00e7o, na <a href=\"https:\/\/olhardigital.com.br\/2022\/03\/17\/reviews\/moto-edge-x30-camera-sob-tela-lancado-china\/\" target=\"_blank\" rel=\"noreferrer noopener\">China <\/a>o modelo come\u00e7a em 4.699 Yuan, que \u00e9 cerca de US$740 (algo em torno de R$3.510). No entanto, ainda n\u00e3o foram revelados os pre\u00e7os para o mercado internacional.<\/p>\n<p><strong>J\u00e1 assistiu aos nossos novos v\u00eddeos no&nbsp;<\/strong><a href=\"http:\/\/www.youtube.com\/channel\/UCGV72aVJuWP0QPNGH4YgIww?sub_confirmation=1\" target=\"_blank\" rel=\"noreferrer noopener\"><strong>YouTube<\/strong><\/a><strong>? Inscreva-se no nosso canal!<\/strong><\/p>\n<p>O post <a rel=\"nofollow\" href=\"https:\/\/olhardigital.com.br\/2022\/03\/26\/reviews\/oneplus-10-pro-ja-tem-data-de-lancamento-mundial\/\">OnePlus 10 Pro j\u00e1 tem data de lan\u00e7amento mundial<\/a> apareceu primeiro em <a rel=\"nofollow\" href=\"https:\/\/olhardigital.com.br\">Olhar Digital<\/a>.<\/p>\n<p><br \/>\n<br \/><a href=\"https:\/\/olhardigital.com.br\/2022\/03\/26\/reviews\/oneplus-10-pro-ja-tem-data-de-lancamento-mundial\/\">Fonte do Artigo <\/a><br \/>\nTags:<\/p>\n<p><a href=\"https:\/\/wiy.com.br\/noticias\/categoria\/tecnologia\/\">#tecnologia<\/a> <a href=\"https:\/\/wiy.com.br\/noticias\/categoria\/tecnologia\/\">#tecnologias<\/a> <a href=\"https:\/\/wiy.com.br\/noticias\/categoria\/tecnologia\/\">#technology<\/a> <a href=\"https:\/\/wiy.com.br\/noticias\/categoria\/tecnologia\/\">#tecnolog<\/a> <a href=\"https:\/\/wiy.com.br\/noticias\/categoria\/tecnologia\/\">#iphone<\/a> <a href=\"https:\/\/wiy.com.br\/noticias\/categoria\/tecnologia\/\">#informatica<\/a> <a href=\"https:\/\/wiy.com.br\/noticias\/categoria\/tecnologia\/\">#tech<\/a> <a href=\"https:\/\/wiy.com.br\/noticias\/categoria\/tecnologia\/\">#design<\/a> <a href=\"https:\/\/wiy.com.br\/noticias\/categoria\/tecnologia\/\">#samsung<\/a> <a href=\"https:\/\/wiy.com.br\/noticias\/categoria\/tecnologia\/\">#internet<\/a> <a href=\"https:\/\/wiy.com.br\/noticias\/categoria\/tecnologia\/\">#apple<\/a> <a href=\"https:\/\/wiy.com.br\/noticias\/categoria\/tecnologia\/\">#smartphone<\/a> <a href=\"https:\/\/wiy.com.br\/noticias\/categoria\/tecnologia\/\">#seguranca<\/a> <a href=\"https:\/\/wiy.com.br\/noticias\/categoria\/tecnologia\/\">#venezuela<\/a> <a href=\"https:\/\/wiy.com.br\/noticias\/categoria\/tecnologia\/\">#celular<\/a> <a href=\"https:\/\/wiy.com.br\/noticias\/categoria\/tecnologia\/\">#celulares<\/a> <a href=\"https:\/\/wiy.com.br\/noticias\/categoria\/tecnologia\/\">#inovar<\/a> <a href=\"https:\/\/wiy.com.br\/noticias\/categoria\/tecnologia\/\">#qualidade<\/a> <a href=\"https:\/\/wiy.com.br\/noticias\/categoria\/tecnologia\/\">#software<\/a> <a href=\"https:\/\/wiy.com.br\/noticias\/categoria\/tecnologia\/\">#empresas<\/a> <a href=\"https:\/\/wiy.com.br\/noticias\/categoria\/tecnologia\/\">#cursos<\/a> <a href=\"https:\/\/wiy.com.br\/noticias\/categoria\/tecnologia\/\">#engenharia<\/a> <a href=\"https:\/\/wiy.com.br\/noticias\/categoria\/tecnologia\/\">#industria<\/a> <a href=\"https:\/\/wiy.com.br\/noticias\/categoria\/tecnologia\/\">#marketing<\/a> <a href=\"https:\/\/wiy.com.br\/noticias\/categoria\/tecnologia\/\">#ti<\/a> <a href=\"https:\/\/wiy.com.br\/noticias\/categoria\/tecnologia\/\">#tecnoblog<\/a> <a href=\"https:\/\/wiy.com.br\/noticias\/categoria\/tecnologia\/\">#veja<\/a> <a href=\"https:\/\/wiy.com.br\/noticias\/categoria\/tecnologia\/\">#olhardigital<\/a> <a href=\"https:\/\/wiy.com.br\/noticias\/categoria\/tecnologia\/\">#mundodigital<\/a> <a href=\"https:\/\/wiy.com.br\/noticias\/categoria\/tecnologia\/\">#inteligenciaartificial<\/a> <a href=\"https:\/\/wiy.com.br\/criacao-de-sites\/\">#criar site<\/a> <a href=\"https:\/\/wiy.com.br\/criacao-de-sites\/\">#criar site curitiba<\/a> <a href=\"https:\/\/wiy.com.br\/criacao-de-sites\/\">#wiysolutions<\/a><\/p>\n","protected":false},"excerpt":{"rendered":"<p>Em janeiro deste ano, o smartphone OnePlus 10 Pro foi anunciado na China. Depois, durante o MWC 2022, em fevereiro, a empresa confirmou que o lan\u00e7amento mundial aconteceria no m\u00eas seguinte. Agora, a apresenta\u00e7\u00e3o global oficial j\u00e1 tem data marcada: 31 de mar\u00e7o. Novo OnePlus 10 Pro ter\u00e1 lan\u00e7amento mundial no dia 31 de mar\u00e7o. [&hellip;]<\/p>\n","protected":false},"author":1,"featured_media":72382,"comment_status":"open","ping_status":"open","sticky":false,"template":"","format":"standard","meta":{"footnotes":""},"categories":[5],"tags":[],"class_list":["post-72381","post","type-post","status-publish","format-standard","has-post-thumbnail","hentry","category-tecnologia"],"_links":{"self":[{"href":"https:\/\/wiy.com.br\/noticias\/wp-json\/wp\/v2\/posts\/72381","targetHints":{"allow":["GET"]}}],"collection":[{"href":"https:\/\/wiy.com.br\/noticias\/wp-json\/wp\/v2\/posts"}],"about":[{"href":"https:\/\/wiy.com.br\/noticias\/wp-json\/wp\/v2\/types\/post"}],"author":[{"embeddable":true,"href":"https:\/\/wiy.com.br\/noticias\/wp-json\/wp\/v2\/users\/1"}],"replies":[{"embeddable":true,"href":"https:\/\/wiy.com.br\/noticias\/wp-json\/wp\/v2\/comments?post=72381"}],"version-history":[{"count":0,"href":"https:\/\/wiy.com.br\/noticias\/wp-json\/wp\/v2\/posts\/72381\/revisions"}],"wp:featuredmedia":[{"embeddable":true,"href":"https:\/\/wiy.com.br\/noticias\/wp-json\/wp\/v2\/media\/72382"}],"wp:attachment":[{"href":"https:\/\/wiy.com.br\/noticias\/wp-json\/wp\/v2\/media?parent=72381"}],"wp:term":[{"taxonomy":"category","embeddable":true,"href":"https:\/\/wiy.com.br\/noticias\/wp-json\/wp\/v2\/categories?post=72381"},{"taxonomy":"post_tag","embeddable":true,"href":"https:\/\/wiy.com.br\/noticias\/wp-json\/wp\/v2\/tags?post=72381"}],"curies":[{"name":"wp","href":"https:\/\/api.w.org\/{rel}","templated":true}]}}