{"id":72350,"date":"2023-02-26T15:10:04","date_gmt":"2023-02-26T18:10:04","guid":{"rendered":"https:\/\/wiy.com.br\/noticias\/com-chegada-ao-brasil-esperada-novo-e-hibrido-honda-civic-ehev-esta-dando-as-caras-na-europa\/"},"modified":"2022-03-24T11:05:07","modified_gmt":"2022-03-24T14:05:07","slug":"com-chegada-ao-brasil-esperada-novo-e-hibrido-honda-civic-ehev-esta-dando-as-caras-na-europa","status":"publish","type":"post","link":"https:\/\/wiy.com.br\/noticias\/com-chegada-ao-brasil-esperada-novo-e-hibrido-honda-civic-ehev-esta-dando-as-caras-na-europa\/","title":{"rendered":"Com chegada ao Brasil esperada, novo e h\u00edbrido Honda Civic e:HEV est\u00e1 dando as caras na Europa"},"content":{"rendered":"<p> <br \/>\n<\/p>\n<p>A japonesa Honda est\u00e1 atualizando seu novo Civic h\u00edbrido, nomeando o hatchback de e:HEV, refor\u00e7ando desde a\u00ed suas caracter\u00edsticas <a href=\"https:\/\/olhardigital.com.br\/2022\/03\/23\/carros-e-tecnologia\/baterias-quanticas-permitirao-carros-eletricos-carregar-tao-rapido-quanto-com-uma-bomba-de-posto\/\" target=\"_blank\" rel=\"noreferrer noopener\">el\u00e9tricas<\/a>. Revelado agora para o mercado europeu, o ve\u00edculo est\u00e1 sendo esperado para chegar ao Brasil (em um formato sedan) l\u00e1 pelo quarto trimestre deste ano, importado do M\u00e9xico.<\/p>\n<p>Estamos falando de um modelo baseado no Civic de 11\u00aa gera\u00e7\u00e3o 2022 que, como o nome indica, possui for\u00e7a el\u00e9trica em disposi\u00e7\u00e3o h\u00edbrida com um<a href=\"https:\/\/olhardigital.com.br\/2021\/11\/01\/ciencia-e-espaco\/honda-prototipo-foguetes\/\" target=\"_blank\" rel=\"noreferrer noopener\"> motor<\/a> de 2,0 litros, maior que o usado no modelo Insight atual da Honda (que roda na plataforma Civic de 10\u00aa gera\u00e7\u00e3o). Logo, h\u00e1 muitas atualiza\u00e7\u00f5es no carro de agora.<\/p>\n<p><strong>Leia tamb\u00e9m:<\/strong><\/p>\n<ul>\n<li><a href=\"https:\/\/olhardigital.com.br\/2022\/03\/21\/carros-e-tecnologia\/carro-hibrido-com-autonomia-quase-total-sendo-desenvolvido-pelo-centro-aeroespacial-da-alemanha\/\" target=\"_blank\" rel=\"noreferrer noopener\">Carro h\u00edbrido com autonomia quase total sendo desenvolvido pelo Centro Aeroespacial da Alemanha <\/a><\/li>\n<li><a href=\"https:\/\/olhardigital.com.br\/2022\/03\/18\/carros-e-tecnologia\/porsche-confirma-que-um-hibrido-911-devera-chegar-mas-nao-sera-plug-in\/\" target=\"_blank\" rel=\"noreferrer noopener\">Porsche confirma que um h\u00edbrido 911 dever\u00e1 chegar, mas n\u00e3o ser\u00e1 plug-in <\/a><\/li>\n<li><a href=\"https:\/\/olhardigital.com.br\/2022\/03\/04\/carros-e-tecnologia\/sony-e-honda-se-unem-para-desenvolver-veiculos-eletricos-e-comercializa-los-a-partir-de-2025\/\" target=\"_blank\" rel=\"noreferrer noopener\">Sony e Honda se unem para desenvolver ve\u00edculos el\u00e9tricos e comercializ\u00e1-los a partir de 2025 <\/a><\/li>\n<\/ul>\n<figure class=\"wp-block-image size-large\"><img title = \"[Tags]\"decoding=\"async\" loading=\"lazy\" width=\"1024\" height=\"576\" src=\"https:\/\/img.olhardigital.com.br\/wp-content\/uploads\/2022\/03\/civic_1-1024x576.jpg\"alt = \"civic_1-1024x576 Com chegada ao Brasil esperada, novo e h\u00edbrido Honda Civic e:HEV est\u00e1 dando as caras na Europa\" class=\"wp-image-340692\" \/><figcaption>Imagem: Divulga\u00e7\u00e3o\/Honda<\/figcaption><\/figure>\n<p>Chegando \u00e0<a href=\"https:\/\/olhardigital.com.br\/2022\/03\/21\/pro\/google-conectara-togo-a-europa-atraves-de-cabos-submarinos\/\" target=\"_blank\" rel=\"noreferrer noopener\"> Europa<\/a> agora, o novo hatch h\u00edbrido da Honda servir\u00e1 como modelo de entrada em um mercado que tamb\u00e9m receber\u00e1 o novo Civic Type R. Seu trem de for\u00e7a \u00e9 diferente do usado pelo carro que est\u00e1 dispon\u00edvel na vers\u00e3o dos EUA, mas o estilo entre os dois \u00e9 quase id\u00eantico.<\/p>\n<p>Ent\u00e3o, por dentro do ve\u00edculo, temos uma nova <a href=\"https:\/\/olhardigital.com.br\/2021\/12\/22\/carros-e-tecnologia\/conceito-de-cabine-da-mitsubishi-rastreia-os-olhos-do-motorista-para-direcionar-os-farois-do-veiculo\/\" target=\"_blank\" rel=\"noreferrer noopener\">cabine<\/a> dotada de uma tela de infotainment de 9 polegadas com um painel de instrumentos digital de 10,2 polegadas dispon\u00edvel. Respons\u00e1vel pelo som, est\u00e1 um sistema de \u00e1udio Bose de 12 alto-falantes, j\u00e1 para seguran\u00e7a, h\u00e1 itens como os recursos avan\u00e7ados Sensing da Honda, com assist\u00eancia na faixa de rodagem, monitoramento de ponto cego e muito mais.<\/p>\n<figure class=\"wp-block-image size-large\"><img title = \"[Tags]\"decoding=\"async\" loading=\"lazy\" width=\"1024\" height=\"576\" src=\"https:\/\/img.olhardigital.com.br\/wp-content\/uploads\/2022\/03\/civicDentro-1024x576.jpg\"alt = \"civic_1-1024x576 Com chegada ao Brasil esperada, novo e h\u00edbrido Honda Civic e:HEV est\u00e1 dando as caras na Europa\" class=\"wp-image-340689\" \/><figcaption>Imagem: Divulga\u00e7\u00e3o\/Honda<\/figcaption><\/figure>\n<h2 id=\"h-dois-motores-eletricos-no-civic\">Dois motores el\u00e9tricos no Civic<\/h2>\n<p>O novo Civic h\u00edbrido combina um motor de ciclo Atkinson de 2,0 litros rec\u00e9m-desenvolvido com dois motores el\u00e9tricos compactos. A <a href=\"https:\/\/olhardigital.com.br\/2022\/01\/20\/carros-e-tecnologia\/fiat-mobi-perde-potencia-mas-ganha-motor-mais-economico-na-linha-2022\/\" target=\"_blank\" rel=\"noreferrer noopener\">pot\u00eancia<\/a> combinada \u00e9 de 183 cv (135 quilowatts) e 315 Nm de torque. Enquanto isso, o controle de pot\u00eancia \u00e9 usado para operar a transmiss\u00e3o de marcha fixa do carro.<\/p>\n<figure class=\"wp-block-image size-large\"><img title = \"[Tags]\"decoding=\"async\" loading=\"lazy\" width=\"1024\" height=\"576\" src=\"https:\/\/img.olhardigital.com.br\/wp-content\/uploads\/2022\/03\/civicFim-1024x576.jpg\"alt = \"civic_1-1024x576 Com chegada ao Brasil esperada, novo e h\u00edbrido Honda Civic e:HEV est\u00e1 dando as caras na Europa\" class=\"wp-image-340691\" \/><figcaption>Imagem: Divulga\u00e7\u00e3o\/Honda<\/figcaption><\/figure>\n<p>O Civic tamb\u00e9m traz a nova <a href=\"https:\/\/olhardigital.com.br\/2022\/03\/23\/carros-e-tecnologia\/scooters-eletricas-que-carregam-100-de-bateria-em-5-minutos\/\" target=\"_blank\" rel=\"noreferrer noopener\">bateria<\/a> de \u00edon de l\u00edtio de 72 c\u00e9lulas da empresa. Al\u00e9m disso, existe no ve\u00edculo uma nova unidade de controle de pot\u00eancia localizada sob o cap\u00f4 e a vers\u00e3o mais recente da Intelligent Power Unit da marca. A Honda diz que \u00e9 menor e mais leve, mas aumentou a densidade de energia.<\/p>\n<p>S\u00e3o quatro modos de condu\u00e7\u00e3o do novo Civic e:HEV, sendo eles o Eco, Normal, Sport e Individual. O modo Individual permite que os motoristas personalizem o motor, a transmiss\u00e3o e a tela do painel de instrumentos ao seu gosto. O novo e h\u00edbrido Honda Civic e:HEV estar\u00e1 \u00e0 venda na Europa por volta de setembro de 2022. Por aqui, este ser\u00e1 o segundo de tr\u00eas lan\u00e7amentos h\u00edbridos da Honda no<a href=\"https:\/\/olhardigital.com.br\/2022\/01\/28\/carros-e-tecnologia\/honda-retira-modelos-de-carros-de-linha-no-brasil-saiba-quais-sao\/\" target=\"_blank\" rel=\"noreferrer noopener\"> Brasil<\/a> at\u00e9 2023.<\/p>\n<p><strong>J\u00e1 assistiu aos novos v\u00eddeos no<a href=\"http:\/\/www.youtube.com\/channel\/UCGV72aVJuWP0QPNGH4YgIww?sub_confirmation=1\" target=\"_blank\" rel=\"noreferrer noopener\"> YouTube<\/a> do Olhar Digital? Inscreva-se no canal!<\/strong><\/p>\n<p>O post <a rel=\"nofollow\" href=\"https:\/\/olhardigital.com.br\/2022\/03\/24\/carros-e-tecnologia\/com-chegada-ao-brasil-esperada-novo-e-hibrido-honda-civic-ehev-esta-dando-as-caras-na-europa\/\">Com chegada ao Brasil esperada, novo e h\u00edbrido Honda Civic e:HEV est\u00e1 dando as caras na Europa<\/a> apareceu primeiro em <a rel=\"nofollow\" href=\"https:\/\/olhardigital.com.br\">Olhar Digital<\/a>.<\/p>\n<p><br \/>\n<br \/><a href=\"https:\/\/olhardigital.com.br\/2022\/03\/24\/carros-e-tecnologia\/com-chegada-ao-brasil-esperada-novo-e-hibrido-honda-civic-ehev-esta-dando-as-caras-na-europa\/\">Fonte do Artigo <\/a><br \/>\nTags:<\/p>\n<p><a href=\"https:\/\/wiy.com.br\/noticias\/categoria\/tecnologia\/\">#tecnologia<\/a> <a href=\"https:\/\/wiy.com.br\/noticias\/categoria\/tecnologia\/\">#tecnologias<\/a> <a href=\"https:\/\/wiy.com.br\/noticias\/categoria\/tecnologia\/\">#technology<\/a> <a href=\"https:\/\/wiy.com.br\/noticias\/categoria\/tecnologia\/\">#tecnolog<\/a> <a href=\"https:\/\/wiy.com.br\/noticias\/categoria\/tecnologia\/\">#iphone<\/a> <a href=\"https:\/\/wiy.com.br\/noticias\/categoria\/tecnologia\/\">#informatica<\/a> <a href=\"https:\/\/wiy.com.br\/noticias\/categoria\/tecnologia\/\">#tech<\/a> <a href=\"https:\/\/wiy.com.br\/noticias\/categoria\/tecnologia\/\">#design<\/a> <a href=\"https:\/\/wiy.com.br\/noticias\/categoria\/tecnologia\/\">#samsung<\/a> <a href=\"https:\/\/wiy.com.br\/noticias\/categoria\/tecnologia\/\">#internet<\/a> <a href=\"https:\/\/wiy.com.br\/noticias\/categoria\/tecnologia\/\">#apple<\/a> <a href=\"https:\/\/wiy.com.br\/noticias\/categoria\/tecnologia\/\">#smartphone<\/a> <a href=\"https:\/\/wiy.com.br\/noticias\/categoria\/tecnologia\/\">#seguranca<\/a> <a href=\"https:\/\/wiy.com.br\/noticias\/categoria\/tecnologia\/\">#venezuela<\/a> <a href=\"https:\/\/wiy.com.br\/noticias\/categoria\/tecnologia\/\">#celular<\/a> <a href=\"https:\/\/wiy.com.br\/noticias\/categoria\/tecnologia\/\">#celulares<\/a> <a href=\"https:\/\/wiy.com.br\/noticias\/categoria\/tecnologia\/\">#inovar<\/a> <a href=\"https:\/\/wiy.com.br\/noticias\/categoria\/tecnologia\/\">#qualidade<\/a> <a href=\"https:\/\/wiy.com.br\/noticias\/categoria\/tecnologia\/\">#software<\/a> <a href=\"https:\/\/wiy.com.br\/noticias\/categoria\/tecnologia\/\">#empresas<\/a> <a href=\"https:\/\/wiy.com.br\/noticias\/categoria\/tecnologia\/\">#cursos<\/a> <a href=\"https:\/\/wiy.com.br\/noticias\/categoria\/tecnologia\/\">#engenharia<\/a> <a href=\"https:\/\/wiy.com.br\/noticias\/categoria\/tecnologia\/\">#industria<\/a> <a href=\"https:\/\/wiy.com.br\/noticias\/categoria\/tecnologia\/\">#marketing<\/a> <a href=\"https:\/\/wiy.com.br\/noticias\/categoria\/tecnologia\/\">#ti<\/a> <a href=\"https:\/\/wiy.com.br\/noticias\/categoria\/tecnologia\/\">#tecnoblog<\/a> <a href=\"https:\/\/wiy.com.br\/noticias\/categoria\/tecnologia\/\">#veja<\/a> <a href=\"https:\/\/wiy.com.br\/noticias\/categoria\/tecnologia\/\">#olhardigital<\/a> <a href=\"https:\/\/wiy.com.br\/noticias\/categoria\/tecnologia\/\">#mundodigital<\/a> <a href=\"https:\/\/wiy.com.br\/noticias\/categoria\/tecnologia\/\">#inteligenciaartificial<\/a> <a href=\"https:\/\/wiy.com.br\/criacao-de-sites\/\">#criar site<\/a> <a href=\"https:\/\/wiy.com.br\/criacao-de-sites\/\">#criar site curitiba<\/a> <a href=\"https:\/\/wiy.com.br\/criacao-de-sites\/\">#wiysolutions<\/a><\/p>\n","protected":false},"excerpt":{"rendered":"<p>A japonesa Honda est\u00e1 atualizando seu novo Civic h\u00edbrido, nomeando o hatchback de e:HEV, refor\u00e7ando desde a\u00ed suas caracter\u00edsticas el\u00e9tricas. Revelado agora para o mercado europeu, o ve\u00edculo est\u00e1 sendo esperado para chegar ao Brasil (em um formato sedan) l\u00e1 pelo quarto trimestre deste ano, importado do M\u00e9xico. Estamos falando de um modelo baseado no [&hellip;]<\/p>\n","protected":false},"author":1,"featured_media":72351,"comment_status":"open","ping_status":"open","sticky":false,"template":"","format":"standard","meta":{"footnotes":""},"categories":[5],"tags":[],"class_list":["post-72350","post","type-post","status-publish","format-standard","has-post-thumbnail","hentry","category-tecnologia"],"_links":{"self":[{"href":"https:\/\/wiy.com.br\/noticias\/wp-json\/wp\/v2\/posts\/72350","targetHints":{"allow":["GET"]}}],"collection":[{"href":"https:\/\/wiy.com.br\/noticias\/wp-json\/wp\/v2\/posts"}],"about":[{"href":"https:\/\/wiy.com.br\/noticias\/wp-json\/wp\/v2\/types\/post"}],"author":[{"embeddable":true,"href":"https:\/\/wiy.com.br\/noticias\/wp-json\/wp\/v2\/users\/1"}],"replies":[{"embeddable":true,"href":"https:\/\/wiy.com.br\/noticias\/wp-json\/wp\/v2\/comments?post=72350"}],"version-history":[{"count":0,"href":"https:\/\/wiy.com.br\/noticias\/wp-json\/wp\/v2\/posts\/72350\/revisions"}],"wp:featuredmedia":[{"embeddable":true,"href":"https:\/\/wiy.com.br\/noticias\/wp-json\/wp\/v2\/media\/72351"}],"wp:attachment":[{"href":"https:\/\/wiy.com.br\/noticias\/wp-json\/wp\/v2\/media?parent=72350"}],"wp:term":[{"taxonomy":"category","embeddable":true,"href":"https:\/\/wiy.com.br\/noticias\/wp-json\/wp\/v2\/categories?post=72350"},{"taxonomy":"post_tag","embeddable":true,"href":"https:\/\/wiy.com.br\/noticias\/wp-json\/wp\/v2\/tags?post=72350"}],"curies":[{"name":"wp","href":"https:\/\/api.w.org\/{rel}","templated":true}]}}