{"id":72288,"date":"2023-02-26T14:52:46","date_gmt":"2023-02-26T17:52:46","guid":{"rendered":"https:\/\/wiy.com.br\/noticias\/morre-adalberto-criador-da-adalbertolandia-em-perdizes-aos-94-anos\/"},"modified":"2022-03-20T01:05:09","modified_gmt":"2022-03-20T04:05:09","slug":"morre-adalberto-criador-da-adalbertolandia-em-perdizes-aos-94-anos","status":"publish","type":"post","link":"https:\/\/wiy.com.br\/noticias\/morre-adalberto-criador-da-adalbertolandia-em-perdizes-aos-94-anos\/","title":{"rendered":"Morre Adalberto, criador da Adalbertol\u00e2ndia, em Perdizes, aos 94 anos"},"content":{"rendered":"<p> <br \/>\n<\/p>\n<div class=\"mc-column content-text active-extra-styles \" data-block-type=\"unstyled\" data-block-weight=\"39\" data-block-id=\"2\">\n<p data-track-category=\"Link no Texto\" data-track-links=\"\"><strong>Adalberto Costa de Campos Bueno<\/strong> morreu aos 94 anos em <strong>S\u00e3o Jos\u00e9 do Rio Preto<\/strong>, no interior do estado, neste s\u00e1bado (19). Ele foi o criador da <strong>Adalbertol\u00e2ndia<\/strong>, um parque voltado para as crian\u00e7as em Perdizes, na Zona Oeste de S\u00e3o Paulo.<\/p>\n<p data-track-category=\"Link no Texto\" data-track-links=\"\">O espa\u00e7o, inaugurado em 1969, atraiu crian\u00e7as de diferentes gera\u00e7\u00f5es e fica na esquina das ruas Pl\u00ednio de Morais e Professor Paulino Longo. Entre os brinquedos estavam o carrossel de madeira, a gangorra, a casa do Tarzan e as dez trilhas constru\u00eddas entre trinta \u00e1rvores.<\/p>\n<p><a href=\"https:\/\/vejasp.abril.com.br\/cidades\/adalbertolandia-diverte-criancada\/\">Reportagem da Vejinha de 2013 contou como funcionava o parque<\/a>. O terreno foi comprado pela fam\u00edlia de Adalberto, um publicit\u00e1rio aposentado, no come\u00e7o dos anos 50 e permaneceu vazio duas d\u00e9cadas, at\u00e9 surgir a ideia de aproveit\u00e1-lo para a garotada se divertir de forma segura em uma S\u00e3o Paulo que come\u00e7ava a sofrer o impacto do crescimento.<\/p>\n<p><strong><a href=\"https:\/\/vejasp.abril.com.br\/coluna\/pop\/em-gafe-turma-da-monica-critica-musica-de-karol-conka-chatissimo\/\">+ Em gafe, Turma da M\u00f4nica critica m\u00fasica de Karol Conk\u00e1: \u2018Chat\u00edssimo\u2019<\/a><\/strong><\/p>\n<p>\u201cEu ficava com receio de ver as crian\u00e7as da vizinhan\u00e7a brincando em meio aos carros na rua\u201d, explicou na ocasi\u00e3o. Ap\u00f3s um m\u00eas reformando brinquedos que adquiriu de segunda m\u00e3o, Bueno abriu as portas do espa\u00e7o em 12 de junho de 1969, sem cobrar nada pelo ingresso.<\/p>\n<\/div>\n<div class=\"wall protected-content\">\n<div class=\"mc-column content-text active-extra-styles \" data-block-type=\"unstyled\" data-block-weight=\"24\" data-block-id=\"3\">\n<p>\u201c\u00c9 a \u00fanica \u2018l\u00e2ndia\u2019 de gra\u00e7a\u201d, brinca. \u201cQuando digo que n\u00e3o \u00e9 pago, as pessoas estranham, pois n\u00e3o est\u00e3o acostumadas a receber algo sem dar nada em troca\u201d, refletiu.<\/p>\n<p>Ele, cujo neto \u00e0 \u00e9poca tinha 7 anos, tamb\u00e9m disse que via no pequeno a esperan\u00e7a de que a iniciativa sobrevivesse e servisse de modelo para outros terrenos abandonados na capital. \u201cEle adora ficar comigo na oficina montando e desmontando brinquedos, como eu fazia\u201d, conta.<\/p>\n<div id=\"relacionadas\" class=\"block  three_columns\">\n<ul class=\"block-menu\">\n<li data-tab=\"tab-1\" class=\"active\">Relacionadas<\/li>\n<\/ul>\n<div id=\"tab-1\" class=\"block-content active\">\n<ul class=\"relacionadas-s-img\">\n<li class=\"widget-news-item without-thumb with-border\">\n<div class=\"widget-news-info\"><a href=\"http:\/\/vejasp.abril.com.br\/cultura-lazer\">Cultura &amp; Lazer<\/a><span class=\"widget-news-item-title\"><a href=\"https:\/\/vejasp.abril.com.br\/cultura-lazer\/japan-house-sao-paulo-promove-evento-dedicado-ao-universo-da-robotica\/\">Japan House S\u00e3o Paulo promove evento dedicado ao universo da rob\u00f3tica<\/a><\/span><span class=\"widget-news-item-date\">19 mar 2022 &#8211; 13h03<\/span><\/div>\n<\/li>\n<li class=\"widget-news-item without-thumb with-border\">\n<div class=\"widget-news-info\"><a href=\"http:\/\/vejasp.abril.com.br\/cidades\">Cidades<\/a><span class=\"widget-news-item-title\"><a href=\"https:\/\/vejasp.abril.com.br\/cidades\/apos-cesarea-mulher-passa-seis-meses-com-pano-dentro-do-anus\/\">Ap\u00f3s ces\u00e1rea, mulher passa seis meses com pano dentro do \u00e2nus<\/a><\/span><span class=\"widget-news-item-date\">19 mar 2022 &#8211; 13h03<\/span><\/div>\n<\/li>\n<li class=\"widget-news-item without-thumb with-border\">\n<div class=\"widget-news-info\"><a href=\"http:\/\/vejasp.abril.com.br\/saude\">Sa\u00fade<\/a><span class=\"widget-news-item-title\"><a href=\"https:\/\/vejasp.abril.com.br\/saude\/fiocruz-e-unitaid-vao-implantar-no-brasil-prep-injetavel-contra-hiv\/\">Fiocruz e Unitaid v\u00e3o implantar no Brasil PrEp injet\u00e1vel contra HIV<\/a><\/span><span class=\"widget-news-item-date\">19 mar 2022 &#8211; 12h03<\/span><\/div>\n<\/li>\n<\/ul>\n<\/div>\n<\/div>\n<\/div>\n<div class=\"mc-column content-text active-extra-styles \" data-block-type=\"unstyled\" data-block-weight=\"39\" data-block-id=\"4\">\n<p data-track-category=\"Link no Texto\" data-track-links=\"\">\n<\/div>\n<div class=\"content-ads content-ads--reveal\" data-block-type=\"ads\" data-block-id=\"5\"><\/div>\n<\/div>\n<div class=\"ads post-ads\"><span class=\"title\">Continua ap\u00f3s a publicidade<\/span><\/p>\n<div id=\"abrAD_rectangle3\" class=\"abrAD\" data-ad-><\/div>\n<\/div>\n<p><br \/>\n<br \/><a href=\"https:\/\/vejasp.abril.com.br\/cidades\/morre-adalberto-criador-da-adalbertolandia-em-perdizes-aos-94-anos\/\">Fonte do Artigo <\/a><br \/>\nTags:<br \/>\n#loterias #loteriascaixa #megasena #resultadoapostas#noticias #noticiario  #noticia #brasil #noticiascolombia #mundo #esporte #colombia #noticiadeld #ltimasnoticias  #noticiario #noticiasregionales #noticiasdepartamentales #noticiashoy #esportes #noticiaahora #elinformantenoticias #noticiasdeboyac  #esporteinterativo #esportivo #diariodosesportes  #noticiero  #jogodefutebol #jogos #loto #apostas<\/p>\n","protected":false},"excerpt":{"rendered":"<p>Adalberto Costa de Campos Bueno morreu aos 94 anos em S\u00e3o Jos\u00e9 do Rio Preto, no interior do estado, neste s\u00e1bado (19). Ele foi o criador da Adalbertol\u00e2ndia, um parque voltado para as crian\u00e7as em Perdizes, na Zona Oeste de S\u00e3o Paulo. O espa\u00e7o, inaugurado em 1969, atraiu crian\u00e7as de diferentes gera\u00e7\u00f5es e fica na [&hellip;]<\/p>\n","protected":false},"author":1,"featured_media":72289,"comment_status":"open","ping_status":"open","sticky":false,"template":"","format":"standard","meta":{"footnotes":""},"categories":[1],"tags":[],"class_list":["post-72288","post","type-post","status-publish","format-standard","has-post-thumbnail","hentry","category-curso-de-copy"],"_links":{"self":[{"href":"https:\/\/wiy.com.br\/noticias\/wp-json\/wp\/v2\/posts\/72288","targetHints":{"allow":["GET"]}}],"collection":[{"href":"https:\/\/wiy.com.br\/noticias\/wp-json\/wp\/v2\/posts"}],"about":[{"href":"https:\/\/wiy.com.br\/noticias\/wp-json\/wp\/v2\/types\/post"}],"author":[{"embeddable":true,"href":"https:\/\/wiy.com.br\/noticias\/wp-json\/wp\/v2\/users\/1"}],"replies":[{"embeddable":true,"href":"https:\/\/wiy.com.br\/noticias\/wp-json\/wp\/v2\/comments?post=72288"}],"version-history":[{"count":0,"href":"https:\/\/wiy.com.br\/noticias\/wp-json\/wp\/v2\/posts\/72288\/revisions"}],"wp:featuredmedia":[{"embeddable":true,"href":"https:\/\/wiy.com.br\/noticias\/wp-json\/wp\/v2\/media\/72289"}],"wp:attachment":[{"href":"https:\/\/wiy.com.br\/noticias\/wp-json\/wp\/v2\/media?parent=72288"}],"wp:term":[{"taxonomy":"category","embeddable":true,"href":"https:\/\/wiy.com.br\/noticias\/wp-json\/wp\/v2\/categories?post=72288"},{"taxonomy":"post_tag","embeddable":true,"href":"https:\/\/wiy.com.br\/noticias\/wp-json\/wp\/v2\/tags?post=72288"}],"curies":[{"name":"wp","href":"https:\/\/api.w.org\/{rel}","templated":true}]}}