{"id":72234,"date":"2023-02-26T15:36:33","date_gmt":"2023-02-26T18:36:33","guid":{"rendered":"https:\/\/wiy.com.br\/noticias\/prefeitura-usa-11-bombas-para-tentar-escoar-area-alagada-na-zona-leste\/"},"modified":"2022-03-15T22:05:09","modified_gmt":"2022-03-16T01:05:09","slug":"prefeitura-usa-11-bombas-para-tentar-escoar-area-alagada-na-zona-leste","status":"publish","type":"post","link":"https:\/\/wiy.com.br\/noticias\/prefeitura-usa-11-bombas-para-tentar-escoar-area-alagada-na-zona-leste\/","title":{"rendered":"Prefeitura usa 11 bombas para tentar escoar \u00e1rea alagada na zona leste"},"content":{"rendered":"<p> <br \/>\n<\/p>\n<p>Para tentar escoar vias alagadas em <strong>Arthur Alvim<\/strong>, na zona leste da cidade de S\u00e3o Paulo, a Prefeitura de S\u00e3o Paulo est\u00e1 usando 11 bombas, algumas delas emprestadas da <strong>Sabesp<\/strong>. O local costuma registrar ac\u00famulo de \u00e1gua sempre que chove, entretanto, o volume registrado nos \u00faltimos dias deixou ve\u00edculos, casas e pontos comerciais inteiros submersos, cenas que n\u00e3o fazem parte desse cotidiano ca\u00f3tico no ver\u00e3o.<\/p>\n<p><strong><a href=\"https:\/\/vejasp.abril.com.br\/cidades\/chuva-de-problemas\/\">+Chuva de problemas: in\u00edcio de ano mais chuvoso que a m\u00e9dia deixa estragos<\/a><\/strong><\/p>\n<p>O motivo \u00e9 que al\u00e9m das fortes chuvas que atingem v\u00e1rias partes da capital neste mar\u00e7o chuvoso, sobretudo a zona leste, a situa\u00e7\u00e3o foi agravada por uma obra realizada pela prefeitura para tentar recuperar uma galeria pluvial que cedeu na semana passada sob os trilhos da <strong>CPTM<\/strong> (Companhia Paulista de Trens Metropolitanos).<\/p>\n<p>A cratera foi aberta no dia 8 deste m\u00eas, ap\u00f3s a terra onde passam os trilhos da linha 11-Coral ceder. Com isso, a circula\u00e7\u00e3o de trens entre as esta\u00e7\u00f5es Tatuap\u00e9 e Corinthians-Itaquera foi afetada e s\u00f3 foi normalizada dois dias depois.<\/p>\n<p>Em entrevista \u00e0 TV Globo nesta ter\u00e7a-feira, o secret\u00e1rio de Infraestrutura Urbana e Obras, Marcos Monteiro, confirmou que para tentar evitar a eros\u00e3o e acelerar a recupera\u00e7\u00e3o do pavimento para que os trens pudessem passar, foi usada argamassa. Na pr\u00e1tica, a tubula\u00e7\u00e3o ficou \u201centupida\u201d de concreto, impedindo que a \u00e1gua acumulada em vias do bairro fosse drenada.<\/p>\n<p>\u201cPor isso essa decis\u00e3o radical, uma decis\u00e3o dif\u00edcil de ser tomada, mas a gente teve que tomar essa decis\u00e3o pra preservar a seguran\u00e7a das linhas&#8221;, disse, em entrevista ao \u201cBom Dia S\u00e3o Paulo\u201d.<\/p>\n<p><strong><a href=\"https:\/\/vejasp.abril.com.br\/cidades\/alta-de-65-na-corrida-da-uber-gera-criticas-de-passageiros-e-motoristas\/\">+Alta de 6,5% na corrida da Uber gera cr\u00edticas de passageiros e motoristas<\/a><\/strong><\/p>\n<p>Ao comentar o assunto nesta ter\u00e7a-feira, o prefeito <strong>Ricardo Nunes<\/strong> (MDB) lembrou que a regi\u00e3o sempre apresentou problemas, j\u00e1 que era uma \u00e1rea onde passava um c\u00f3rrego. Apesar disso, ele classificou a situa\u00e7\u00e3o como \u201cmuito preocupante\u201d e que a prefeitura est\u00e1 prestando atendimento aos moradores e comerciantes.<\/p>\n<p>\u201cVamos ter um per\u00edodo ruim em mar\u00e7o\u201d, afirmou.<\/p>\n<div class=\"ads post-ads\"><span class=\"title\">Continua ap\u00f3s a publicidade<\/span><\/p>\n<div id=\"abrAD_rectangle2\" class=\"abrAD\" data-ad-><\/div>\n<\/div>\n<p>Entretanto, disse que uma solu\u00e7\u00e3o definitiva para a regi\u00e3o s\u00f3 deve ficar pronta em 45 dias. Esse \u00e9 o prazo de constru\u00e7\u00e3o de um novo sistema de drenagem.<\/p>\n<p><strong>Mem\u00f3ria<\/strong><\/p>\n<p>Reportagem publicada em fevereiro deste ano pela <strong>VEJA S\u00e3o Paulo<\/strong> mostrou que a gest\u00e3o Nunes <a href=\"https:\/\/vejasp.abril.com.br\/cidades\/chuva-de-problemas\/\">n\u00e3o gastou todo o dinheiro reservado ao combate de enchentes e \u00e0 preven\u00e7\u00e3o de alagamentos<\/a> em 2021, segundo levantamento da <strong>Rede Nossa S\u00e3o Paulo<\/strong> feito a pedido da Vejinha.<\/p>\n<p>Entre outras coisas, a reportagem mostrou que v\u00e1rios especialistas j\u00e1 alertavam que as chuvas seriam acima da m\u00e9dia na cidade.<\/p>\n<p>Nesta ter\u00e7a-feira a cidade de S\u00e3o Paulo voltou a ser castigada por fortes chuvas. Foram registrados um total de 25 pontos de alagamento. Desta vez a regi\u00e3o mais atingida foi a zona norte, segundo os dados do CGE-SP (Centro de Gerenciamento de Emerg\u00eancias da Prefeitura de S\u00e3o Paulo). Foram anotados 71,8 mm de chuva na Vila Maria e Vila Guilherme;\u00a0 e 49,2 mm em Santana\/Tucuruvi. Outra regi\u00e3o bastante afetada foi a zona oeste, onde foram anotados 43,8 mm de chuva em Pinheiros.<\/p>\n<p>At\u00e9 as 16h, o Corpo de Bombeiros tinha atendido a 12 chamados de enchentes,\u00a0 9 pedidos de atendimentos por queda de \u00e1rvores e dois desabamentos. Um desses desabamentos foi parte do muro do\u00a0<span>cemit\u00e9rio do Ara\u00e7\u00e1, no Pacaembu, na zona oeste.<\/span><\/p>\n<p>Imagens divulgadas pela TV Globo mostraram um canteiro de obras da linha 6-laranja do Metr\u00f4 totalmente alagado.<\/p>\n<div id=\"relacionadas\" class=\"block  three_columns\">\n<ul class=\"block-menu\">\n<li data-tab=\"tab-1\" class=\"active\">Relacionadas<\/li>\n<\/ul>\n<div id=\"tab-1\" class=\"block-content active\">\n<ul class=\"relacionadas-s-img\">\n<li class=\"widget-news-item without-thumb with-border\">\n<div class=\"widget-news-info\"><a href=\"http:\/\/vejasp.abril.com.br\/saude\">Sa\u00fade<\/a><span class=\"widget-news-item-title\"><a href=\"https:\/\/vejasp.abril.com.br\/saude\/quarta-dose-idosos\/\">S\u00e3o Paulo estuda aplicar quarta dose da vacina em idosos acima de 80 anos<\/a><\/span><span class=\"widget-news-item-date\">15 mar 2022 &#8211; 16h03<\/span><\/div>\n<\/li>\n<li class=\"widget-news-item without-thumb with-border\">\n<div class=\"widget-news-info\"><a href=\"http:\/\/vejasp.abril.com.br\/saude\">Sa\u00fade<\/a><span class=\"widget-news-item-title\"><a href=\"https:\/\/vejasp.abril.com.br\/saude\/saude-anuncia-vacinacao-contra-a-gripe-a-partir-de-4-de-abril\/\">Sa\u00fade anuncia in\u00edcio da vacina\u00e7\u00e3o contra a gripe a partir de 4 de abril<\/a><\/span><span class=\"widget-news-item-date\">15 mar 2022 &#8211; 16h03<\/span><\/div>\n<\/li>\n<li class=\"widget-news-item without-thumb with-border\">\n<div class=\"widget-news-info\"><a href=\"http:\/\/vejasp.abril.com.br\/saude\">Sa\u00fade<\/a><span class=\"widget-news-item-title\"><a href=\"https:\/\/vejasp.abril.com.br\/saude\/ministro-pede-ao-senado-para-rebaixar-covid-19-a-situacao-de-endemia\/\">Ministro pede ao Senado para rebaixar Covid-19 \u00e0 situa\u00e7\u00e3o de endemia<\/a><\/span><span class=\"widget-news-item-date\">15 mar 2022 &#8211; 15h03<\/span><\/div>\n<\/li>\n<\/ul>\n<\/div>\n<\/div>\n<div class=\"ads post-ads\"><span class=\"title\">Continua ap\u00f3s a publicidade<\/span><\/p>\n<div id=\"abrAD_rectangle3\" class=\"abrAD\" data-ad-><\/div>\n<\/div>\n<p><br \/>\n<br \/><a href=\"https:\/\/vejasp.abril.com.br\/cidades\/prefeitura-usa-11-bombas-para-tentar-escoar-area-alagada-na-zona-leste\/\">Fonte do Artigo <\/a><br \/>\nTags:<br \/>\n#loterias #loteriascaixa #megasena #resultadoapostas#noticias #noticiario  #noticia #brasil #noticiascolombia #mundo #esporte #colombia #noticiadeld #ltimasnoticias  #noticiario #noticiasregionales #noticiasdepartamentales #noticiashoy #esportes #noticiaahora #elinformantenoticias #noticiasdeboyac  #esporteinterativo #esportivo #diariodosesportes  #noticiero  #jogodefutebol #jogos #loto #apostas<\/p>\n","protected":false},"excerpt":{"rendered":"<p>Para tentar escoar vias alagadas em Arthur Alvim, na zona leste da cidade de S\u00e3o Paulo, a Prefeitura de S\u00e3o Paulo est\u00e1 usando 11 bombas, algumas delas emprestadas da Sabesp. O local costuma registrar ac\u00famulo de \u00e1gua sempre que chove, entretanto, o volume registrado nos \u00faltimos dias deixou ve\u00edculos, casas e pontos comerciais inteiros submersos, [&hellip;]<\/p>\n","protected":false},"author":1,"featured_media":72235,"comment_status":"open","ping_status":"open","sticky":false,"template":"","format":"standard","meta":{"footnotes":""},"categories":[1],"tags":[],"class_list":["post-72234","post","type-post","status-publish","format-standard","has-post-thumbnail","hentry","category-curso-de-copy"],"_links":{"self":[{"href":"https:\/\/wiy.com.br\/noticias\/wp-json\/wp\/v2\/posts\/72234","targetHints":{"allow":["GET"]}}],"collection":[{"href":"https:\/\/wiy.com.br\/noticias\/wp-json\/wp\/v2\/posts"}],"about":[{"href":"https:\/\/wiy.com.br\/noticias\/wp-json\/wp\/v2\/types\/post"}],"author":[{"embeddable":true,"href":"https:\/\/wiy.com.br\/noticias\/wp-json\/wp\/v2\/users\/1"}],"replies":[{"embeddable":true,"href":"https:\/\/wiy.com.br\/noticias\/wp-json\/wp\/v2\/comments?post=72234"}],"version-history":[{"count":0,"href":"https:\/\/wiy.com.br\/noticias\/wp-json\/wp\/v2\/posts\/72234\/revisions"}],"wp:featuredmedia":[{"embeddable":true,"href":"https:\/\/wiy.com.br\/noticias\/wp-json\/wp\/v2\/media\/72235"}],"wp:attachment":[{"href":"https:\/\/wiy.com.br\/noticias\/wp-json\/wp\/v2\/media?parent=72234"}],"wp:term":[{"taxonomy":"category","embeddable":true,"href":"https:\/\/wiy.com.br\/noticias\/wp-json\/wp\/v2\/categories?post=72234"},{"taxonomy":"post_tag","embeddable":true,"href":"https:\/\/wiy.com.br\/noticias\/wp-json\/wp\/v2\/tags?post=72234"}],"curies":[{"name":"wp","href":"https:\/\/api.w.org\/{rel}","templated":true}]}}