{"id":7216,"date":"2023-02-26T15:50:27","date_gmt":"2023-02-26T18:50:27","guid":{"rendered":"https:\/\/wiy.com.br\/noticias\/em-festa-do-oscar-madonna-usa-joia-feita-por-designer-brasileiro\/"},"modified":"2019-02-26T21:42:14","modified_gmt":"2019-02-27T00:42:14","slug":"em-festa-do-oscar-madonna-usa-joia-feita-por-designer-brasileiro","status":"publish","type":"post","link":"https:\/\/wiy.com.br\/noticias\/em-festa-do-oscar-madonna-usa-joia-feita-por-designer-brasileiro\/","title":{"rendered":"Em festa do Oscar, Madonna usa joia feita por designer brasileiro"},"content":{"rendered":"<p> <br \/>\n<\/p>\n<p>S\u00e3o Paulo &#8211; Madonna nem precisou ir ao <strong><a href=\"https:\/\/exame.abril.com.br\/noticias-sobre\/oscar\/\" target=\"_blank\" rel=\"noopener noreferrer\">Oscar<\/a><\/strong> para &#8216;causar&#8217;. Uma foto da cantora com Lady Gaga, vencedora da categoria melhor m\u00fasica original, ganhou destaque e acabou com os rumores de que as duas seriam rivais. Nesta imagem ic\u00f4nica e na festa ap\u00f3s a premia\u00e7\u00e3o, em <strong><a href=\"https:\/\/exame.abril.com.br\/noticias-sobre\/los-angeles\" target=\"_blank\" rel=\"noopener noreferrer\">Los Angeles<\/a><\/strong>, no domingo, 24, Madonna usou um colar criado pelo designer brasileiro Carlos Rodeiro.<\/p>\n<div class=\"widget-news widget-box no-margin no-border\"><span class=\"widget-news-title content-box-title\">Veja tamb\u00e9m<\/span><\/p>\n<ul class=\"widget-news-list\">\n<li class=\"widget-news-item without-thumb with-border\">\n<div class=\"widget-news-info\"><a href=\"http:\/\/exame.abril.com.br\/estilo-de-vida\">VIP \u2013 ESTILO DE VIDA<\/a><span class=\"widget-news-item-title\"><a href=\"https:\/\/exame.abril.com.br\/estilo-de-vida\/lady-gaga-e-a-primeira-artista-musical-a-vencer-5-premiacoes-na-mesma-temporada\/\">Lady Gaga \u00e9 a 1\u00aa artista musical a vencer 5 premia\u00e7\u00f5es na mesma temporada<\/a><\/span><span class=\"widget-news-item-date\">25 fev 2019 &#8211; 14h02<\/span><\/div>\n<\/li>\n<\/ul>\n<\/div>\n<p>A joia \u00e9 assinada pelo baiano \u00e9 de ouro e tem medalhas de Nossa Senhora e do Sagrado Cora\u00e7\u00e3o com aplica\u00e7\u00f5es de rubis. A pe\u00e7a custa cerca de R$ 39 mil e est\u00e1 \u00e0 venda em Salvador, S\u00e3o Paulo e no Rio de Janeiro.<\/p>\n<p>A americana j\u00e1 tinha usado o colar com s\u00edmbolos religiosos na comemora\u00e7\u00e3o do seu anivers\u00e1rio de 60 anos, em Marrakech, no ano passado.<\/p>\n<p><br \/>\n<br \/><a href=\"https:\/\/exame.abril.com.br\/estilo-de-vida\/em-festa-do-oscar-madonna-usa-joia-feita-por-designer-brasileiro\/\">Source link <\/a><\/p>\n","protected":false},"excerpt":{"rendered":"<p>S\u00e3o Paulo &#8211; Madonna nem precisou ir ao Oscar para &#8216;causar&#8217;. Uma foto da cantora com Lady Gaga, vencedora da categoria melhor m\u00fasica original, ganhou destaque e acabou com os rumores de que as duas seriam rivais. Nesta imagem ic\u00f4nica e na festa ap\u00f3s a premia\u00e7\u00e3o, em Los Angeles, no domingo, 24, Madonna usou um [&hellip;]<\/p>\n","protected":false},"author":1,"featured_media":7217,"comment_status":"open","ping_status":"open","sticky":false,"template":"","format":"standard","meta":{"footnotes":""},"categories":[337],"tags":[],"class_list":["post-7216","post","type-post","status-publish","format-standard","has-post-thumbnail","hentry","category-noticias"],"_links":{"self":[{"href":"https:\/\/wiy.com.br\/noticias\/wp-json\/wp\/v2\/posts\/7216","targetHints":{"allow":["GET"]}}],"collection":[{"href":"https:\/\/wiy.com.br\/noticias\/wp-json\/wp\/v2\/posts"}],"about":[{"href":"https:\/\/wiy.com.br\/noticias\/wp-json\/wp\/v2\/types\/post"}],"author":[{"embeddable":true,"href":"https:\/\/wiy.com.br\/noticias\/wp-json\/wp\/v2\/users\/1"}],"replies":[{"embeddable":true,"href":"https:\/\/wiy.com.br\/noticias\/wp-json\/wp\/v2\/comments?post=7216"}],"version-history":[{"count":0,"href":"https:\/\/wiy.com.br\/noticias\/wp-json\/wp\/v2\/posts\/7216\/revisions"}],"wp:featuredmedia":[{"embeddable":true,"href":"https:\/\/wiy.com.br\/noticias\/wp-json\/wp\/v2\/media\/7217"}],"wp:attachment":[{"href":"https:\/\/wiy.com.br\/noticias\/wp-json\/wp\/v2\/media?parent=7216"}],"wp:term":[{"taxonomy":"category","embeddable":true,"href":"https:\/\/wiy.com.br\/noticias\/wp-json\/wp\/v2\/categories?post=7216"},{"taxonomy":"post_tag","embeddable":true,"href":"https:\/\/wiy.com.br\/noticias\/wp-json\/wp\/v2\/tags?post=7216"}],"curies":[{"name":"wp","href":"https:\/\/api.w.org\/{rel}","templated":true}]}}