{"id":71760,"date":"2023-02-26T15:13:40","date_gmt":"2023-02-26T18:13:40","guid":{"rendered":"https:\/\/wiy.com.br\/noticias\/chuvas-causam-mortes-deslizamentos-e-alagamentos-na-grande-sp\/"},"modified":"2022-01-31T04:05:08","modified_gmt":"2022-01-31T06:05:08","slug":"chuvas-causam-mortes-deslizamentos-e-alagamentos-na-grande-sp","status":"publish","type":"post","link":"https:\/\/wiy.com.br\/noticias\/chuvas-causam-mortes-deslizamentos-e-alagamentos-na-grande-sp\/","title":{"rendered":"Chuvas causam mortes, deslizamentos e alagamentos na Grande SP"},"content":{"rendered":"<p> <br \/>\n<\/p>\n<p>Ao menos 18 pessoas morreram em decorr\u00eancia das intensas chuvas que atingiram a regi\u00e3o metropolitana e o interior de S\u00e3o Paulo, de acordo com informa\u00e7\u00e3o divulgada pelo governador <strong>Jo\u00e3o Doria<\/strong> (PSDB), que sobrevoou a regi\u00e3o na tarde deste domingo, 30. Sete crian\u00e7as est\u00e3o entre as v\u00edtimas. As informa\u00e7\u00f5es s\u00e3o do Estad\u00e3o.<\/p>\n<p>Munic\u00edpios tamb\u00e9m registraram o\u00a0transbordamento de rios,<span>\u00a0<\/span><strong>alagamentos<\/strong><b>,<\/b>\u00a0<strong>deslizamentos<\/strong>\u00a0e interdi\u00e7\u00f5es de rodovias, ruas e avenidas ap\u00f3s<span>\u00a0<\/span><strong>chuvas<\/strong><span>\u00a0<\/span>intensas atingirem a regi\u00e3o. Cerca de 500 fam\u00edlias est\u00e3o desabrigadas ou desalojadas, segundo o governo estadual. Ao menos cinco pessoas est\u00e3o desaparecidas e nove ficaram feridas.<\/p>\n<p>Em <a href=\"https:\/\/vejasp.abril.com.br\/cidades\/deslizamento-de-terra-deixa-tres-mortos-em-embu-das-artes\/\" target=\"_blank\" rel=\"noopener\"><strong>Embu das Artes<\/strong>, uma m\u00e3e e dois filhos morreram<\/a> ap\u00f3s a resid\u00eancia em que estavam ser atingida por um deslizamento. S\u00e3o eles: uma mulher de 44 anos, um jovem de 21 anos e uma menina de 4 anos, de acordo com a Secretaria da Seguran\u00e7a P\u00fablica do Estado.<\/p>\n<p>Franco da Rocha registrou ao menos tr\u00eas v\u00edtimas de outro deslizamento, no bairro <strong>Parque Paulista<\/strong>. Uma pessoa chegou a ser resgatada com vida, mas morreu no hospital. Outras seis pessoas foram resgatadas, de acordo com a prefeitura. As demais v\u00edtimas eram de Aruj\u00e1 (1), Francisco Morato (4), V\u00e1rzea Paulista (5), Ja\u00fa (1) e Ribeir\u00e3o Preto (1).<\/p>\n<p>Em coletiva de imprensa, Doria disse que o &#8220;pior momento&#8221; ocorreu na <strong>madrugada<\/strong> e pela manh\u00e3 e que &#8220;n\u00e3o h\u00e1 condi\u00e7\u00f5es ainda do levantamento pleno&#8221;. O governador anunciou a libera\u00e7\u00e3o de R<strong>$ 15 milh\u00f5es<\/strong> para 10 cidades para a recupera\u00e7\u00e3o urbana e social. &#8220;Estou acompanhando com muita tristeza os danos causados pelas fortes chuvas em SP. Minha solidariedade \u00e0s fam\u00edlias e amigos das 18 v\u00edtimas fatais. Estamos trabalhando nos resgates e autorizei recursos para acolher os atingidos&#8221;, afirmou.<\/p>\n<p>A circula\u00e7\u00e3o de trens foi interrompida em parte das esta\u00e7\u00f5es da <strong>Linha 7-Rubi<\/strong>, de Caeiras a Francisco Morato, devido a alagamentos nos trilhos. Em Franco da Rocha, o Rio Juquery e o Ribeir\u00e3o Eus\u00e9bio transbordaram, afetando diferentes regi\u00f5es da cidade. No in\u00edcio da tarde, a Represa Paiva Castro atingiu 71,2% da capacidade.<\/p>\n<p>Segundo a Prefeitura, a \u00e1gua est\u00e1 &#8220;sendo bombeada e todas as manobras para evitar a abertura das comportas est\u00e3o sendo feitas\u201d. O Munic\u00edpio apontou que <strong>\u00e1reas de risco<\/strong> nas proximidades da represa come\u00e7aram a ser evacuadas e as equipes que monitoram a situa\u00e7\u00e3o seguem em \u201calerta m\u00e1ximo\u201d.<\/p>\n<p>O tr\u00e2nsito est\u00e1 interrompido em vias do centro, como a Avenida Giovani Rinaldi, e de acesso ao munic\u00edpio. Na Rodovia Luiz Salom\u00e3o Chamma, que d\u00e1 acesso \u00e0 cidade, foram registrados deslizamentos. Em um trecho, a queda de uma <strong>\u00e1rvore<\/strong> interditou parte da pista.<\/p>\n<p>Pela manh\u00e3, foram registrados ao menos dois deslizamentos. No bairro Parque Paulista, a terra atingiu tr\u00eas casas. Quatro pessoas foram resgatadas e encaminhadas para atendimento na Upa local e no Hospital Estadual Lacaz.<\/p>\n<p>Na <strong>Vila Palmares<\/strong>, uma crian\u00e7a de 8 anos foi atingida e levada para atendimento em uma Upa. As equipes da Defesa Civil e do Corpo de Bombeiros seguem em atua\u00e7\u00e3o em ambos os locais.<\/p>\n<p>Em comunicado a Prefeitura pediu que a popula\u00e7\u00e3o evite circular a p\u00e9 ou de carro, com exce\u00e7\u00e3o de moradores de \u00e1reas de risco. \u201cO solo est\u00e1 muito encharcado devido ao acumulado dos \u00faltimos dias e o risco de deslizamento \u00e9 muito maior\u201d, apontou.<\/p>\n<div class=\"ads post-ads\"><span class=\"title\">Continua ap\u00f3s a publicidade<\/span><\/p>\n<div id=\"abrAD_rectangle2\" class=\"abrAD\" data-ad-><\/div>\n<\/div>\n<p>Uma sequ\u00eancia de chuvas tem atingido a <strong>regi\u00e3o metropolitana<\/strong> de S\u00e3o Paulo nos \u00faltimos dias. &#8220;Lamento pelas vidas perdidas por conta das fortes chuvas no estado de SP. Estou a caminho dos locais atingidos para acompanhar o trabalho das equipes dos Bombeiros&#8221;, publicou o governador em rede social.<\/p>\n<p>Na manh\u00e3 deste domingo, o <strong>Corpo de Bombeiros<\/strong> tamb\u00e9m foi chamado para atender dois deslizamentos em Francisco Morato, na Grande S\u00e3o Paulo. Segundo informa\u00e7\u00f5es iniciais, n\u00e3o h\u00e1 v\u00edtimas.<\/p>\n<p>Em um dos locais, na Rua S\u00e3o Carlos, cinco pessoas foram resgatadas e encaminhadas para <strong>atendimento m\u00e9dico<\/strong>, incluindo uma mulher de 56 anos, com fratura na perna, e um menino de 8\u00a0anos, encontrado desmaiado. Outros dois deslizamentos tamb\u00e9m foram registrados em Vargem Grande Paulista, nos bairros Vila S\u00e3o Jos\u00e9 e Jardim Am\u00e9rica, tamb\u00e9m sem v\u00edtimas registradas at\u00e9 o momento.<\/p>\n<p>Em Francisco Morato, foram registrados \u201cdiversos pontos de deslizamentos\u201d e vias chegaram a ser obstru\u00eddas por queda e queda de \u00e1rvores, de acordo com a Prefeitura. \u201cA aten\u00e7\u00e3o segue voltada para as \u00e1reas de risco devido ao encharcamento do solo\u201d, destacou em comunicado.<\/p>\n<p>Caieiras divulgou ter recebido ao menos 15 <strong>chamados relativos a deslizamentos<\/strong>. Segundo a gest\u00e3o municipal, n\u00e3o foram identificadas v\u00edtimas at\u00e9 o momento. Tamb\u00e9m h\u00e1 alagamentos em rodovia, ruas e avenidas.<\/p>\n<p>Na cidade de S\u00e3o Paulo, as chuvas motivaram a <a href=\"https:\/\/vejasp.abril.com.br\/saude\/sao-paulo-suspende-vacinacao-contra-covid-19-em-parques-e-na-paulista\/\" target=\"_blank\" rel=\"noopener\"><strong>suspens\u00e3o da campanha de vacina\u00e7\u00e3o contra a Covid-19<\/strong><\/a> em parques e farm\u00e1cias. A aplica\u00e7\u00e3o ser\u00e1 retomada normalmente na segunda-feira, 31.<\/p>\n<blockquote class=\"twitter-tweet\" data-width=\"500\" data-dnt=\"true\">\n<p lang=\"da\" dir=\"ltr\">landslide after a rainstorm in Franco da Rocha. <a href=\"https:\/\/twitter.com\/hashtag\/Brazil?src=hash&amp;ref_src=twsrc%5Etfw\">#Brazil<\/a> <a href=\"https:\/\/twitter.com\/hashtag\/landslide?src=hash&amp;ref_src=twsrc%5Etfw\">#landslide<\/a> <a href=\"https:\/\/twitter.com\/hashtag\/landslides?src=hash&amp;ref_src=twsrc%5Etfw\">#landslides<\/a> <a href=\"https:\/\/t.co\/9LVZilULBG\">pic.twitter.com\/9LVZilULBG<\/a><\/p>\n<p>&mdash; Aleksander Onishchuk (@Brave_spirit81) <a href=\"https:\/\/twitter.com\/Brave_spirit81\/status\/1487817544329269248?ref_src=twsrc%5Etfw\">January 30, 2022<\/a><\/p>\n<\/blockquote>\n<blockquote class=\"twitter-tweet\" data-width=\"500\" data-dnt=\"true\">\n<p lang=\"en\" dir=\"ltr\">flooding after a long rain in Franco da Rocha. <a href=\"https:\/\/twitter.com\/hashtag\/Brazil?src=hash&amp;ref_src=twsrc%5Etfw\">#Brazil<\/a> <a href=\"https:\/\/twitter.com\/hashtag\/flood?src=hash&amp;ref_src=twsrc%5Etfw\">#flood<\/a> <a href=\"https:\/\/twitter.com\/hashtag\/flooding?src=hash&amp;ref_src=twsrc%5Etfw\">#flooding<\/a> <a href=\"https:\/\/twitter.com\/hashtag\/floods?src=hash&amp;ref_src=twsrc%5Etfw\">#floods<\/a> <a href=\"https:\/\/twitter.com\/hashtag\/FlashFlood?src=hash&amp;ref_src=twsrc%5Etfw\">#FlashFlood<\/a> <a href=\"https:\/\/twitter.com\/hashtag\/heavyrain?src=hash&amp;ref_src=twsrc%5Etfw\">#heavyrain<\/a> <a href=\"https:\/\/twitter.com\/hashtag\/HeavyRains?src=hash&amp;ref_src=twsrc%5Etfw\">#HeavyRains<\/a> <a href=\"https:\/\/twitter.com\/hashtag\/tormenta?src=hash&amp;ref_src=twsrc%5Etfw\">#tormenta<\/a> <a href=\"https:\/\/twitter.com\/hashtag\/thunderstorm?src=hash&amp;ref_src=twsrc%5Etfw\">#thunderstorm<\/a> <a href=\"https:\/\/twitter.com\/hashtag\/rainfall?src=hash&amp;ref_src=twsrc%5Etfw\">#rainfall<\/a> <a href=\"https:\/\/twitter.com\/hashtag\/alluvione?src=hash&amp;ref_src=twsrc%5Etfw\">#alluvione<\/a> <a href=\"https:\/\/twitter.com\/hashtag\/lluvias?src=hash&amp;ref_src=twsrc%5Etfw\">#lluvias<\/a> <a href=\"https:\/\/twitter.com\/hashtag\/lluvia?src=hash&amp;ref_src=twsrc%5Etfw\">#lluvia<\/a> <a href=\"https:\/\/twitter.com\/hashtag\/chuvas?src=hash&amp;ref_src=twsrc%5Etfw\">#chuvas<\/a> <a href=\"https:\/\/t.co\/IwlFtXDp1h\">pic.twitter.com\/IwlFtXDp1h<\/a><\/p>\n<p>&mdash; Aleksander Onishchuk (@Brave_spirit81) <a href=\"https:\/\/twitter.com\/Brave_spirit81\/status\/1487817254704238593?ref_src=twsrc%5Etfw\">January 30, 2022<\/a><\/p>\n<\/blockquote>\n<div class=\"embed-externo\">\n<p><b>+<\/b><a href=\"https:\/\/abr.ai\/assine-vejasp\"><b>Assine a Vejinha a partir de 12,90.<\/b><\/a><b>\u00a0<\/b><\/p>\n<div id=\"relacionadas\" class=\"block  three_columns\">\n<ul class=\"block-menu\">\n<li data-tab=\"tab-1\" class=\"active\">Relacionadas<\/li>\n<\/ul>\n<div id=\"tab-1\" class=\"block-content active\">\n<ul class=\"relacionadas-s-img\">\n<li class=\"widget-news-item without-thumb with-border\">\n<div class=\"widget-news-info\"><a href=\"http:\/\/vejasp.abril.com.br\/cidades\">Cidades<\/a><span class=\"widget-news-item-title\"><a href=\"https:\/\/vejasp.abril.com.br\/cidades\/sao-paulo-468-anos\/\">Minha S\u00e3o Paulo: personalidades revelam lugares e mem\u00f3rias da cidade<\/a><\/span><span class=\"widget-news-item-date\">21 jan 2022 &#8211; 02h01<\/span><\/div>\n<\/li>\n<li class=\"widget-news-item without-thumb with-border\">\n<div class=\"widget-news-info\"><a href=\"http:\/\/vejasp.abril.com.br\/cidades\">Cidades<\/a><span class=\"widget-news-item-title\"><a href=\"https:\/\/vejasp.abril.com.br\/coluna\/terraco-paulistano\/ator-troca-os-palcos-pela-narracao-encontrei-o-meu-teatro-no-futebol\/\">Ator troca os palcos pela narra\u00e7\u00e3o: &#8220;Encontrei o meu teatro no futebol&#8221;<\/a><\/span><span class=\"widget-news-item-date\">21 jan 2022 &#8211; 06h01<\/span><\/div>\n<\/li>\n<li class=\"widget-news-item without-thumb with-border\">\n<div class=\"widget-news-info\"><a href=\"http:\/\/vejasp.abril.com.br\/cultura-lazer\">Cultura &amp; Lazer<\/a><span class=\"widget-news-item-title\"><a href=\"https:\/\/vejasp.abril.com.br\/coluna\/terraco-paulistano\/paulistana-e-ceo-por-tras-dos-maiores-sucessos-da-tv-e-do-streaming\/\">Paulistana \u00e9 CEO por tr\u00e1s dos maiores sucessos da TV e do streaming<\/a><\/span><span class=\"widget-news-item-date\">21 jan 2022 &#8211; 06h01<\/span><\/div>\n<\/li>\n<\/ul>\n<\/div>\n<\/div>\n<\/div>\n<div class=\"ads post-ads\"><span class=\"title\">Continua ap\u00f3s a publicidade<\/span><\/p>\n<div id=\"abrAD_rectangle3\" class=\"abrAD\" data-ad-><\/div>\n<\/div>\n<p><script async src=\"http:\/\/platform.twitter.com\/widgets.js\" charset=\"utf-8\"><\/script><br \/>\n<br \/><br \/>\n<br \/><a href=\"https:\/\/vejasp.abril.com.br\/cidades\/chuvas-causam-mortes-deslizamentos-e-alagamentos-na-grande-sp\/\">Fonte do Artigo <\/a><br \/>\nTags:<br \/>\n#loterias #loteriascaixa #megasena #resultadoapostas#noticias #noticiario  #noticia #brasil #noticiascolombia #mundo #esporte #colombia #noticiadeld #ltimasnoticias  #noticiario #noticiasregionales #noticiasdepartamentales #noticiashoy #esportes #noticiaahora #elinformantenoticias #noticiasdeboyac  #esporteinterativo #esportivo #diariodosesportes  #noticiero  #jogodefutebol #jogos #loto #apostas<\/p>\n","protected":false},"excerpt":{"rendered":"<p>Ao menos 18 pessoas morreram em decorr\u00eancia das intensas chuvas que atingiram a regi\u00e3o metropolitana e o interior de S\u00e3o Paulo, de acordo com informa\u00e7\u00e3o divulgada pelo governador Jo\u00e3o Doria (PSDB), que sobrevoou a regi\u00e3o na tarde deste domingo, 30. Sete crian\u00e7as est\u00e3o entre as v\u00edtimas. As informa\u00e7\u00f5es s\u00e3o do Estad\u00e3o. Munic\u00edpios tamb\u00e9m registraram o\u00a0transbordamento [&hellip;]<\/p>\n","protected":false},"author":1,"featured_media":71761,"comment_status":"open","ping_status":"open","sticky":false,"template":"","format":"standard","meta":{"footnotes":""},"categories":[1],"tags":[],"class_list":["post-71760","post","type-post","status-publish","format-standard","has-post-thumbnail","hentry","category-curso-de-copy"],"_links":{"self":[{"href":"https:\/\/wiy.com.br\/noticias\/wp-json\/wp\/v2\/posts\/71760","targetHints":{"allow":["GET"]}}],"collection":[{"href":"https:\/\/wiy.com.br\/noticias\/wp-json\/wp\/v2\/posts"}],"about":[{"href":"https:\/\/wiy.com.br\/noticias\/wp-json\/wp\/v2\/types\/post"}],"author":[{"embeddable":true,"href":"https:\/\/wiy.com.br\/noticias\/wp-json\/wp\/v2\/users\/1"}],"replies":[{"embeddable":true,"href":"https:\/\/wiy.com.br\/noticias\/wp-json\/wp\/v2\/comments?post=71760"}],"version-history":[{"count":0,"href":"https:\/\/wiy.com.br\/noticias\/wp-json\/wp\/v2\/posts\/71760\/revisions"}],"wp:featuredmedia":[{"embeddable":true,"href":"https:\/\/wiy.com.br\/noticias\/wp-json\/wp\/v2\/media\/71761"}],"wp:attachment":[{"href":"https:\/\/wiy.com.br\/noticias\/wp-json\/wp\/v2\/media?parent=71760"}],"wp:term":[{"taxonomy":"category","embeddable":true,"href":"https:\/\/wiy.com.br\/noticias\/wp-json\/wp\/v2\/categories?post=71760"},{"taxonomy":"post_tag","embeddable":true,"href":"https:\/\/wiy.com.br\/noticias\/wp-json\/wp\/v2\/tags?post=71760"}],"curies":[{"name":"wp","href":"https:\/\/api.w.org\/{rel}","templated":true}]}}