{"id":71707,"date":"2023-02-26T15:03:11","date_gmt":"2023-02-26T18:03:11","guid":{"rendered":"https:\/\/wiy.com.br\/noticias\/prefeitura-assina-concessao-dos-parques-trianon-e-mario-covas\/"},"modified":"2022-01-27T02:05:13","modified_gmt":"2022-01-27T04:05:13","slug":"prefeitura-assina-concessao-dos-parques-trianon-e-mario-covas","status":"publish","type":"post","link":"https:\/\/wiy.com.br\/noticias\/prefeitura-assina-concessao-dos-parques-trianon-e-mario-covas\/","title":{"rendered":"Prefeitura assina concess\u00e3o dos parques Trianon e M\u00e1rio Covas"},"content":{"rendered":"<p> <br \/>\n<\/p>\n<p>A <strong>prefeitura de S\u00e3o Paulo<\/strong> assinou o <strong>contrato<\/strong> de <strong>concess\u00e3o<\/strong> dos parques <strong>Trianon<\/strong> e prefeito <strong>M\u00e1rio Covas<\/strong> para a iniciativa privada nesta quarta-feira (26).<\/p>\n<p>Segundo a gest\u00e3o <strong>Ricardo Nunes<\/strong> (MDB), o objetivo do contrato \u00e9 a revitaliza\u00e7\u00e3o dos espa\u00e7os p\u00fablicos. O vencedor foi o <strong>Cons\u00f3rcio Borboletas<\/strong>, que\u00a0ofereceu outorga de R$ 3,3 milh\u00f5es. Dentre as reformas previstas nos espa\u00e7os, no Parque M\u00e1rio Covas a promessa \u00e9 de reparar a parte danificada do muro, reformar a edifica\u00e7\u00e3o da central de informa\u00e7\u00e3o tur\u00edstica e administra\u00e7\u00e3o; reformar os sanit\u00e1rios; implantar mobili\u00e1rio, sinaliza\u00e7\u00e3o e comunica\u00e7\u00e3o visual.<\/p>\n<p>J\u00e1 no Parque Trianon, a concession\u00e1ria dever\u00e1 reformar os playgrounds e suas \u00e1reas, implantar mobili\u00e1rio, sinaliza\u00e7\u00e3o, comunica\u00e7\u00e3o visual.<\/p>\n<\/p>\n<div id=\"relacionadas\" class=\"block  three_columns\">\n<ul class=\"block-menu\">\n<li data-tab=\"tab-1\" class=\"active\">Relacionadas<\/li>\n<\/ul>\n<div id=\"tab-1\" class=\"block-content active\">\n<ul class=\"relacionadas-s-img\">\n<li class=\"widget-news-item without-thumb with-border\">\n<div class=\"widget-news-info\"><a href=\"http:\/\/vejasp.abril.com.br\/cidades\">Cidades<\/a><span class=\"widget-news-item-title\"><a href=\"https:\/\/vejasp.abril.com.br\/cidades\/sao-paulo-468-anos\/\">Minha S\u00e3o Paulo: personalidades revelam lugares e mem\u00f3rias da cidade<\/a><\/span><span class=\"widget-news-item-date\">21 jan 2022 &#8211; 02h01<\/span><\/div>\n<\/li>\n<li class=\"widget-news-item without-thumb with-border\">\n<div class=\"widget-news-info\"><a href=\"http:\/\/vejasp.abril.com.br\/cidades\">Cidades<\/a><span class=\"widget-news-item-title\"><a href=\"https:\/\/vejasp.abril.com.br\/cidades\/sp-queda-homicidios-alta-estupros-2021\/\">SP: estado tem queda de homic\u00eddios dolosos e alta de estupros em 2021<\/a><\/span><span class=\"widget-news-item-date\">26 jan 2022 &#8211; 19h01<\/span><\/div>\n<\/li>\n<li class=\"widget-news-item without-thumb with-border\">\n<div class=\"widget-news-info\"><a href=\"http:\/\/vejasp.abril.com.br\/cidades\">Cidades<\/a><span class=\"widget-news-item-title\"><a href=\"https:\/\/vejasp.abril.com.br\/cidades\/interior-ganha-ciclorrota-de-75-km-a-partir-de-sabado-29\/\">Interior ganha ciclorrota de 75 km a partir de s\u00e1bado (29)<\/a><\/span><span class=\"widget-news-item-date\">26 jan 2022 &#8211; 18h01<\/span><\/div>\n<\/li>\n<\/ul>\n<\/div>\n<\/div>\n<div class=\"ads post-ads\"><span class=\"title\">Continua ap\u00f3s a publicidade<\/span><\/p>\n<div id=\"abrAD_rectangle3\" class=\"abrAD\" data-ad-><\/div>\n<\/div>\n<p><br \/>\n<br \/><a href=\"https:\/\/vejasp.abril.com.br\/cidades\/prefeitura-assina-concessao-parque-trianon-mario-covas\/\">Fonte do Artigo <\/a><br \/>\nTags:<br \/>\n#loterias #loteriascaixa #megasena #resultadoapostas#noticias #noticiario  #noticia #brasil #noticiascolombia #mundo #esporte #colombia #noticiadeld #ltimasnoticias  #noticiario #noticiasregionales #noticiasdepartamentales #noticiashoy #esportes #noticiaahora #elinformantenoticias #noticiasdeboyac  #esporteinterativo #esportivo #diariodosesportes  #noticiero  #jogodefutebol #jogos #loto #apostas<\/p>\n","protected":false},"excerpt":{"rendered":"<p>A prefeitura de S\u00e3o Paulo assinou o contrato de concess\u00e3o dos parques Trianon e prefeito M\u00e1rio Covas para a iniciativa privada nesta quarta-feira (26). Segundo a gest\u00e3o Ricardo Nunes (MDB), o objetivo do contrato \u00e9 a revitaliza\u00e7\u00e3o dos espa\u00e7os p\u00fablicos. O vencedor foi o Cons\u00f3rcio Borboletas, que\u00a0ofereceu outorga de R$ 3,3 milh\u00f5es. Dentre as reformas [&hellip;]<\/p>\n","protected":false},"author":1,"featured_media":71708,"comment_status":"open","ping_status":"open","sticky":false,"template":"","format":"standard","meta":{"footnotes":""},"categories":[1],"tags":[],"class_list":["post-71707","post","type-post","status-publish","format-standard","has-post-thumbnail","hentry","category-curso-de-copy"],"_links":{"self":[{"href":"https:\/\/wiy.com.br\/noticias\/wp-json\/wp\/v2\/posts\/71707","targetHints":{"allow":["GET"]}}],"collection":[{"href":"https:\/\/wiy.com.br\/noticias\/wp-json\/wp\/v2\/posts"}],"about":[{"href":"https:\/\/wiy.com.br\/noticias\/wp-json\/wp\/v2\/types\/post"}],"author":[{"embeddable":true,"href":"https:\/\/wiy.com.br\/noticias\/wp-json\/wp\/v2\/users\/1"}],"replies":[{"embeddable":true,"href":"https:\/\/wiy.com.br\/noticias\/wp-json\/wp\/v2\/comments?post=71707"}],"version-history":[{"count":0,"href":"https:\/\/wiy.com.br\/noticias\/wp-json\/wp\/v2\/posts\/71707\/revisions"}],"wp:featuredmedia":[{"embeddable":true,"href":"https:\/\/wiy.com.br\/noticias\/wp-json\/wp\/v2\/media\/71708"}],"wp:attachment":[{"href":"https:\/\/wiy.com.br\/noticias\/wp-json\/wp\/v2\/media?parent=71707"}],"wp:term":[{"taxonomy":"category","embeddable":true,"href":"https:\/\/wiy.com.br\/noticias\/wp-json\/wp\/v2\/categories?post=71707"},{"taxonomy":"post_tag","embeddable":true,"href":"https:\/\/wiy.com.br\/noticias\/wp-json\/wp\/v2\/tags?post=71707"}],"curies":[{"name":"wp","href":"https:\/\/api.w.org\/{rel}","templated":true}]}}