{"id":71594,"date":"2023-02-26T15:02:13","date_gmt":"2023-02-26T18:02:13","guid":{"rendered":"https:\/\/wiy.com.br\/noticias\/confira-o-primeiro-trailer-de-cavaleiro-da-lua\/"},"modified":"2022-01-18T09:05:11","modified_gmt":"2022-01-18T11:05:11","slug":"confira-o-primeiro-trailer-de-cavaleiro-da-lua","status":"publish","type":"post","link":"https:\/\/wiy.com.br\/noticias\/confira-o-primeiro-trailer-de-cavaleiro-da-lua\/","title":{"rendered":"Confira o primeiro trailer de \u2018Cavaleiro da Lua\u2019"},"content":{"rendered":"<p> <br \/>\n<\/p>\n<p>Para os ansiosos de plant\u00e3o: a espera acabou! A nova produ\u00e7\u00e3o da\u00a0<a href=\"https:\/\/olhardigital.com.br\/tag\/marvel\/\" target=\"_blank\" rel=\"noreferrer noopener\">Marvel Studios<\/a>\u00a0no\u00a0<a href=\"https:\/\/olhardigital.com.br\/tag\/disney\/\" target=\"_blank\" rel=\"noreferrer noopener\">Disney+<\/a>, a s\u00e9rie &#8216;Cavaleiro da\u00a0Lua&#8217; ganhou seu primeiro trailer junto com um p\u00f4ster in\u00e9dito na segunda-feira (17). \u00c9 a estreia do ator\u00a0Oscar Isaac\u00a0no\u00a0Universo Cinematogr\u00e1fico da Marvel. <\/p>\n<p>A s\u00e9rie\u00a0&#8216;Cavaleiro da Lua&#8217; (Moon Knight em ingl\u00eas) retrata a hist\u00f3ria de Marc Spector, que, nas hist\u00f3rias em quadrinho \u00e9 um ex-militar que se torna um mercen\u00e1rio. A sua vida acaba mudando completamente depois de uma miss\u00e3o no <a href=\"https:\/\/olhardigital.com.br\/tag\/egito\/\" target=\"_blank\" rel=\"noreferrer noopener\">Egito<\/a>, em que ele recebe a visita do deus Khonshu que o transforma no pr\u00f3prio Cavaleiro da Lua, visto como um avatar da divindade eg\u00edpcia.<\/p>\n<figure class=\"wp-block-embed is-type-rich is-provider-twitter wp-block-embed-twitter\">\n<div class=\"wp-block-embed__wrapper\">\n<blockquote class=\"twitter-tweet\" data-width=\"500\" data-dnt=\"true\">\n<p lang=\"en\" dir=\"ltr\">Check out the all new poster for Marvel Studios\u2019 <a href=\"https:\/\/twitter.com\/moonknight?ref_src=twsrc%5Etfw\">@MoonKnight<\/a> and start streaming the Original series March 30 on <a href=\"https:\/\/twitter.com\/disneyplus?ref_src=twsrc%5Etfw\">@DisneyPlus<\/a>. <a href=\"https:\/\/t.co\/XFgxdxnc5U\">pic.twitter.com\/XFgxdxnc5U<\/a><\/p>\n<p>&mdash; Marvel Studios (@MarvelStudios) <a href=\"https:\/\/twitter.com\/MarvelStudios\/status\/1483270096537591809?ref_src=twsrc%5Etfw\">January 18, 2022<\/a><\/p><\/blockquote>\n<\/div>\n<\/figure>\n<p>A <a href=\"https:\/\/olhardigital.com.br\/tag\/serie\/\" target=\"_blank\" rel=\"noreferrer noopener\">s\u00e9rie<\/a> &#8216;Cavaleiro da Lua&#8217; vai estrear no dia\u00a030 de mar\u00e7o de 2022\u00a0no Disney+ e conta com um elenco de peso! Isaac\u00a0como o protagonista,\u00a0Gaspard Uliel interpreta o Homem da Meia-Noite,\u00a0Ethan Hawke\u00a0vive o vil\u00e3o misterioso e\u00a0May Calamawy\u00a0n\u00e3o teve ainda o seu papel divulgado. A dire\u00e7\u00e3o ficou com Mohamed Diab, Justin Benson e Aaron Moorhead, sendo escrito por Jeremy Slater<\/p>\n<p>A produ\u00e7\u00e3o ter\u00e1 apenas seis epis\u00f3dios e foi anunciada em 2019. Al\u00e9m disso, uma curiosidade \u00e9 que  o ator guatemalteca, Isaac ganhou os holofotes para este papel por conta de seu trabalho como Poe Dameron na saga &#8216;<a href=\"https:\/\/olhardigital.com.br\/2021\/11\/12\/cinema-e-streaming\/confira-primeiras-imagens-obi-wan-kenobi-star-wars\/\" target=\"_blank\" rel=\"noreferrer noopener\">Star Wars<\/a>&#8216;.<\/p>\n<p>Confira o primeiro trailer de &#8216;Cavaleiro da Lua&#8217;:<\/p>\n<figure class=\"wp-block-embed is-type-video is-provider-youtube wp-block-embed-youtube wp-embed-aspect-16-9 wp-has-aspect-ratio\">\n<div class=\"wp-block-embed__wrapper\">\n<\/div>\n<\/figure>\n<p><strong>Leia mais:<\/strong><\/p>\n<ul>\n<li><a href=\"https:\/\/olhardigital.com.br\/2022\/01\/17\/cinema-e-streaming\/conheca-5-producoes-com-participantes-do-bbb-22\/\" target=\"_blank\" rel=\"noreferrer noopener\">Conhe\u00e7a 5 produ\u00e7\u00f5es com participantes do \u2018BBB 22\u2019<\/a><\/li>\n<li><a href=\"https:\/\/olhardigital.com.br\/2022\/01\/17\/cinema-e-streaming\/ultima-fala-de-nao-olhe-para-cima-foi-ideia-de-leonardo-dicaprio\/\" target=\"_blank\" rel=\"noreferrer noopener\">\u00daltima fala de \u2018N\u00e3o Olhe Para Cima\u2019 foi ideia de Leonardo DiCaprio<\/a><\/li>\n<li><a href=\"https:\/\/olhardigital.com.br\/2022\/01\/17\/cinema-e-streaming\/netflix-lancamentos-da-semana-17-a-23-de-janeiro\/\" target=\"_blank\" rel=\"noreferrer noopener\">Netflix: lan\u00e7amentos da semana (17 a 23 de janeiro)<\/a><\/li>\n<\/ul>\n<p><strong>J\u00e1 assistiu aos novos v\u00eddeos no<\/strong><a href=\"http:\/\/www.youtube.com\/channel\/UCGV72aVJuWP0QPNGH4YgIww?sub_confirmation=1\"><strong>\u00a0YouTube<\/strong><\/a><strong>\u00a0do Olhar Digital? Inscreva-se no canal!<\/strong><\/p>\n<p>O post <a rel=\"nofollow\" href=\"https:\/\/olhardigital.com.br\/2022\/01\/18\/cinema-e-streaming\/confira-o-primeiro-trailer-de-cavaleiro-da-lua\/\">Confira o primeiro trailer de &#8216;Cavaleiro da Lua&#8217;<\/a> apareceu primeiro em <a rel=\"nofollow\" href=\"https:\/\/olhardigital.com.br\">Olhar Digital<\/a>.<\/p>\n<p><script async src=\"http:\/\/platform.twitter.com\/widgets.js\" charset=\"utf-8\"><\/script><br \/>\n<br \/><br \/>\n<br \/><a href=\"https:\/\/olhardigital.com.br\/2022\/01\/18\/cinema-e-streaming\/confira-o-primeiro-trailer-de-cavaleiro-da-lua\/\">Fonte do Artigo <\/a><br \/>\nTags:<\/p>\n<p><a href=\"https:\/\/wiy.com.br\/noticias\/categoria\/tecnologia\/\">#tecnologia<\/a> <a href=\"https:\/\/wiy.com.br\/noticias\/categoria\/tecnologia\/\">#tecnologias<\/a> <a href=\"https:\/\/wiy.com.br\/noticias\/categoria\/tecnologia\/\">#technology<\/a> <a href=\"https:\/\/wiy.com.br\/noticias\/categoria\/tecnologia\/\">#tecnolog<\/a> <a href=\"https:\/\/wiy.com.br\/noticias\/categoria\/tecnologia\/\">#iphone<\/a> <a href=\"https:\/\/wiy.com.br\/noticias\/categoria\/tecnologia\/\">#informatica<\/a> <a href=\"https:\/\/wiy.com.br\/noticias\/categoria\/tecnologia\/\">#tech<\/a> <a href=\"https:\/\/wiy.com.br\/noticias\/categoria\/tecnologia\/\">#design<\/a> <a href=\"https:\/\/wiy.com.br\/noticias\/categoria\/tecnologia\/\">#samsung<\/a> <a href=\"https:\/\/wiy.com.br\/noticias\/categoria\/tecnologia\/\">#internet<\/a> <a href=\"https:\/\/wiy.com.br\/noticias\/categoria\/tecnologia\/\">#apple<\/a> <a href=\"https:\/\/wiy.com.br\/noticias\/categoria\/tecnologia\/\">#smartphone<\/a> <a href=\"https:\/\/wiy.com.br\/noticias\/categoria\/tecnologia\/\">#seguranca<\/a> <a href=\"https:\/\/wiy.com.br\/noticias\/categoria\/tecnologia\/\">#venezuela<\/a> <a href=\"https:\/\/wiy.com.br\/noticias\/categoria\/tecnologia\/\">#celular<\/a> <a href=\"https:\/\/wiy.com.br\/noticias\/categoria\/tecnologia\/\">#celulares<\/a> <a href=\"https:\/\/wiy.com.br\/noticias\/categoria\/tecnologia\/\">#inovar<\/a> <a href=\"https:\/\/wiy.com.br\/noticias\/categoria\/tecnologia\/\">#qualidade<\/a> <a href=\"https:\/\/wiy.com.br\/noticias\/categoria\/tecnologia\/\">#software<\/a> <a href=\"https:\/\/wiy.com.br\/noticias\/categoria\/tecnologia\/\">#empresas<\/a> <a href=\"https:\/\/wiy.com.br\/noticias\/categoria\/tecnologia\/\">#cursos<\/a> <a href=\"https:\/\/wiy.com.br\/noticias\/categoria\/tecnologia\/\">#engenharia<\/a> <a href=\"https:\/\/wiy.com.br\/noticias\/categoria\/tecnologia\/\">#industria<\/a> <a href=\"https:\/\/wiy.com.br\/noticias\/categoria\/tecnologia\/\">#marketing<\/a> <a href=\"https:\/\/wiy.com.br\/noticias\/categoria\/tecnologia\/\">#ti<\/a> <a href=\"https:\/\/wiy.com.br\/noticias\/categoria\/tecnologia\/\">#tecnoblog<\/a> <a href=\"https:\/\/wiy.com.br\/noticias\/categoria\/tecnologia\/\">#veja<\/a> <a href=\"https:\/\/wiy.com.br\/noticias\/categoria\/tecnologia\/\">#olhardigital<\/a> <a href=\"https:\/\/wiy.com.br\/noticias\/categoria\/tecnologia\/\">#mundodigital<\/a> <a href=\"https:\/\/wiy.com.br\/noticias\/categoria\/tecnologia\/\">#inteligenciaartificial<\/a> <a href=\"https:\/\/wiy.com.br\/criacao-de-sites\/\">#criar site<\/a> <a href=\"https:\/\/wiy.com.br\/criacao-de-sites\/\">#criar site curitiba<\/a> <a href=\"https:\/\/wiy.com.br\/criacao-de-sites\/\">#wiysolutions<\/a><\/p>\n","protected":false},"excerpt":{"rendered":"<p>Para os ansiosos de plant\u00e3o: a espera acabou! A nova produ\u00e7\u00e3o da\u00a0Marvel Studios\u00a0no\u00a0Disney+, a s\u00e9rie &#8216;Cavaleiro da\u00a0Lua&#8217; ganhou seu primeiro trailer junto com um p\u00f4ster in\u00e9dito na segunda-feira (17). \u00c9 a estreia do ator\u00a0Oscar Isaac\u00a0no\u00a0Universo Cinematogr\u00e1fico da Marvel. A s\u00e9rie\u00a0&#8216;Cavaleiro da Lua&#8217; (Moon Knight em ingl\u00eas) retrata a hist\u00f3ria de Marc Spector, que, nas hist\u00f3rias [&hellip;]<\/p>\n","protected":false},"author":1,"featured_media":0,"comment_status":"open","ping_status":"open","sticky":false,"template":"","format":"standard","meta":{"footnotes":""},"categories":[5],"tags":[],"class_list":["post-71594","post","type-post","status-publish","format-standard","hentry","category-tecnologia"],"_links":{"self":[{"href":"https:\/\/wiy.com.br\/noticias\/wp-json\/wp\/v2\/posts\/71594","targetHints":{"allow":["GET"]}}],"collection":[{"href":"https:\/\/wiy.com.br\/noticias\/wp-json\/wp\/v2\/posts"}],"about":[{"href":"https:\/\/wiy.com.br\/noticias\/wp-json\/wp\/v2\/types\/post"}],"author":[{"embeddable":true,"href":"https:\/\/wiy.com.br\/noticias\/wp-json\/wp\/v2\/users\/1"}],"replies":[{"embeddable":true,"href":"https:\/\/wiy.com.br\/noticias\/wp-json\/wp\/v2\/comments?post=71594"}],"version-history":[{"count":0,"href":"https:\/\/wiy.com.br\/noticias\/wp-json\/wp\/v2\/posts\/71594\/revisions"}],"wp:attachment":[{"href":"https:\/\/wiy.com.br\/noticias\/wp-json\/wp\/v2\/media?parent=71594"}],"wp:term":[{"taxonomy":"category","embeddable":true,"href":"https:\/\/wiy.com.br\/noticias\/wp-json\/wp\/v2\/categories?post=71594"},{"taxonomy":"post_tag","embeddable":true,"href":"https:\/\/wiy.com.br\/noticias\/wp-json\/wp\/v2\/tags?post=71594"}],"curies":[{"name":"wp","href":"https:\/\/api.w.org\/{rel}","templated":true}]}}