{"id":71355,"date":"2023-02-26T15:38:56","date_gmt":"2023-02-26T18:38:56","guid":{"rendered":"https:\/\/wiy.com.br\/noticias\/confira-o-que-abre-e-o-que-fecha-no-ano-novo-em-sao-paulo\/"},"modified":"2021-12-31T13:05:08","modified_gmt":"2021-12-31T15:05:08","slug":"confira-o-que-abre-e-o-que-fecha-no-ano-novo-em-sao-paulo","status":"publish","type":"post","link":"https:\/\/wiy.com.br\/noticias\/confira-o-que-abre-e-o-que-fecha-no-ano-novo-em-sao-paulo\/","title":{"rendered":"Confira o que abre e o que fecha no ano-novo em S\u00e3o Paulo"},"content":{"rendered":"<p> <br \/>\n<\/p>\n<p>Com o feriado de ano-novo, diversos servi\u00e7os em S\u00e3o Paulo t\u00eam hor\u00e1rios de funcionamento alterados nesta<strong> sexta-feira (31) e no s\u00e1bado (1\u00ba)<\/strong>. Confira:<img title = \"[Tags]\"alt = \"ebc Confira o que abre e o que fecha no ano-novo em S\u00e3o Paulo\"decoding=\"async\" src=\"https:\/\/agenciabrasil.ebc.com.br\/ebc.png?id=1434674&amp;o=node\" border=\"0\" \/><img title = \"[Tags]\"alt = \"ebc Confira o que abre e o que fecha no ano-novo em S\u00e3o Paulo\"decoding=\"async\" src=\"https:\/\/agenciabrasil.ebc.com.br\/ebc.gif?id=1434674&amp;o=node\" border=\"0\" \/><\/p>\n<p>A Secretaria de Estado da Sa\u00fade informou que os hospitais estaduais manter\u00e3o o funcionamento normal para atendimento \u00e0s urg\u00eancias e emerg\u00eancias, tanto nos prontos-socorros quanto nos setores de interna\u00e7\u00e3o e centros cir\u00fargicos.<\/p>\n<p>Na sexta-feira, ser\u00e3o mantidos os atendimentos nos Ambulat\u00f3rios M\u00e9dicos de Especialidades (AMEs), \u00e0 exce\u00e7\u00e3o das unidades Casa Branca e Jardim dos Prados, que n\u00e3o ter\u00e3o expediente.<\/p>\n<p>As unidades da Farm\u00e1cia Dose Certa n\u00e3o t\u00eam expediente nem na v\u00e9spera nem no feriado do r\u00e9veillon. As Farm\u00e1cias de Medicamentos Especializados (FME), conhecidas popularmente como de \u201calto custo\u201d tamb\u00e9m suspenderam o atendimento. A farm\u00e1cia localizada no Hospital Estadual de Bauru funciona hoje, mas fecha amanh\u00e3.<\/p>\n<p>A Secretaria Municipal da Sa\u00fade (SMS) de S\u00e3o Paulo informou que hospitais, prontos-socorros, Hospitais Dia 24 horas, Assist\u00eancias M\u00e9dicas Ambulatoriais (AMAs) 24h e as Unidades de Pronto Atendimento (UPAs) funcionar\u00e3o normalmente, de forma ininterrupta.<\/p>\n<p>As unidades AMAs 12h, com atendimento de segunda a s\u00e1bado, atender\u00e3o das 7h \u00e0s 19h durante as festas de final de ano. As AMAs\/UBSs Integradas com atendimento de segunda a s\u00e1bado funcionar\u00e3o nos dias 31 e 1\u00ba de janeiro, das 7h \u00e0s 19h, apenas com pronto atendimento.<\/p>\n<p>Os Centros de Aten\u00e7\u00e3o Psicossocial III (Caps III) que atendem 24h funcionar\u00e3o apenas com demandas internas e n\u00e3o estar\u00e3o abertos ao p\u00fablico. J\u00e1 o Caps AD IV Reden\u00e7\u00e3o estar\u00e1 aberto ao p\u00fablico durante o per\u00edodo de fim de ano.<\/p>\n<p>As Unidades de Vigil\u00e2ncia em Sa\u00fade (Uvis) n\u00e3o abrir\u00e3o as portas. Os Ambulat\u00f3rios de Especialidades (AE) e a Rede Municipal Especializada em Infec\u00e7\u00f5es Sexualmente Transmiss\u00edveis (IST)\/Aids tamb\u00e9m estar\u00e3o fechadas no ponto facultativo e feriado.<\/p>\n<p>As unidades AMAs Especialidades, Ambulat\u00f3rios de Especialidade (AE) e os Hospitais Dia, que abrem de segunda-feira a s\u00e1bado, n\u00e3o atender\u00e3o nos dias 31 de dezembro e 1\u00ba de janeiro.<\/p>\n<p>A vacina\u00e7\u00e3o contra a covid-19 na cidade de S\u00e3o Paulo fica suspensa hoje e amanh\u00e3 e retoma no domingo (2).<\/p>\n<p>Os hospitais veterin\u00e1rios das zonas norte, leste e sul da capital abrem apenas para atendimentos de urg\u00eancias hoje, das 7h \u00e0s 12h. O atendimento retorna na segunda-feira (3).<\/p>\n<p><strong>Poupatempo<\/strong><\/p>\n<p>Os postos do Poupatempo em todo o estado estar\u00e3o fechados. As unidades reabrem em hor\u00e1rio normal a partir de segunda-feira.<\/p>\n<p>O atendimento presencial \u00e9 realizado mediante agendamento pr\u00e9vio de data e hor\u00e1rio,<span>\u00a0<\/span><a href=\"http:\/\/www.poupatempo.sp.gov.br\/\" target=\"_blank\" rel=\"noopener\">pelo portal<\/a>, aplicativo Poupatempo Digital ou totens de autoatendimento.<\/p>\n<p>O Poupatempo oferece cerca de 170 servi\u00e7os eletr\u00f4nicos, que podem ser feitos 24 horas por dia, sete dias por semana, como a renova\u00e7\u00e3o de CNH, emiss\u00e3o do Atestado de Antecedentes Criminais, consulta de IPVA, carteira de vacina\u00e7\u00e3o digital contra a covid-19, entre outros.<\/p>\n<p><strong>CPTM, Metr\u00f4 e EMTU<\/strong><\/p>\n<p>As empresas ligadas \u00e0 Secretaria dos Transportes Metropolitanos (STM) n\u00e3o ter\u00e3o opera\u00e7\u00e3o comercial com hor\u00e1rio estendido neste fim de ano.<\/p>\n<p>CPTM &#8211; todas as linhas da CPTM operam com intervalos habituais de um dia \u00fatil, nesta sexta-feira. Amanh\u00e3 e domingo, a programa\u00e7\u00e3o ser\u00e1 equivalente \u00e0 de um domingo, com intervalos m\u00e9dios de at\u00e9 35 minutos. A Linha 13-Jade opera com 20 minutos de intervalo entre os trens todos os dias.<\/p>\n<p>EMTU &#8211; As linhas intermunicipais da EMTU\/SP nas cinco regi\u00f5es metropolitanas do estado operam com programa\u00e7\u00e3o hor\u00e1ria diferenciada de hoje a domingo, ou seja, com as partidas seguindo os hor\u00e1rios de domingo.<\/p>\n<p>Metr\u00f4 \u2013 O estado informou que as linhas gerenciadas pelo Metr\u00f4 de S\u00e3o Paulo (1-Azul, 2-Verde, 3-Vermelha e 15-Prata) e pelas concession\u00e1rias ViaQuatro e ViaMobilidade (Linha 4-Amarela e 5-Lil\u00e1s, respectivamente) n\u00e3o ter\u00e3o altera\u00e7\u00f5es, operando todos os dias das 4h40 \u00e0s 00h, com frota de trens e intervalos normais para um dia \u00fatil.<\/p>\n<p>Aos s\u00e1bados, domingos e feriados, os passageiros podem embarcar com suas bicicletas convencionais e tamb\u00e9m el\u00e9tricas de tamanho semelhante ao das convencionais no Metr\u00f4, na CPTM e nas concession\u00e1rias ViaQuatro e ViaMobilidade. Nos dias \u00fateis, de segunda a sexta, o embarque \u00e9 permitido entre 10h e 16h e das 21h at\u00e9 o encerramento da opera\u00e7\u00e3o. O embarque de bicicletas no trem \u00e9 permitido apenas no \u00faltimo carro, no limite de quatro bicicletas por viagem.<\/p>\n<p><strong>\u00d4nibus municipal<\/strong><\/p>\n<p>A SPTrans informou que a circula\u00e7\u00e3o dos \u00f4nibus neste dia 31 ser\u00e1 com 100% da frota operacional em rela\u00e7\u00e3o aos dias \u00fateis. J\u00e1 no dia 1\u00b0 de janeiro, a frota ser\u00e1 equivalente \u00e0 de um domingo.<\/p>\n<div class=\"ads post-ads\"><span class=\"title\">Continua ap\u00f3s a publicidade<\/span><\/p>\n<div id=\"abrAD_rectangle2\" class=\"abrAD\" data-ad-><\/div>\n<\/div>\n<p>O atendimento nos postos de venda em terminais de \u00f4nibus e no Expresso Tiradentes ser\u00e1 das 6h \u00e0s 19h. J\u00e1 as lojas Augusta, Metr\u00f4 Jabaquara e Santana estar\u00e3o fechadas. Nesses dois dias, o Posto Central da SPTrans permanecer\u00e1 fechado.<\/p>\n<p>Tamb\u00e9m o Posto de Apoio \u00e0 Mulher, localizado no mezanino do Terminal Sacom\u00e3, est\u00e1 fechado hoje. O atendimento ser\u00e1 retomado na segunda-feira \u00e0s 8h.<\/p>\n<p>Um dos servi\u00e7os mais procurados nos postos de atendimento, que \u00e9 a recarga do bilhete, pode ser realizada por meio de aplicativos. A lista com os aplicativos credenciados para a venda de cr\u00e9dito do Bilhete \u00danico<span>\u00a0<\/span><a href=\"http:\/\/www.sptrans.com.br\/compra-de-creditos-e-servicos\/\" target=\"_blank\" rel=\"noopener\">est\u00e1 dispon\u00edvel no<span>\u00a0<\/span><em>site<\/em><\/a>. Ap\u00f3s a compra dos cr\u00e9ditos, o usu\u00e1rio deve recarregar o cart\u00e3o nas m\u00e1quinas autom\u00e1ticas ou nos validadores no interior dos coletivos.<\/p>\n<p><strong>Sabesp<\/strong><\/p>\n<p>A Central de Atendimento Telef\u00f4nico da Sabesp (0800 055 0195) funciona hoje at\u00e9 meio dia. Amanh\u00e3 o atendimento est\u00e1 suspenso. Para servi\u00e7os emergenciais, o n\u00famero de telefone 195 funcionar\u00e1 24 horas, todos os dias.<\/p>\n<p>Na Ag\u00eancia Virtual e no Sabesp F\u00e1cil o atendimento ser\u00e1 24 horas, todos os dias, pelo<span>\u00a0<\/span><em>site<\/em>. \u00c9 poss\u00edvel informar vazamentos e consultar informa\u00e7\u00f5es sobre contas, entre outros servi\u00e7os.<\/p>\n<p>Nas Ag\u00eancias, Quiosques Presenciais e no Atendimento online n\u00e3o haver\u00e1 expediente. A Sabesp Solu\u00e7\u00f5es Ambientais (0800 771 2482) oferece atendimento nesta sexta-feira at\u00e9 meio-dia. Amanh\u00e3 n\u00e3o haver\u00e1 expediente.<\/p>\n<p>Na Ouvidoria n\u00e3o haver\u00e1 atendimento telef\u00f4nico hoje.<\/p>\n<p><strong>Defesa Civil do Estado<\/strong><\/p>\n<p>A Defesa Civil do Estado ficar\u00e1 \u00e0 disposi\u00e7\u00e3o durante os feriados de fim de ano por meio do N\u00facleo de Gerenciamento de Emerg\u00eancias, pelo telefone 2193 8888.<\/p>\n<p><strong>Bom Prato<\/strong><\/p>\n<p>As 60 unidades do Bom Prato servir\u00e3o caf\u00e9 da manh\u00e3 e almo\u00e7o hoje. Amanh\u00e3 estar\u00e3o abertas para almo\u00e7o as unidades Br\u00e1s, Guaianazes, Lapa, S\u00e3o Mateus. No domingo, somente a unidade Campos El\u00edsios vai funcionar. As unidades retomam o atendimento normal a partir de segunda-feira.<\/p>\n<p><strong>Limpeza Urbana<\/strong><\/p>\n<p>O servi\u00e7o de varri\u00e7\u00e3o da prefeitura de S\u00e3o Paulo ser\u00e1 interrompido hoje \u00e0s 19h e retomado amanh\u00e3, \u00e0s 22h. J\u00e1 o servi\u00e7o de coleta domiciliar ser\u00e1 interrompido por 24h, a partir das 18h desta sexta-feira.<\/p>\n<p>A recomenda\u00e7\u00e3o \u00e9 que os cidad\u00e3os evitem colocar os res\u00edduos nas vias p\u00fablicas at\u00e9 a pr\u00f3xima passagem regular das equipes de limpeza. As concession\u00e1rias dever\u00e3o manter equipes de apoio de prontid\u00e3o para atuar em caso de eventos de emerg\u00eancia, como fortes chuvas.<\/p>\n<p>A coleta de grandes geradores de materiais de sa\u00fade (como hospitais e UBSs) seguir\u00e1 com a programa\u00e7\u00e3o normal. Nos pequenos geradores (como cl\u00ednicas e farm\u00e1cias), a prefeitura informou que a coleta n\u00e3o \u00e9 realizada em feriados.<\/p>\n<p><strong>Bancos<\/strong><\/p>\n<p>Os bancos e institui\u00e7\u00f5es financeiras est\u00e3o fechados para atendimento ao p\u00fablico nesta sexta-feira.<\/p>\n<p>As pessoas poder\u00e3o utilizar os meios eletr\u00f4nicos de atendimento banc\u00e1rio, como<span>\u00a0<\/span><em>mobile<\/em><span>\u00a0<\/span>e<span>\u00a0<\/span><em>internet banking<\/em>, caixas eletr\u00f4nicos, banco por telefone e correspondentes para fazer transa\u00e7\u00f5es financeiras. Os carn\u00eas e contas de consumo (como \u00e1gua, energia, telefone) vencidos no feriado poder\u00e3o ser pagos sem acr\u00e9scimo no pr\u00f3ximo dia \u00fatil.<\/p>\n<p><strong>Correios<\/strong><\/p>\n<p>N\u00e3o haver\u00e1 atendimento na rede de ag\u00eancias dos Correios e na Central de Atendimento (CAC) na v\u00e9spera e no feriado. A empresa informou que o<span>\u00a0<\/span><a href=\"https:\/\/www.correios.com.br\/falecomoscorreios\/central-de-atendimento\" target=\"_blank\" rel=\"noopener\">Fale Conosco no<span>\u00a0<\/span><em>site<\/em><\/a><span>\u00a0<\/span>vai receber mensagens no per\u00edodo, mas as respostas s\u00f3 voltam a ser tratadas a partir do dia 3.<\/p>\n<div class=\"ads post-ads\"><span class=\"title\">Continua ap\u00f3s a publicidade<\/span><\/p>\n<div id=\"abrAD_rectangle3\" class=\"abrAD\" data-ad-><\/div>\n<\/div>\n<p><br \/>\n<br \/><a href=\"https:\/\/vejasp.abril.com.br\/cidades\/o-que-abre-o-que-fecha-no-ano-novo-em-sao-paulo\/\">Fonte do Artigo <\/a><br \/>\nTags:<br \/>\n#loterias #loteriascaixa #megasena #resultadoapostas#noticias #noticiario  #noticia #brasil #noticiascolombia #mundo #esporte #colombia #noticiadeld #ltimasnoticias  #noticiario #noticiasregionales #noticiasdepartamentales #noticiashoy #esportes #noticiaahora #elinformantenoticias #noticiasdeboyac  #esporteinterativo #esportivo #diariodosesportes  #noticiero  #jogodefutebol #jogos #loto #apostas<\/p>\n","protected":false},"excerpt":{"rendered":"<p>Com o feriado de ano-novo, diversos servi\u00e7os em S\u00e3o Paulo t\u00eam hor\u00e1rios de funcionamento alterados nesta sexta-feira (31) e no s\u00e1bado (1\u00ba). Confira: A Secretaria de Estado da Sa\u00fade informou que os hospitais estaduais manter\u00e3o o funcionamento normal para atendimento \u00e0s urg\u00eancias e emerg\u00eancias, tanto nos prontos-socorros quanto nos setores de interna\u00e7\u00e3o e centros cir\u00fargicos. [&hellip;]<\/p>\n","protected":false},"author":1,"featured_media":71356,"comment_status":"open","ping_status":"open","sticky":false,"template":"","format":"standard","meta":{"footnotes":""},"categories":[1],"tags":[],"class_list":["post-71355","post","type-post","status-publish","format-standard","has-post-thumbnail","hentry","category-curso-de-copy"],"_links":{"self":[{"href":"https:\/\/wiy.com.br\/noticias\/wp-json\/wp\/v2\/posts\/71355","targetHints":{"allow":["GET"]}}],"collection":[{"href":"https:\/\/wiy.com.br\/noticias\/wp-json\/wp\/v2\/posts"}],"about":[{"href":"https:\/\/wiy.com.br\/noticias\/wp-json\/wp\/v2\/types\/post"}],"author":[{"embeddable":true,"href":"https:\/\/wiy.com.br\/noticias\/wp-json\/wp\/v2\/users\/1"}],"replies":[{"embeddable":true,"href":"https:\/\/wiy.com.br\/noticias\/wp-json\/wp\/v2\/comments?post=71355"}],"version-history":[{"count":0,"href":"https:\/\/wiy.com.br\/noticias\/wp-json\/wp\/v2\/posts\/71355\/revisions"}],"wp:featuredmedia":[{"embeddable":true,"href":"https:\/\/wiy.com.br\/noticias\/wp-json\/wp\/v2\/media\/71356"}],"wp:attachment":[{"href":"https:\/\/wiy.com.br\/noticias\/wp-json\/wp\/v2\/media?parent=71355"}],"wp:term":[{"taxonomy":"category","embeddable":true,"href":"https:\/\/wiy.com.br\/noticias\/wp-json\/wp\/v2\/categories?post=71355"},{"taxonomy":"post_tag","embeddable":true,"href":"https:\/\/wiy.com.br\/noticias\/wp-json\/wp\/v2\/tags?post=71355"}],"curies":[{"name":"wp","href":"https:\/\/api.w.org\/{rel}","templated":true}]}}