{"id":71325,"date":"2023-02-26T15:39:24","date_gmt":"2023-02-26T18:39:24","guid":{"rendered":"https:\/\/wiy.com.br\/noticias\/instagram-vai-investir-mais-em-videos-e-se-concentrar-no-reels-em-2022\/"},"modified":"2021-12-29T06:05:09","modified_gmt":"2021-12-29T08:05:09","slug":"instagram-vai-investir-mais-em-videos-e-se-concentrar-no-reels-em-2022","status":"publish","type":"post","link":"https:\/\/wiy.com.br\/noticias\/instagram-vai-investir-mais-em-videos-e-se-concentrar-no-reels-em-2022\/","title":{"rendered":"Instagram vai investir mais em v\u00eddeos e se concentrar no Reels em 2022"},"content":{"rendered":"<p> <br \/>\n<\/p>\n<p>Atrav\u00e9s de uma r\u00e1pida mensagem de v\u00eddeo de fim de ano no <a href=\"https:\/\/olhardigital.com.br\/tag\/twitter\/\" target=\"_blank\" rel=\"noreferrer noopener\">Twitter<\/a>, o l\u00edder respons\u00e1vel pelo Instagram, Adam Mosseri ofereceu algumas dicas sobre o que est\u00e1 por vir para a <a href=\"https:\/\/olhardigital.com.br\/tag\/plataforma\/\" target=\"_blank\" rel=\"noreferrer noopener\">plataforma<\/a>.\u00a0&#8220;Teremos que repensar o que \u00e9 o Instagram porque o mundo est\u00e1 mudando rapidamente e teremos que mudar com ele&#8221;<a href=\"https:\/\/twitter.com\/mosseri\/status\/1475872830570909698\" target=\"_blank\" rel=\"noreferrer noopener\">, comentou.<\/a><\/p>\n<p>Al\u00e9m disso, Mosseri definiu as prioridades do Instagram para 2022, que incluem investir mais na ferramenta de v\u00eddeo. Ele diss que o Instagram &#8220;consolidar\u00e1 todos os produtos de v\u00eddeo em torno do <a href=\"https:\/\/olhardigital.com.br\/tag\/reels\/\" target=\"_blank\" rel=\"noreferrer noopener\">Reels<\/a> e continuar\u00e1 a desenvolver esse produto&#8221;.\u00a0<\/p>\n<p>O Instagram tem feito algumas mudan\u00e7as na forma como lida com os v\u00eddeos nos \u00faltimos meses.\u00a0Em outubro o IGTV trouxe v\u00eddeos de formato mais longo para o feed principal, por exemplo.<\/p>\n<figure class=\"wp-block-embed is-type-rich is-provider-twitter wp-block-embed-twitter\">\n<div class=\"wp-block-embed__wrapper\">\n<blockquote class=\"twitter-tweet\" data-width=\"500\" data-dnt=\"true\">\n<p lang=\"en\" dir=\"ltr\">2022 Priorities <img title = \"[Tags]\"decoding=\"async\" src=\"https:\/\/s.w.org\/images\/core\/emoji\/13.1.0\/72x72\/1f4dd.png\"alt = \"1f4dd Instagram vai investir mais em v\u00eddeos e se concentrar no Reels em 2022\" class=\"wp-smiley\" style=\"height: 1em;max-height: 1em\" \/><\/p>\n<p>This next year is going to be pivotal for Instagram. In addition to our industry-leading safety and wellbeing efforts, we\u2019re focused on these four key priorities. <\/p>\n<p>Hope you\u2019re all able to get some rest over the holidays. See you in the New Year! <img title = \"[Tags]\"decoding=\"async\" src=\"https:\/\/s.w.org\/images\/core\/emoji\/13.1.0\/72x72\/270c-1f3fc.png\"alt = \"1f4dd Instagram vai investir mais em v\u00eddeos e se concentrar no Reels em 2022\" class=\"wp-smiley\" style=\"height: 1em;max-height: 1em\" \/> <a href=\"https:\/\/t.co\/iY8uQ1EnMZ\">pic.twitter.com\/iY8uQ1EnMZ<\/a><\/p>\n<p>&mdash; Adam Mosseri (@mosseri) <a href=\"https:\/\/twitter.com\/mosseri\/status\/1475872830570909698?ref_src=twsrc%5Etfw\">December 28, 2021<\/a><\/p><\/blockquote>\n<\/div>\n<\/figure>\n<p>J\u00e1 em rela\u00e7\u00e3o aos <a href=\"https:\/\/olhardigital.com.br\/tag\/influenciadores\/\" target=\"_blank\" rel=\"noreferrer noopener\">criadores de conte\u00fado<\/a>, Mosseri disse que o Instagram apresentar\u00e1\u00a0mais ferramentas de monetiza\u00e7\u00e3o. A rede social tamb\u00e9m se concentrar\u00e1 em mensagens e transpar\u00eancia no pr\u00f3ximo ano. Ele aproveitou a ocasi\u00e3o para destacar algumas atualiza\u00e7\u00f5es que o Instagram fez em 2021 pensando em fornecer aos usu\u00e1rios mais controle sobre sua experi\u00eancia, como o alerta de conte\u00fado sens\u00edvel.<\/p>\n<p><strong>Leia tamb\u00e9m:<\/strong><\/p>\n<ul>\n<li><a href=\"https:\/\/olhardigital.com.br\/2021\/12\/03\/internet-e-redes-sociais\/veja-quais-foram-os-emojis-mais-usados-de-2021\/\" target=\"_blank\" rel=\"noreferrer noopener\">Veja quais foram os emojis mais usados de 2021<\/a><\/li>\n<li><a href=\"https:\/\/olhardigital.com.br\/2021\/12\/26\/internet-e-redes-sociais\/mudanca-de-nome-vazamentos-e-queda-o-ano-2021-do-facebook\/\" target=\"_blank\" rel=\"noreferrer noopener\">Mudan\u00e7a de nome, vazamentos e queda: o ano 2021 do Facebook<\/a><\/li>\n<li><a href=\"https:\/\/olhardigital.com.br\/2021\/12\/24\/internet-e-redes-sociais\/meta-vai-recorrer-de-decisao-no-reino-unido-para-nao-vender-o-giphy\/\" target=\"_blank\" rel=\"noreferrer noopener\">Meta vai recorrer de decis\u00e3o no Reino Unido para n\u00e3o vender o Giphy<\/a><\/li>\n<\/ul>\n<p>Fonte: <a href=\"https:\/\/www.engadget.com\/instagram-2022-priorities-video-creators-transparency-messaging-adam-mosseri-213020718.html\" target=\"_blank\" rel=\"noreferrer noopener\">Engadget <\/a><\/p>\n<p><strong>J\u00e1 assistiu aos novos v\u00eddeos no\u00a0<a href=\"http:\/\/www.youtube.com\/channel\/UCGV72aVJuWP0QPNGH4YgIww?sub_confirmation=1\" target=\"_blank\" rel=\"noreferrer noopener\">YouTube<\/a>\u00a0do Olhar Digital? Inscreva-se no canal!<\/strong><\/p>\n<p>O post <a rel=\"nofollow\" href=\"https:\/\/olhardigital.com.br\/2021\/12\/29\/internet-e-redes-sociais\/instagram-vai-investir-mais-em-videos-e-se-concentrar-no-reels-em-2022\/\">Instagram vai investir mais em v\u00eddeos e se concentrar no Reels em 2022<\/a> apareceu primeiro em <a rel=\"nofollow\" href=\"https:\/\/olhardigital.com.br\">Olhar Digital<\/a>.<\/p>\n<p><script async src=\"http:\/\/platform.twitter.com\/widgets.js\" charset=\"utf-8\"><\/script><br \/>\n<br \/><br \/>\n<br \/><a href=\"https:\/\/olhardigital.com.br\/2021\/12\/29\/internet-e-redes-sociais\/instagram-vai-investir-mais-em-videos-e-se-concentrar-no-reels-em-2022\/\">Fonte do Artigo <\/a><br \/>\nTags:<\/p>\n<p><a href=\"https:\/\/wiy.com.br\/noticias\/categoria\/tecnologia\/\">#tecnologia<\/a> <a href=\"https:\/\/wiy.com.br\/noticias\/categoria\/tecnologia\/\">#tecnologias<\/a> <a href=\"https:\/\/wiy.com.br\/noticias\/categoria\/tecnologia\/\">#technology<\/a> <a href=\"https:\/\/wiy.com.br\/noticias\/categoria\/tecnologia\/\">#tecnolog<\/a> <a href=\"https:\/\/wiy.com.br\/noticias\/categoria\/tecnologia\/\">#iphone<\/a> <a href=\"https:\/\/wiy.com.br\/noticias\/categoria\/tecnologia\/\">#informatica<\/a> <a href=\"https:\/\/wiy.com.br\/noticias\/categoria\/tecnologia\/\">#tech<\/a> <a href=\"https:\/\/wiy.com.br\/noticias\/categoria\/tecnologia\/\">#design<\/a> <a href=\"https:\/\/wiy.com.br\/noticias\/categoria\/tecnologia\/\">#samsung<\/a> <a href=\"https:\/\/wiy.com.br\/noticias\/categoria\/tecnologia\/\">#internet<\/a> <a href=\"https:\/\/wiy.com.br\/noticias\/categoria\/tecnologia\/\">#apple<\/a> <a href=\"https:\/\/wiy.com.br\/noticias\/categoria\/tecnologia\/\">#smartphone<\/a> <a href=\"https:\/\/wiy.com.br\/noticias\/categoria\/tecnologia\/\">#seguranca<\/a> <a href=\"https:\/\/wiy.com.br\/noticias\/categoria\/tecnologia\/\">#venezuela<\/a> <a href=\"https:\/\/wiy.com.br\/noticias\/categoria\/tecnologia\/\">#celular<\/a> <a href=\"https:\/\/wiy.com.br\/noticias\/categoria\/tecnologia\/\">#celulares<\/a> <a href=\"https:\/\/wiy.com.br\/noticias\/categoria\/tecnologia\/\">#inovar<\/a> <a href=\"https:\/\/wiy.com.br\/noticias\/categoria\/tecnologia\/\">#qualidade<\/a> <a href=\"https:\/\/wiy.com.br\/noticias\/categoria\/tecnologia\/\">#software<\/a> <a href=\"https:\/\/wiy.com.br\/noticias\/categoria\/tecnologia\/\">#empresas<\/a> <a href=\"https:\/\/wiy.com.br\/noticias\/categoria\/tecnologia\/\">#cursos<\/a> <a href=\"https:\/\/wiy.com.br\/noticias\/categoria\/tecnologia\/\">#engenharia<\/a> <a href=\"https:\/\/wiy.com.br\/noticias\/categoria\/tecnologia\/\">#industria<\/a> <a href=\"https:\/\/wiy.com.br\/noticias\/categoria\/tecnologia\/\">#marketing<\/a> <a href=\"https:\/\/wiy.com.br\/noticias\/categoria\/tecnologia\/\">#ti<\/a> <a href=\"https:\/\/wiy.com.br\/noticias\/categoria\/tecnologia\/\">#tecnoblog<\/a> <a href=\"https:\/\/wiy.com.br\/noticias\/categoria\/tecnologia\/\">#veja<\/a> <a href=\"https:\/\/wiy.com.br\/noticias\/categoria\/tecnologia\/\">#olhardigital<\/a> <a href=\"https:\/\/wiy.com.br\/noticias\/categoria\/tecnologia\/\">#mundodigital<\/a> <a href=\"https:\/\/wiy.com.br\/noticias\/categoria\/tecnologia\/\">#inteligenciaartificial<\/a> <a href=\"https:\/\/wiy.com.br\/criacao-de-sites\/\">#criar site<\/a> <a href=\"https:\/\/wiy.com.br\/criacao-de-sites\/\">#criar site curitiba<\/a> <a href=\"https:\/\/wiy.com.br\/criacao-de-sites\/\">#wiysolutions<\/a><\/p>\n","protected":false},"excerpt":{"rendered":"<p>Atrav\u00e9s de uma r\u00e1pida mensagem de v\u00eddeo de fim de ano no Twitter, o l\u00edder respons\u00e1vel pelo Instagram, Adam Mosseri ofereceu algumas dicas sobre o que est\u00e1 por vir para a plataforma.\u00a0&#8220;Teremos que repensar o que \u00e9 o Instagram porque o mundo est\u00e1 mudando rapidamente e teremos que mudar com ele&#8221;, comentou. Al\u00e9m disso, Mosseri [&hellip;]<\/p>\n","protected":false},"author":1,"featured_media":71326,"comment_status":"open","ping_status":"open","sticky":false,"template":"","format":"standard","meta":{"footnotes":""},"categories":[5],"tags":[],"class_list":["post-71325","post","type-post","status-publish","format-standard","has-post-thumbnail","hentry","category-tecnologia"],"_links":{"self":[{"href":"https:\/\/wiy.com.br\/noticias\/wp-json\/wp\/v2\/posts\/71325","targetHints":{"allow":["GET"]}}],"collection":[{"href":"https:\/\/wiy.com.br\/noticias\/wp-json\/wp\/v2\/posts"}],"about":[{"href":"https:\/\/wiy.com.br\/noticias\/wp-json\/wp\/v2\/types\/post"}],"author":[{"embeddable":true,"href":"https:\/\/wiy.com.br\/noticias\/wp-json\/wp\/v2\/users\/1"}],"replies":[{"embeddable":true,"href":"https:\/\/wiy.com.br\/noticias\/wp-json\/wp\/v2\/comments?post=71325"}],"version-history":[{"count":0,"href":"https:\/\/wiy.com.br\/noticias\/wp-json\/wp\/v2\/posts\/71325\/revisions"}],"wp:featuredmedia":[{"embeddable":true,"href":"https:\/\/wiy.com.br\/noticias\/wp-json\/wp\/v2\/media\/71326"}],"wp:attachment":[{"href":"https:\/\/wiy.com.br\/noticias\/wp-json\/wp\/v2\/media?parent=71325"}],"wp:term":[{"taxonomy":"category","embeddable":true,"href":"https:\/\/wiy.com.br\/noticias\/wp-json\/wp\/v2\/categories?post=71325"},{"taxonomy":"post_tag","embeddable":true,"href":"https:\/\/wiy.com.br\/noticias\/wp-json\/wp\/v2\/tags?post=71325"}],"curies":[{"name":"wp","href":"https:\/\/api.w.org\/{rel}","templated":true}]}}