{"id":7129,"date":"2023-02-26T14:56:31","date_gmt":"2023-02-26T17:56:31","guid":{"rendered":"https:\/\/wiy.com.br\/noticias\/ministro-diz-que-percebeu-erro-e-muda-comunicado-as-escolas-sobre-hino\/"},"modified":"2019-02-26T13:13:51","modified_gmt":"2019-02-26T16:13:51","slug":"ministro-diz-que-percebeu-erro-e-muda-comunicado-as-escolas-sobre-hino","status":"publish","type":"post","link":"https:\/\/wiy.com.br\/noticias\/ministro-diz-que-percebeu-erro-e-muda-comunicado-as-escolas-sobre-hino\/","title":{"rendered":"Ministro diz que \u2018percebeu erro\u2019 e muda comunicado \u00e0s escolas sobre hino"},"content":{"rendered":"<p> <br \/>\n<\/p>\n<p><span>O ministro da Educa\u00e7\u00e3o, Ricardo V\u00e9lez Rodr\u00edguez, afirmou nesta ter\u00e7a (26), que determinou que seu minist\u00e9rio retire de um e-mail enviado nesta segunda (25), a todas as escolas do pa\u00eds o trecho em que pede que crian\u00e7as sejam gravadas em v\u00eddeo ap\u00f3s serem perfiladas para cantar o hino nacional. Ele tamb\u00e9m disse que &#8220;percebeu o erro&#8221; de inserir o slogan da campanha de Jair Bolsonaro &#8220;Brasil acima de tudo. Deus acima de todos&#8221; ao final do e-mail.<\/span><\/p>\n<p><span>&#8220;Eu percebi o erro. Tirei essa frase (com slogan do governo). Tirei a parte correspondente a filmar crian\u00e7as sem a autoriza\u00e7\u00e3o dos pais. Evidentemente se alguma coisa for publicada ser\u00e1 dentro da lei, com a autoriza\u00e7\u00e3o dos pais. Saiu hoje (ter\u00e7a) de circula\u00e7\u00e3o&#8221;, disse o ministro brevemente a jornalistas. Houve grande repercuss\u00e3o negativa ap\u00f3s a medida ter sido divulgada nesta segunda.<\/span><\/p>\n<p>Tamb\u00e9m nesta manh\u00e3, o perfil do Minist\u00e9rio da Educa\u00e7\u00e3o publicou o conte\u00fado da vers\u00e3o atualizada do comunicado de Rodr\u00edguez. L\u00e1 ele reitera o pedido, aos &#8220;<span>diretores que desejarem atender voluntariamente o pedido do ministro&#8221; e mant\u00e9m a grava\u00e7\u00e3o dos menores de idade. H\u00e1, no entanto, o pedido de autoriza\u00e7\u00e3o dos respons\u00e1veis ou da pessoa filmada. Confira o post:<\/span><\/p>\n<blockquote class=\"instagram-media\">\n<div> <a href=\"https:\/\/www.instagram.com\/p\/BuWYMigh_cq\/?utm_source=ig_embed&amp;utm_medium=loading\" target=\"_blank\"> <\/p>\n<div>\n<div><\/div>\n<div>\n<div><\/div>\n<div><\/div>\n<\/div>\n<\/div>\n<div><\/div>\n<div><\/div>\n<div>\n<div> View this post on Instagram<\/div>\n<\/div>\n<div><\/div>\n<div>\n<div>\n<div><\/div>\n<div><\/div>\n<div><\/div>\n<\/div>\n<div>\n<div><\/div>\n<div><\/div>\n<\/div>\n<div>\n<div><\/div>\n<div><\/div>\n<div><\/div>\n<\/div>\n<\/div>\n<p><\/a> <\/p>\n<p> <a href=\"https:\/\/www.instagram.com\/p\/BuWYMigh_cq\/?utm_source=ig_embed&amp;utm_medium=loading\" target=\"_blank\">Ministro da Educa\u00e7\u00e3o envia carta atualizada a escolas do Brasil. Para os diretores que desejarem atender voluntariamente o pedido do ministro, a mensagem tamb\u00e9m solicita que um representante da escola filme (com aparelho celular) trechos curtos da leitura da carta e da execu\u00e7\u00e3o do Hino. A grava\u00e7\u00e3o deve ser precedida de autoriza\u00e7\u00e3o legal da pessoa filmada ou de seu respons\u00e1vel. Ap\u00f3s o recebimento das grava\u00e7\u00f5es, ser\u00e1 feita uma sele\u00e7\u00e3o das imagens com trechos da leitura da carta por um representante da escola. A atividade faz parte da pol\u00edtica de incentivo \u00e0 valoriza\u00e7\u00e3o dos s\u00edmbolos nacionais. Saiba mais em mec.gov.br  #Educa\u00e7\u00e3o #MEC #mecnasredes<\/a><\/p>\n<p>A post shared by <a href=\"https:\/\/www.instagram.com\/mineducacao\/?utm_source=ig_embed&amp;utm_medium=loading\" target=\"_blank\"> Minist\u00e9rio da Educa\u00e7\u00e3o<\/a> (@mineducacao) on Feb 26, 2019 at 7:15am PST<\/p>\n<\/div>\n<\/blockquote>\n<p><script async defer src=\"http:\/\/platform.instagram.com\/en_US\/embeds.js\"><\/script><br \/>\n<br \/><br \/>\n<br \/><a href=\"https:\/\/vejasp.abril.com.br\/cidades\/ministro-velez-educacao-hino\/\">Source link <\/a><\/p>\n","protected":false},"excerpt":{"rendered":"<p>O ministro da Educa\u00e7\u00e3o, Ricardo V\u00e9lez Rodr\u00edguez, afirmou nesta ter\u00e7a (26), que determinou que seu minist\u00e9rio retire de um e-mail enviado nesta segunda (25), a todas as escolas do pa\u00eds o trecho em que pede que crian\u00e7as sejam gravadas em v\u00eddeo ap\u00f3s serem perfiladas para cantar o hino nacional. Ele tamb\u00e9m disse que &#8220;percebeu o [&hellip;]<\/p>\n","protected":false},"author":1,"featured_media":7130,"comment_status":"open","ping_status":"open","sticky":false,"template":"","format":"standard","meta":{"footnotes":""},"categories":[7],"tags":[],"class_list":["post-7129","post","type-post","status-publish","format-standard","has-post-thumbnail","hentry","category-economia"],"_links":{"self":[{"href":"https:\/\/wiy.com.br\/noticias\/wp-json\/wp\/v2\/posts\/7129","targetHints":{"allow":["GET"]}}],"collection":[{"href":"https:\/\/wiy.com.br\/noticias\/wp-json\/wp\/v2\/posts"}],"about":[{"href":"https:\/\/wiy.com.br\/noticias\/wp-json\/wp\/v2\/types\/post"}],"author":[{"embeddable":true,"href":"https:\/\/wiy.com.br\/noticias\/wp-json\/wp\/v2\/users\/1"}],"replies":[{"embeddable":true,"href":"https:\/\/wiy.com.br\/noticias\/wp-json\/wp\/v2\/comments?post=7129"}],"version-history":[{"count":0,"href":"https:\/\/wiy.com.br\/noticias\/wp-json\/wp\/v2\/posts\/7129\/revisions"}],"wp:featuredmedia":[{"embeddable":true,"href":"https:\/\/wiy.com.br\/noticias\/wp-json\/wp\/v2\/media\/7130"}],"wp:attachment":[{"href":"https:\/\/wiy.com.br\/noticias\/wp-json\/wp\/v2\/media?parent=7129"}],"wp:term":[{"taxonomy":"category","embeddable":true,"href":"https:\/\/wiy.com.br\/noticias\/wp-json\/wp\/v2\/categories?post=7129"},{"taxonomy":"post_tag","embeddable":true,"href":"https:\/\/wiy.com.br\/noticias\/wp-json\/wp\/v2\/tags?post=7129"}],"curies":[{"name":"wp","href":"https:\/\/api.w.org\/{rel}","templated":true}]}}