{"id":71255,"date":"2023-02-26T15:13:28","date_gmt":"2023-02-26T18:13:28","guid":{"rendered":"https:\/\/wiy.com.br\/noticias\/covid-19-criancas-so-serao-vacinadas-com-prescricao-medica-determina-ministro\/"},"modified":"2021-12-24T00:05:12","modified_gmt":"2021-12-24T02:05:12","slug":"covid-19-criancas-so-serao-vacinadas-com-prescricao-medica-determina-ministro","status":"publish","type":"post","link":"https:\/\/wiy.com.br\/noticias\/covid-19-criancas-so-serao-vacinadas-com-prescricao-medica-determina-ministro\/","title":{"rendered":"Covid-19: crian\u00e7as s\u00f3 ser\u00e3o vacinadas com prescri\u00e7\u00e3o m\u00e9dica, determina ministro"},"content":{"rendered":"<p> <br \/>\n<\/p>\n<p>O Ministro da Sa\u00fade, <a href=\"https:\/\/olhardigital.com.br\/2021\/09\/21\/coronavirus\/ministro-da-saude-marcelo-queiroga-testa-positivo-para-covid-19\/\">Marcelo Queiroga<\/a>, anunciou na noite desta quinta-feira (23) que a vacina\u00e7\u00e3o de crian\u00e7as de cinco a 11 anos de idade s\u00f3 ser\u00e1 permitida mediante prescri\u00e7\u00e3o m\u00e9dica. A decis\u00e3o foi comunicada durante uma entrevista coletiva concedida pelo ministro para dar esclarecimentos sobre a <a href=\"https:\/\/olhardigital.com.br\/2021\/12\/19\/coronavirus\/vacinacao-de-criancas-e-aprovada-por-unanimidade-pela-camara-do-ministerio-da-saude\/\">imuniza\u00e7\u00e3o<\/a> de crian\u00e7as.<\/p>\n<p>Queiroga disse que o documento com as recomenda\u00e7\u00f5es sobre a vacina\u00e7\u00e3o de crian\u00e7as deve ir ao ar em breve. \u201cO documento que recomenda a <a href=\"https:\/\/olhardigital.com.br\/2021\/12\/14\/coronavirus\/omicron-duas-doses-das-vacinas-da-astrazeneca-e-da-pfizer-nao-produzem-anticorpos-o-suficiente\/\">vacina da Pfizer<\/a>. Nossa recomenda\u00e7\u00e3o \u00e9 que n\u00e3o seja aplicado de forma compuls\u00f3ria\u201d, disse o ministro.<\/p>\n<h2 id=\"h-protocolo-parecido-com-o-da-alemanha\">Protocolo parecido com o da Alemanha<\/h2>\n<p>\u201cEssa vacina estar\u00e1 vinculada a prescri\u00e7\u00e3o m\u00e9dica, e a recomenda\u00e7\u00e3o obedece \u00e0s orienta\u00e7\u00f5es da Anvisa\u201d, completou Queiroga. O ministro relembrou que o imunizante j\u00e1 foi aprovado para utiliza\u00e7\u00e3o em crian\u00e7as de cinco a 11 anos nos <a href=\"https:\/\/olhardigital.com.br\/2021\/10\/26\/coronavirus\/painel-do-fda-recomenda-vacina-da-pfizer-para-criancas-de-5-a-11-anos\/\">Estados Unidos<\/a> e na Alemanha, mas que a decis\u00e3o da imuniza\u00e7\u00e3o caber\u00e1 aos pais.<\/p>\n<p>De acordo com o ministro, a op\u00e7\u00e3o pela exig\u00eancia da prescri\u00e7\u00e3o m\u00e9dica para vacina\u00e7\u00e3o de crian\u00e7as \u00e9 muito parecida com o que foi adotado na Alemanha. O ministro ainda n\u00e3o estabeleceu uma data para o in\u00edcio da imuniza\u00e7\u00e3o das crian\u00e7as, mas informou que ser\u00e1 poss\u00edvel come\u00e7ar a vacina\u00e7\u00e3o dentro de um \u201cprazo curto\u201d.<\/p>\n<h2 id=\"h-sem-data-para-inicio\">Sem data para in\u00edcio<\/h2>\n<figure class=\"wp-block-image size-full\"><img title = \"[Tags]\"decoding=\"async\" loading=\"lazy\" width=\"1000\" height=\"666\" src=\"https:\/\/img.olhardigital.com.br\/wp-content\/uploads\/2021\/05\/Criancas.jpg\"alt = \"Criancas Covid-19: crian\u00e7as s\u00f3 ser\u00e3o vacinadas com prescri\u00e7\u00e3o m\u00e9dica, determina ministro\" class=\"wp-image-173598\" \/><figcaption>Vacina\u00e7\u00e3o das crian\u00e7as de cinco a 11 anos ainda n\u00e3o tem uma data para come\u00e7ar. Imagem: Albr Shutterstock<\/figcaption><\/figure>\n<p>O in\u00edcio da vacina\u00e7\u00e3o das crian\u00e7as depende diretamente da aprova\u00e7\u00e3o da Secretaria Extraordin\u00e1ria de Enfrentamento \u00e0 Covid-19, que est\u00e1 conduzindo uma <a href=\"https:\/\/olhardigital.com.br\/2021\/12\/22\/coronavirus\/saude-abrira-consulta-publica-sobre-vacina-em-criancas\/\">consulta p\u00fablica<\/a> sobre a imuniza\u00e7\u00e3o de crian\u00e7as de cinco a 11 anos.<\/p>\n<p>\u201cEsse tempo entre a aprova\u00e7\u00e3o final, marcada para o dia cinco, e o in\u00edcio da campanha de vacina\u00e7\u00e3o \u00e9 tempo suficiente para que as salas de vacina\u00e7\u00e3o se preparem para a aplica\u00e7\u00e3o\u201d, declarou Queiroga.<\/p>\n<p><strong>Leia mais:<\/strong><\/p>\n<ul>\n<li><a href=\"https:\/\/olhardigital.com.br\/2021\/12\/23\/coronavirus\/estudo-mostra-como-a-variante-alfa-dribla-as-defesas-do-corpo\/\">Estudo mostra como a variante alfa dribla as defesas do corpo<\/a><\/li>\n<li><a href=\"https:\/\/olhardigital.com.br\/2021\/12\/23\/coronavirus\/alemanha-registra-primeira-morte-pela-omicron-e-anuncia-novas-restricoes\/\">Alemanha registra primeira morte pela \u00d4micron e anuncia novas restri\u00e7\u00f5es<\/a><\/li>\n<li><a href=\"https:\/\/olhardigital.com.br\/2021\/12\/23\/coronavirus\/pesquisa-aponta-que-pacientes-com-covid-19-leve-podem-ter-teste-positivo-por-meses\/\">Pesquisa aponta que pacientes com Covid-19 leve podem ter teste positivo por meses<\/a><\/li>\n<\/ul>\n<p>Segundo o titular da Sa\u00fade, a vacina\u00e7\u00e3o de crian\u00e7as no exterior n\u00e3o teve efeitos significativos na diminui\u00e7\u00e3o do n\u00famero de \u00f3bitos nesta faixa et\u00e1ria. Segundo ele, ser\u00e1 necess\u00e1rio mais tempo de pesquisa para poder fazer esta rela\u00e7\u00e3o de maneira clara e direta.<\/p>\n<p>Via: <a href=\"https:\/\/www.cnnbrasil.com.br\/saude\/vacinacao-infantil-precisara-de-prescricao-diz-queiroga\/\"><em>CNN Brasil<\/em><\/a><\/p>\n<p><strong>J\u00e1 assistiu aos novos v\u00eddeos no <\/strong><a href=\"http:\/\/www.youtube.com\/channel\/UCGV72aVJuWP0QPNGH4YgIww?sub_confirmation=1\"><strong>YouTube<\/strong><\/a><strong> do Olhar Digital? Inscreva-se no canal!<\/strong><\/p>\n<p>O post <a rel=\"nofollow\" href=\"https:\/\/olhardigital.com.br\/2021\/12\/23\/coronavirus\/covid-19-criancas-so-serao-vacinadas-com-prescricao-medica-determina-ministro\/\">Covid-19: crian\u00e7as s\u00f3 ser\u00e3o vacinadas com prescri\u00e7\u00e3o m\u00e9dica, determina ministro<\/a> apareceu primeiro em <a rel=\"nofollow\" href=\"https:\/\/olhardigital.com.br\">Olhar Digital<\/a>.<\/p>\n<p><br \/>\n<br \/><a href=\"https:\/\/olhardigital.com.br\/2021\/12\/23\/coronavirus\/covid-19-criancas-so-serao-vacinadas-com-prescricao-medica-determina-ministro\/\">Fonte do Artigo <\/a><br \/>\nTags:<\/p>\n<p><a href=\"https:\/\/wiy.com.br\/noticias\/categoria\/tecnologia\/\">#tecnologia<\/a> <a href=\"https:\/\/wiy.com.br\/noticias\/categoria\/tecnologia\/\">#tecnologias<\/a> <a href=\"https:\/\/wiy.com.br\/noticias\/categoria\/tecnologia\/\">#technology<\/a> <a href=\"https:\/\/wiy.com.br\/noticias\/categoria\/tecnologia\/\">#tecnolog<\/a> <a href=\"https:\/\/wiy.com.br\/noticias\/categoria\/tecnologia\/\">#iphone<\/a> <a href=\"https:\/\/wiy.com.br\/noticias\/categoria\/tecnologia\/\">#informatica<\/a> <a href=\"https:\/\/wiy.com.br\/noticias\/categoria\/tecnologia\/\">#tech<\/a> <a href=\"https:\/\/wiy.com.br\/noticias\/categoria\/tecnologia\/\">#design<\/a> <a href=\"https:\/\/wiy.com.br\/noticias\/categoria\/tecnologia\/\">#samsung<\/a> <a href=\"https:\/\/wiy.com.br\/noticias\/categoria\/tecnologia\/\">#internet<\/a> <a href=\"https:\/\/wiy.com.br\/noticias\/categoria\/tecnologia\/\">#apple<\/a> <a href=\"https:\/\/wiy.com.br\/noticias\/categoria\/tecnologia\/\">#smartphone<\/a> <a href=\"https:\/\/wiy.com.br\/noticias\/categoria\/tecnologia\/\">#seguranca<\/a> <a href=\"https:\/\/wiy.com.br\/noticias\/categoria\/tecnologia\/\">#venezuela<\/a> <a href=\"https:\/\/wiy.com.br\/noticias\/categoria\/tecnologia\/\">#celular<\/a> <a href=\"https:\/\/wiy.com.br\/noticias\/categoria\/tecnologia\/\">#celulares<\/a> <a href=\"https:\/\/wiy.com.br\/noticias\/categoria\/tecnologia\/\">#inovar<\/a> <a href=\"https:\/\/wiy.com.br\/noticias\/categoria\/tecnologia\/\">#qualidade<\/a> <a href=\"https:\/\/wiy.com.br\/noticias\/categoria\/tecnologia\/\">#software<\/a> <a href=\"https:\/\/wiy.com.br\/noticias\/categoria\/tecnologia\/\">#empresas<\/a> <a href=\"https:\/\/wiy.com.br\/noticias\/categoria\/tecnologia\/\">#cursos<\/a> <a href=\"https:\/\/wiy.com.br\/noticias\/categoria\/tecnologia\/\">#engenharia<\/a> <a href=\"https:\/\/wiy.com.br\/noticias\/categoria\/tecnologia\/\">#industria<\/a> <a href=\"https:\/\/wiy.com.br\/noticias\/categoria\/tecnologia\/\">#marketing<\/a> <a href=\"https:\/\/wiy.com.br\/noticias\/categoria\/tecnologia\/\">#ti<\/a> <a href=\"https:\/\/wiy.com.br\/noticias\/categoria\/tecnologia\/\">#tecnoblog<\/a> <a href=\"https:\/\/wiy.com.br\/noticias\/categoria\/tecnologia\/\">#veja<\/a> <a href=\"https:\/\/wiy.com.br\/noticias\/categoria\/tecnologia\/\">#olhardigital<\/a> <a href=\"https:\/\/wiy.com.br\/noticias\/categoria\/tecnologia\/\">#mundodigital<\/a> <a href=\"https:\/\/wiy.com.br\/noticias\/categoria\/tecnologia\/\">#inteligenciaartificial<\/a> <a href=\"https:\/\/wiy.com.br\/criacao-de-sites\/\">#criar site<\/a> <a href=\"https:\/\/wiy.com.br\/criacao-de-sites\/\">#criar site curitiba<\/a> <a href=\"https:\/\/wiy.com.br\/criacao-de-sites\/\">#wiysolutions<\/a><\/p>\n","protected":false},"excerpt":{"rendered":"<p>O Ministro da Sa\u00fade, Marcelo Queiroga, anunciou na noite desta quinta-feira (23) que a vacina\u00e7\u00e3o de crian\u00e7as de cinco a 11 anos de idade s\u00f3 ser\u00e1 permitida mediante prescri\u00e7\u00e3o m\u00e9dica. A decis\u00e3o foi comunicada durante uma entrevista coletiva concedida pelo ministro para dar esclarecimentos sobre a imuniza\u00e7\u00e3o de crian\u00e7as. Queiroga disse que o documento com [&hellip;]<\/p>\n","protected":false},"author":1,"featured_media":67582,"comment_status":"open","ping_status":"open","sticky":false,"template":"","format":"standard","meta":{"footnotes":""},"categories":[5],"tags":[],"class_list":["post-71255","post","type-post","status-publish","format-standard","has-post-thumbnail","hentry","category-tecnologia"],"_links":{"self":[{"href":"https:\/\/wiy.com.br\/noticias\/wp-json\/wp\/v2\/posts\/71255","targetHints":{"allow":["GET"]}}],"collection":[{"href":"https:\/\/wiy.com.br\/noticias\/wp-json\/wp\/v2\/posts"}],"about":[{"href":"https:\/\/wiy.com.br\/noticias\/wp-json\/wp\/v2\/types\/post"}],"author":[{"embeddable":true,"href":"https:\/\/wiy.com.br\/noticias\/wp-json\/wp\/v2\/users\/1"}],"replies":[{"embeddable":true,"href":"https:\/\/wiy.com.br\/noticias\/wp-json\/wp\/v2\/comments?post=71255"}],"version-history":[{"count":0,"href":"https:\/\/wiy.com.br\/noticias\/wp-json\/wp\/v2\/posts\/71255\/revisions"}],"wp:featuredmedia":[{"embeddable":true,"href":"https:\/\/wiy.com.br\/noticias\/wp-json\/wp\/v2\/media\/67582"}],"wp:attachment":[{"href":"https:\/\/wiy.com.br\/noticias\/wp-json\/wp\/v2\/media?parent=71255"}],"wp:term":[{"taxonomy":"category","embeddable":true,"href":"https:\/\/wiy.com.br\/noticias\/wp-json\/wp\/v2\/categories?post=71255"},{"taxonomy":"post_tag","embeddable":true,"href":"https:\/\/wiy.com.br\/noticias\/wp-json\/wp\/v2\/tags?post=71255"}],"curies":[{"name":"wp","href":"https:\/\/api.w.org\/{rel}","templated":true}]}}