{"id":71166,"date":"2023-02-26T15:25:12","date_gmt":"2023-02-26T18:25:12","guid":{"rendered":"https:\/\/wiy.com.br\/noticias\/alesp-aprova-parcelamento-do-ipva-em-5x-e-isencao-para-autistas\/"},"modified":"2021-12-18T03:05:09","modified_gmt":"2021-12-18T05:05:09","slug":"alesp-aprova-parcelamento-do-ipva-em-5x-e-isencao-para-autistas","status":"publish","type":"post","link":"https:\/\/wiy.com.br\/noticias\/alesp-aprova-parcelamento-do-ipva-em-5x-e-isencao-para-autistas\/","title":{"rendered":"Alesp aprova parcelamento do IPVA em 5x e isen\u00e7\u00e3o para autistas"},"content":{"rendered":"<p> <br \/>\n<\/p>\n<p>A <strong>Assembleia Legislativa de S\u00e3o Paulo<\/strong> (<strong>Alesp<\/strong>) aprovou o <strong>projeto de lei<\/strong> que amplia o <strong>parcelamento<\/strong> do Imposto Sobre Propriedade de Ve\u00edculo Automotor, o <strong>IPVA<\/strong>. A taxa poder\u00e1 ser paga em at\u00e9 <strong>cinco vezes<\/strong> em 2022.<\/p>\n<p>+ <a href=\"https:\/\/vejasp.abril.com.br\/cidades\/marcas-azeite-clandestinos-ministerio-agricultura-sao-paulo\/\"><strong>Fiscais encontram supermercados vendendo 24 marcas de azeites clandestinos<\/strong><\/a><\/p>\n<p>Outro ponto do projeto \u00e9 a isen\u00e7\u00e3o de deficientes e pessoas com transtorno de espectro autista a partir do grau moderado at\u00e9 o grav\u00edssimo, do pagamento do IPVA.<\/p>\n<div class=\"wall protected-content\">\n<div class=\"mc-column content-text active-extra-styles \" data-block-type=\"unstyled\" data-block-weight=\"22\">\n<p data-track-category=\"Link no Texto\" data-track-links=\"\">O texto precisa ser assinado pelo governador <strong>Jo\u00e3o Doria<\/strong> (PSDB) pelos pr\u00f3ximos 15 dias, o que deve ser feito, j\u00e1 que a proposta partiu do Pal\u00e1cio dos Bandeirantes. Como uma das justificativas para o aumento do prazo de pagamento, o governo estadual afirma que o pre\u00e7o dos carros usados teve um salto, encarecendo a taxa. A al\u00edquota segue em 4% do pre\u00e7o do ve\u00edculo. Carros de locadoras ter\u00e3o redu\u00e7\u00e3o na al\u00edquota, de 4% para 1%.<\/p>\n<\/div>\n<\/div>\n<p data-track-category=\"Link no Texto\" data-track-links=\"\">\n<p data-track-category=\"Link no Texto\" data-track-links=\"\">\n<div id=\"relacionadas\" class=\"block  three_columns\">\n<ul class=\"block-menu\">\n<li data-tab=\"tab-1\" class=\"active\">Relacionadas<\/li>\n<\/ul>\n<div id=\"tab-1\" class=\"block-content active\">\n<ul class=\"relacionadas-s-img\">\n<li class=\"widget-news-item without-thumb with-border\">\n<div class=\"widget-news-info\"><a href=\"http:\/\/vejasp.abril.com.br\/cidades\">Cidades<\/a><span class=\"widget-news-item-title\"><a href=\"https:\/\/vejasp.abril.com.br\/cidades\/cidade-matarazzo-inauguracao\/\">Cidade Matarazzo come\u00e7a s\u00e9rie de inaugura\u00e7\u00f5es com hotel seis-estrelas<\/a><\/span><span class=\"widget-news-item-date\">17 dez 2021 &#8211; 06h12<\/span><\/div>\n<\/li>\n<li class=\"widget-news-item without-thumb with-border\">\n<div class=\"widget-news-info\"><a href=\"http:\/\/vejasp.abril.com.br\/saude\">Sa\u00fade<\/a><span class=\"widget-news-item-title\"><a href=\"https:\/\/vejasp.abril.com.br\/saude\/pfizer-rejeita-fornecer-vacinas-direto-para-doria\/\">Pfizer rejeita fornecer vacinas direto para Doria<\/a><\/span><span class=\"widget-news-item-date\">17 dez 2021 &#8211; 18h12<\/span><\/div>\n<\/li>\n<li class=\"widget-news-item without-thumb with-border\">\n<div class=\"widget-news-info\"><a href=\"http:\/\/vejasp.abril.com.br\/cidades\">Cidades<\/a><span class=\"widget-news-item-title\"><a href=\"https:\/\/vejasp.abril.com.br\/cidades\/sancionado-lei-que-obrigada-condominio-a-denunciar-maus-tratos-a-animais\/\">Sancionada lei que obriga condom\u00ednio a denunciar maus-tratos a animais<\/a><\/span><span class=\"widget-news-item-date\">17 dez 2021 &#8211; 17h12<\/span><\/div>\n<\/li>\n<\/ul>\n<\/div>\n<\/div>\n<div class=\"wall protected-content\">\n<div class=\"mc-column content-text active-extra-styles \" data-block-type=\"unstyled\" data-block-weight=\"22\">\n<div class=\"mc-column content-text active-extra-styles \" data-block-type=\"unstyled\" data-block-weight=\"35\"><\/div>\n<\/div>\n<\/div>\n<div class=\"ads post-ads\"><span class=\"title\">Continua ap\u00f3s a publicidade<\/span><\/p>\n<div id=\"abrAD_rectangle3\" class=\"abrAD\" data-ad-><\/div>\n<\/div>\n<p><br \/>\n<br \/><a href=\"https:\/\/vejasp.abril.com.br\/cidades\/alesp-aprova-parcelamento-ipva-5-vezes\/\">Fonte do Artigo <\/a><br \/>\nTags:<br \/>\n#loterias #loteriascaixa #megasena #resultadoapostas#noticias #noticiario  #noticia #brasil #noticiascolombia #mundo #esporte #colombia #noticiadeld #ltimasnoticias  #noticiario #noticiasregionales #noticiasdepartamentales #noticiashoy #esportes #noticiaahora #elinformantenoticias #noticiasdeboyac  #esporteinterativo #esportivo #diariodosesportes  #noticiero  #jogodefutebol #jogos #loto #apostas<\/p>\n","protected":false},"excerpt":{"rendered":"<p>A Assembleia Legislativa de S\u00e3o Paulo (Alesp) aprovou o projeto de lei que amplia o parcelamento do Imposto Sobre Propriedade de Ve\u00edculo Automotor, o IPVA. A taxa poder\u00e1 ser paga em at\u00e9 cinco vezes em 2022. + Fiscais encontram supermercados vendendo 24 marcas de azeites clandestinos Outro ponto do projeto \u00e9 a isen\u00e7\u00e3o de deficientes [&hellip;]<\/p>\n","protected":false},"author":1,"featured_media":71167,"comment_status":"open","ping_status":"open","sticky":false,"template":"","format":"standard","meta":{"footnotes":""},"categories":[1],"tags":[],"class_list":["post-71166","post","type-post","status-publish","format-standard","has-post-thumbnail","hentry","category-curso-de-copy"],"_links":{"self":[{"href":"https:\/\/wiy.com.br\/noticias\/wp-json\/wp\/v2\/posts\/71166","targetHints":{"allow":["GET"]}}],"collection":[{"href":"https:\/\/wiy.com.br\/noticias\/wp-json\/wp\/v2\/posts"}],"about":[{"href":"https:\/\/wiy.com.br\/noticias\/wp-json\/wp\/v2\/types\/post"}],"author":[{"embeddable":true,"href":"https:\/\/wiy.com.br\/noticias\/wp-json\/wp\/v2\/users\/1"}],"replies":[{"embeddable":true,"href":"https:\/\/wiy.com.br\/noticias\/wp-json\/wp\/v2\/comments?post=71166"}],"version-history":[{"count":0,"href":"https:\/\/wiy.com.br\/noticias\/wp-json\/wp\/v2\/posts\/71166\/revisions"}],"wp:featuredmedia":[{"embeddable":true,"href":"https:\/\/wiy.com.br\/noticias\/wp-json\/wp\/v2\/media\/71167"}],"wp:attachment":[{"href":"https:\/\/wiy.com.br\/noticias\/wp-json\/wp\/v2\/media?parent=71166"}],"wp:term":[{"taxonomy":"category","embeddable":true,"href":"https:\/\/wiy.com.br\/noticias\/wp-json\/wp\/v2\/categories?post=71166"},{"taxonomy":"post_tag","embeddable":true,"href":"https:\/\/wiy.com.br\/noticias\/wp-json\/wp\/v2\/tags?post=71166"}],"curies":[{"name":"wp","href":"https:\/\/api.w.org\/{rel}","templated":true}]}}