{"id":71087,"date":"2023-02-26T14:56:31","date_gmt":"2023-02-26T17:56:31","guid":{"rendered":"https:\/\/wiy.com.br\/noticias\/sao-paulo-tem-1755-mil-moradias-em-areas-de-risco\/"},"modified":"2021-12-12T00:05:09","modified_gmt":"2021-12-12T02:05:09","slug":"sao-paulo-tem-1755-mil-moradias-em-areas-de-risco","status":"publish","type":"post","link":"https:\/\/wiy.com.br\/noticias\/sao-paulo-tem-1755-mil-moradias-em-areas-de-risco\/","title":{"rendered":"S\u00e3o Paulo tem 175,5 mil moradias em \u00e1reas de risco"},"content":{"rendered":"<p> <br \/>\n<\/p>\n<p>H\u00e1 seis anos sem um Plano Municipal de Gerenciamento de Riscos, a cidade de S\u00e3o Paulo tem, atualmente, 175,5 mil moradias localizadas em \u00e1reas de <strong>perigo iminente<\/strong> de deslizamentos e solapamentos de margens de c\u00f3rregos. As informa\u00e7\u00f5es s\u00e3o da Folha.<\/p>\n<p>O plano deveria ser parte integrante do Sistema Nacional de Prote\u00e7\u00e3o e Defesa Civil, previsto pelo <strong>Plano Diretor<\/strong> aprovado em 2014, mas n\u00e3o saiu do papel at\u00e9 hoje.<\/p>\n<p>Desde agosto de 2019, ainda na gest\u00e3o <strong>Bruno Covas<\/strong> (PSDB), o mapeamento dos riscos geol\u00f3gicos vinha sendo atualizado ap\u00f3s mais de dez anos defasado. Na ocasi\u00e3o, a Promotoria de Habita\u00e7\u00e3o e Urbanismo deu 30 dias para a prefeitura elaborar o plano, o que n\u00e3o ocorreu.<\/p>\n<p>No fim de outubro deste ano, a administra\u00e7\u00e3o do prefeito <strong>Ricardo Nunes<\/strong> (MDB) foi intimada pela mesma Promotoria a apresentar o plano em at\u00e9 90 dias. Dias antes da formaliza\u00e7\u00e3o do of\u00edcio, houve o desabamento de moradias constru\u00eddas \u00e0 beira de um c\u00f3rrego na favela de Parais\u00f3polis; uma pessoa morreu e quatro ficaram feridas.<\/p>\n<p>O promotor Marcos Vinicius Monteiro dos Santos cita no documento enviado \u00e0 prefeitura ao menos 30 inqu\u00e9ritos civis em tramita\u00e7\u00e3o que pedem interven\u00e7\u00e3o imediata da gest\u00e3o municipal em \u00e1reas de risco para evitar novas trag\u00e9dias. Nenhum processo tem previs\u00e3o de conclus\u00e3o.<\/p>\n<div class=\"ads post-ads\"><span class=\"title\">Continua ap\u00f3s a publicidade<\/span><\/p>\n<div id=\"abrAD_rectangle2\" class=\"abrAD\" data-ad-><\/div>\n<\/div>\n<p>Um deles, uma a\u00e7\u00e3o civil p\u00fablica iniciada no ano passado, exige da gest\u00e3o municipal medidas para sanar o risco a que est\u00e3o expostos os moradores de favelas nas \u00e1reas de risco, e est\u00e1 pendente de recurso. &#8220;[A decis\u00e3o] certamente levar\u00e1 tempo, tempo esse que n\u00e3o se pode esperar para a ado\u00e7\u00e3o das medidas necess\u00e1rias, principalmente em per\u00edodo de chuvas, como o que se inicia&#8221;, escreveu o promotor na recomenda\u00e7\u00e3o.<\/p>\n<p>Procurada, a prefeitura informou que criou um grupo de trabalho para estabelecer os par\u00e2metros do Plano Municipal de Redu\u00e7\u00e3o de Risco, mas n\u00e3o informou quando ir\u00e1 concluir o documento e se ser\u00e1 entregue dentro do prazo imposto pela Promotoria.<\/p>\n<p><b>+<\/b><a href=\"https:\/\/abr.ai\/assine-vejasp\"><b>Assine a Vejinha a partir de 6,90<\/b><\/a><b>.<\/b><\/p>\n<\/p>\n<div id=\"relacionadas\" class=\"block  three_columns\">\n<ul class=\"block-menu\">\n<li data-tab=\"tab-1\" class=\"active\">Relacionadas<\/li>\n<\/ul>\n<div id=\"tab-1\" class=\"block-content active\">\n<ul class=\"relacionadas-s-img\">\n<li class=\"widget-news-item without-thumb with-border\">\n<div class=\"widget-news-info\"><a href=\"http:\/\/vejasp.abril.com.br\/cultura-lazer\">Cultura &amp; Lazer<\/a><span class=\"widget-news-item-title\"><a href=\"https:\/\/vejasp.abril.com.br\/cultura-lazer\/museu-judaico-inauguracao-centro-sp\/\">Museu Judaico abre as portas com Tor\u00e1 do s\u00e9culo XVI e vista para o centro<\/a><\/span><span class=\"widget-news-item-date\">3 dez 2021 &#8211; 06h12<\/span><\/div>\n<\/li>\n<li class=\"widget-news-item without-thumb with-border\">\n<div class=\"widget-news-info\"><a href=\"http:\/\/vejasp.abril.com.br\/cultura-lazer\">Cultura &amp; Lazer<\/a><span class=\"widget-news-item-title\"><a href=\"https:\/\/vejasp.abril.com.br\/blog\/terraco-paulistano\/conheca-a-brasileira-que-enriqueceu-nos-eua-vendendo-bananinha\/\">A brasileira que enriqueceu nos Estados Unidos vendendo bananinha<\/a><\/span><span class=\"widget-news-item-date\">3 dez 2021 &#8211; 06h12<\/span><\/div>\n<\/li>\n<li class=\"widget-news-item without-thumb with-border\">\n<div class=\"widget-news-info\"><a href=\"http:\/\/vejasp.abril.com.br\/cultura-lazer\">Cultura &amp; Lazer<\/a><span class=\"widget-news-item-title\"><a href=\"https:\/\/vejasp.abril.com.br\/blog\/arte-ao-redor\/aniversario-da-avenida-paulista-tera-programacao-especial\/\">Anivers\u00e1rio da Avenida Paulista ter\u00e1 programa\u00e7\u00e3o especial<\/a><\/span><span class=\"widget-news-item-date\">6 dez 2021 &#8211; 15h12<\/span><\/div>\n<\/li>\n<\/ul>\n<\/div>\n<\/div>\n<div class=\"ads post-ads\"><span class=\"title\">Continua ap\u00f3s a publicidade<\/span><\/p>\n<div id=\"abrAD_rectangle3\" class=\"abrAD\" data-ad-><\/div>\n<\/div>\n<p><br \/>\n<br \/><a href=\"https:\/\/vejasp.abril.com.br\/cidades\/sao-paulo-tem-1755-mil-moradias-em-areas-de-risco\/\">Fonte do Artigo <\/a><br \/>\nTags:<br \/>\n#loterias #loteriascaixa #megasena #resultadoapostas#noticias #noticiario  #noticia #brasil #noticiascolombia #mundo #esporte #colombia #noticiadeld #ltimasnoticias  #noticiario #noticiasregionales #noticiasdepartamentales #noticiashoy #esportes #noticiaahora #elinformantenoticias #noticiasdeboyac  #esporteinterativo #esportivo #diariodosesportes  #noticiero  #jogodefutebol #jogos #loto #apostas<\/p>\n","protected":false},"excerpt":{"rendered":"<p>H\u00e1 seis anos sem um Plano Municipal de Gerenciamento de Riscos, a cidade de S\u00e3o Paulo tem, atualmente, 175,5 mil moradias localizadas em \u00e1reas de perigo iminente de deslizamentos e solapamentos de margens de c\u00f3rregos. As informa\u00e7\u00f5es s\u00e3o da Folha. O plano deveria ser parte integrante do Sistema Nacional de Prote\u00e7\u00e3o e Defesa Civil, previsto [&hellip;]<\/p>\n","protected":false},"author":1,"featured_media":71088,"comment_status":"open","ping_status":"open","sticky":false,"template":"","format":"standard","meta":{"footnotes":""},"categories":[1],"tags":[],"class_list":["post-71087","post","type-post","status-publish","format-standard","has-post-thumbnail","hentry","category-curso-de-copy"],"_links":{"self":[{"href":"https:\/\/wiy.com.br\/noticias\/wp-json\/wp\/v2\/posts\/71087","targetHints":{"allow":["GET"]}}],"collection":[{"href":"https:\/\/wiy.com.br\/noticias\/wp-json\/wp\/v2\/posts"}],"about":[{"href":"https:\/\/wiy.com.br\/noticias\/wp-json\/wp\/v2\/types\/post"}],"author":[{"embeddable":true,"href":"https:\/\/wiy.com.br\/noticias\/wp-json\/wp\/v2\/users\/1"}],"replies":[{"embeddable":true,"href":"https:\/\/wiy.com.br\/noticias\/wp-json\/wp\/v2\/comments?post=71087"}],"version-history":[{"count":0,"href":"https:\/\/wiy.com.br\/noticias\/wp-json\/wp\/v2\/posts\/71087\/revisions"}],"wp:featuredmedia":[{"embeddable":true,"href":"https:\/\/wiy.com.br\/noticias\/wp-json\/wp\/v2\/media\/71088"}],"wp:attachment":[{"href":"https:\/\/wiy.com.br\/noticias\/wp-json\/wp\/v2\/media?parent=71087"}],"wp:term":[{"taxonomy":"category","embeddable":true,"href":"https:\/\/wiy.com.br\/noticias\/wp-json\/wp\/v2\/categories?post=71087"},{"taxonomy":"post_tag","embeddable":true,"href":"https:\/\/wiy.com.br\/noticias\/wp-json\/wp\/v2\/tags?post=71087"}],"curies":[{"name":"wp","href":"https:\/\/api.w.org\/{rel}","templated":true}]}}