{"id":71046,"date":"2023-02-26T15:19:23","date_gmt":"2023-02-26T18:19:23","guid":{"rendered":"https:\/\/wiy.com.br\/noticias\/adolescente-desaparece-apos-sair-com-amigos-na-zona-leste-de-sao-paulo\/"},"modified":"2021-12-09T02:05:09","modified_gmt":"2021-12-09T04:05:09","slug":"adolescente-desaparece-apos-sair-com-amigos-na-zona-leste-de-sao-paulo","status":"publish","type":"post","link":"https:\/\/wiy.com.br\/noticias\/adolescente-desaparece-apos-sair-com-amigos-na-zona-leste-de-sao-paulo\/","title":{"rendered":"Adolescente desaparece ap\u00f3s sair com amigos na Zona Leste de S\u00e3o Paulo"},"content":{"rendered":"<p> <br \/>\n<\/p>\n<p>Uma adolescente de 15 anos desapareceu ap\u00f3s sair para encontrar os amigos na quarta-feira (1\u00b0) no <strong>Jardim Elba<\/strong>, <strong>Zona Leste<\/strong> da capital.<\/p>\n<p>Parentes da jovem informaram que <strong>Ana Clara Aparecida Manzato<\/strong> saiu da escola por volta das 18h, passou no com\u00e9rcio da irm\u00e3 para deixar a mochila e avisou que iria tomar a\u00e7a\u00ed com colegas de classe.<\/p>\n<p><strong><a href=\"https:\/\/vejasp.abril.com.br\/cidades\/sao-paulo-adota-passaporte-da-vacina-a-partir-do-dia-16-de-dezembro\/\">+ S\u00e3o Paulo adota \u201cpassaporte da vacina\u201d a partir do dia 16 de dezembro<\/a><\/strong><\/p>\n<p>A irm\u00e3 da menina afirmou que ela chegou a passar em casa e a trocar de roupa antes de ir para uma pra\u00e7a. Segundo um sobrinho de 7 anos que estava com Ana Clara, ela bebeu com amigas. Uma das amigas levou a crian\u00e7a para casa, mas sem Ana Clara.<\/p>\n<p>J\u00e1 durante a noite, por volta das 23h, a irm\u00e3 disse ter encontrado com Ana Clara em uma das vielas da comunidade onde mora, mas a jovem saiu correndo e n\u00e3o conversou com os familiares.<\/p>\n<div class=\"ads post-ads\"><span class=\"title\">Continua ap\u00f3s a publicidade<\/span><\/p>\n<div id=\"abrAD_rectangle2\" class=\"abrAD\" data-ad-><\/div>\n<\/div>\n<p><strong><a href=\"https:\/\/vejasp.abril.com.br\/cidades\/conheca-5-iniciativas-que-melhoram-o-natal-de-quem-vive-nas-ruas\/\">+ Conhe\u00e7a 5 iniciativas que melhoram o Natal de quem vive nas ruas<\/a><\/strong><\/p>\n<p><span>A fam\u00edlia registrou um boletim de ocorr\u00eancia na tarde desta ter\u00e7a-feira (7) no 69\u00ba Departamento Policial.<\/span><\/p>\n<p><b>+<\/b><a href=\"https:\/\/abr.ai\/assine-vejasp\"><b>Assine a Vejinha a partir de 6,90<\/b><\/a><span>.<\/span><\/p>\n<\/p>\n<div id=\"relacionadas\" class=\"block  three_columns\">\n<ul class=\"block-menu\">\n<li data-tab=\"tab-1\" class=\"active\">Relacionadas<\/li>\n<\/ul>\n<div id=\"tab-1\" class=\"block-content active\">\n<ul class=\"relacionadas-s-img\">\n<li class=\"widget-news-item without-thumb with-border\">\n<div class=\"widget-news-info\"><a href=\"http:\/\/vejasp.abril.com.br\/cidades\">Cidades<\/a><span class=\"widget-news-item-title\"><a href=\"https:\/\/vejasp.abril.com.br\/cidades\/um-novo-azulao\/\">Um novo Azul\u00e3o<\/a><\/span><span class=\"widget-news-item-date\">8 dez 2021 &#8211; 17h12<\/span><\/div>\n<\/li>\n<li class=\"widget-news-item without-thumb with-border\">\n<div class=\"widget-news-info\"><a href=\"http:\/\/vejasp.abril.com.br\/cidades\">Cidades<\/a><span class=\"widget-news-item-title\"><a href=\"https:\/\/vejasp.abril.com.br\/cidades\/justica-de-sp-obriga-facebook-a-devolver-perfil-de-joao-gordo-no-instagram\/\">Justi\u00e7a de SP obriga Facebook a devolver perfil de Jo\u00e3o Gordo no Instagram<\/a><\/span><span class=\"widget-news-item-date\">8 dez 2021 &#8211; 17h12<\/span><\/div>\n<\/li>\n<li class=\"widget-news-item without-thumb with-border\">\n<div class=\"widget-news-info\"><a href=\"http:\/\/vejasp.abril.com.br\/saude\">Sa\u00fade<\/a><span class=\"widget-news-item-title\"><a href=\"https:\/\/vejasp.abril.com.br\/saude\/pele-e-novamente-internado-para-tratar-tumor-no-colon\/\">Pel\u00e9 \u00e9 novamente internado para tratar tumor no c\u00f3lon<\/a><\/span><span class=\"widget-news-item-date\">8 dez 2021 &#8211; 15h12<\/span><\/div>\n<\/li>\n<\/ul>\n<\/div>\n<\/div>\n<div class=\"ads post-ads\"><span class=\"title\">Continua ap\u00f3s a publicidade<\/span><\/p>\n<div id=\"abrAD_rectangle3\" class=\"abrAD\" data-ad-><\/div>\n<\/div>\n<p><br \/>\n<br \/><a href=\"https:\/\/vejasp.abril.com.br\/cidades\/adolescente-desaparece-apos-sair-com-amigos-na-zona-leste-de-sao-paulo\/\">Fonte do Artigo <\/a><br \/>\nTags:<br \/>\n#loterias #loteriascaixa #megasena #resultadoapostas#noticias #noticiario  #noticia #brasil #noticiascolombia #mundo #esporte #colombia #noticiadeld #ltimasnoticias  #noticiario #noticiasregionales #noticiasdepartamentales #noticiashoy #esportes #noticiaahora #elinformantenoticias #noticiasdeboyac  #esporteinterativo #esportivo #diariodosesportes  #noticiero  #jogodefutebol #jogos #loto #apostas<\/p>\n","protected":false},"excerpt":{"rendered":"<p>Uma adolescente de 15 anos desapareceu ap\u00f3s sair para encontrar os amigos na quarta-feira (1\u00b0) no Jardim Elba, Zona Leste da capital. Parentes da jovem informaram que Ana Clara Aparecida Manzato saiu da escola por volta das 18h, passou no com\u00e9rcio da irm\u00e3 para deixar a mochila e avisou que iria tomar a\u00e7a\u00ed com colegas [&hellip;]<\/p>\n","protected":false},"author":1,"featured_media":71047,"comment_status":"open","ping_status":"open","sticky":false,"template":"","format":"standard","meta":{"footnotes":""},"categories":[1],"tags":[],"class_list":["post-71046","post","type-post","status-publish","format-standard","has-post-thumbnail","hentry","category-curso-de-copy"],"_links":{"self":[{"href":"https:\/\/wiy.com.br\/noticias\/wp-json\/wp\/v2\/posts\/71046","targetHints":{"allow":["GET"]}}],"collection":[{"href":"https:\/\/wiy.com.br\/noticias\/wp-json\/wp\/v2\/posts"}],"about":[{"href":"https:\/\/wiy.com.br\/noticias\/wp-json\/wp\/v2\/types\/post"}],"author":[{"embeddable":true,"href":"https:\/\/wiy.com.br\/noticias\/wp-json\/wp\/v2\/users\/1"}],"replies":[{"embeddable":true,"href":"https:\/\/wiy.com.br\/noticias\/wp-json\/wp\/v2\/comments?post=71046"}],"version-history":[{"count":0,"href":"https:\/\/wiy.com.br\/noticias\/wp-json\/wp\/v2\/posts\/71046\/revisions"}],"wp:featuredmedia":[{"embeddable":true,"href":"https:\/\/wiy.com.br\/noticias\/wp-json\/wp\/v2\/media\/71047"}],"wp:attachment":[{"href":"https:\/\/wiy.com.br\/noticias\/wp-json\/wp\/v2\/media?parent=71046"}],"wp:term":[{"taxonomy":"category","embeddable":true,"href":"https:\/\/wiy.com.br\/noticias\/wp-json\/wp\/v2\/categories?post=71046"},{"taxonomy":"post_tag","embeddable":true,"href":"https:\/\/wiy.com.br\/noticias\/wp-json\/wp\/v2\/tags?post=71046"}],"curies":[{"name":"wp","href":"https:\/\/api.w.org\/{rel}","templated":true}]}}