{"id":71027,"date":"2023-02-26T14:58:51","date_gmt":"2023-02-26T17:58:51","guid":{"rendered":"https:\/\/wiy.com.br\/noticias\/sao-sebastiao-tera-toque-de-recolher-para-festas-de-final-de-ano\/"},"modified":"2021-12-07T15:05:06","modified_gmt":"2021-12-07T17:05:06","slug":"sao-sebastiao-tera-toque-de-recolher-para-festas-de-final-de-ano","status":"publish","type":"post","link":"https:\/\/wiy.com.br\/noticias\/sao-sebastiao-tera-toque-de-recolher-para-festas-de-final-de-ano\/","title":{"rendered":"S\u00e3o Sebasti\u00e3o ter\u00e1 \u2018toque de recolher\u2019 para festas de final de ano"},"content":{"rendered":"<p> <br \/>\n<\/p>\n<p>A cidade de <strong>S\u00e3o Sebasti\u00e3o<\/strong>, um dos principais destinos tur\u00edsticos no <a href=\"https:\/\/vejasp.abril.com.br\/tudo-sobre\/sao-sebastiao\/\">litoral norte paulista<\/a>, estabeleceu uma esp\u00e9cie de \u201ctoque de recolher\u201d para quiosques, pousadas, bares e restaurantes da cidade, al\u00e9m de festas que gerem aglomera\u00e7\u00f5es nesta temporada.<\/p>\n<p>Todas ter\u00e3o o hor\u00e1rio limite de 1h para encerrar as atividades, excetuando a virada do dia 31 de dezembro para o dia 1\u00ba, quando haver\u00e1 maior toler\u00e2ncia, segundo disse \u00e0 <strong>VEJA S\u00e3o Paulo<\/strong> o prefeito <strong>Felipe Augusto<\/strong> (PSDB). \u201cMesmo que seja autorizado a funcionar, quando der 1h, para tudo\u201d, afirmou.<\/p>\n<p><strong><a href=\"https:\/\/vejasp.abril.com.br\/cidades\/cidades-do-abc-paulista-cancelam-festas-de-final-de-ano-e-carnaval\/\">+ Sinovac anuncia vers\u00e3o da CoronaVac adaptada \u00e0 \u00d4micron<\/a><\/strong><\/p>\n<p>As festas particulares \u2013 tais como as realizadas em casas de veraneio \u2013 n\u00e3o s\u00e3o alvo da medida.<\/p>\n<p>Augusto disse que o comit\u00ea local de enfrentamento \u00e0 pandemia do novo <strong>coronav\u00edrus<\/strong> analisa diariamente os dados de novos casos da doen\u00e7a e, sobretudo, o de interna\u00e7\u00f5es em <strong>UTI\u2019s<\/strong> (unidades de terapia intensiva) e mortes.<\/p>\n<p>A cidade j\u00e1 decidiu que n\u00e3o far\u00e1 eventos de grande porte, como shows e queima de fogos. Augusto lembra que uma das festividades mais requisitadas, a de <strong>Maresias<\/strong>, chega a reunir um p\u00fablico de at\u00e9 100 mil pessoas, mais do que o total de habitantes da cidade, de 88 mil, segundo estimativa da<strong> Funda\u00e7\u00e3o Seade<\/strong>.<\/p>\n<div class=\"ads post-ads\"><span class=\"title\">Continua ap\u00f3s a publicidade<\/span><\/p>\n<div id=\"abrAD_rectangle2\" class=\"abrAD\" data-ad-><\/div>\n<\/div>\n<p>At\u00e9 agora cinco casas noturnas pediram alvar\u00e1 de funcionamento para festas de final de ano. Elas promovem festas que chegam a reunir cinco mil pessoas. \u201cAt\u00e9 agora nenhuma teve autoriza\u00e7\u00e3o. Se est\u00e3o vendendo convites, est\u00e3o por conta e risco\u201d, afirma o prefeito.<\/p>\n<p>Apenas daqui a 15 dias ser\u00e1 decidido se o alvar\u00e1 ser\u00e1 expedido ou n\u00e3o. Mesmo que venham a ter autoriza\u00e7\u00e3o para receber o p\u00fablico, elas s\u00f3 poder\u00e3o funcionar at\u00e9 1h, segundo o prefeito.<\/p>\n<p>A lei do sil\u00eancio de S\u00e3o Sebasti\u00e3o n\u00e3o \u00e9 nova e existe h\u00e1 tr\u00eas anos. Por\u00e9m, neste ano, a fiscaliza\u00e7\u00e3o ser\u00e1 mais rigorosa. Foram contratados 30 novos fiscais. As equipes compostas por<strong> policiais militares<\/strong> em hor\u00e1rio de folga, chamada de Atividade Delegada, dobrou, passando de seis para 12. Houve ainda refor\u00e7o na pol\u00edcia municipal.<\/p>\n<p>Todos ter\u00e3o \u00e0 disposi\u00e7\u00e3o decibel\u00edmetros para averiguar se o volume do som est\u00e1 dentro dos par\u00e2metros estabelecidos na legisla\u00e7\u00e3o.<\/p>\n<p>Ao menos por ora est\u00e3o descartadas medidas mais severas, tais como barreiras sanit\u00e1rias e exig\u00eancia de passaporte da vacina para entrar no munic\u00edpio.<\/p>\n<div id=\"relacionadas\" class=\"block  three_columns\">\n<ul class=\"block-menu\">\n<li data-tab=\"tab-1\" class=\"active\">Relacionadas<\/li>\n<\/ul>\n<div id=\"tab-1\" class=\"block-content active\">\n<ul class=\"relacionadas-s-img\">\n<li class=\"widget-news-item without-thumb with-border\">\n<div class=\"widget-news-info\"><a href=\"http:\/\/vejasp.abril.com.br\/saude\">Sa\u00fade<\/a><span class=\"widget-news-item-title\"><a href=\"https:\/\/vejasp.abril.com.br\/saude\/exames-descartam-omicron-em-7-pessoas-que-estiveram-com-infectado\/\">Exames descartam \u00d4micron em 7 pessoas que estiveram com infectado<\/a><\/span><span class=\"widget-news-item-date\">7 dez 2021 &#8211; 13h12<\/span><\/div>\n<\/li>\n<li class=\"widget-news-item without-thumb with-border\">\n<div class=\"widget-news-info\"><a href=\"http:\/\/vejasp.abril.com.br\/cidades\">Cidades<\/a><span class=\"widget-news-item-title\"><a href=\"https:\/\/vejasp.abril.com.br\/cidades\/cidades-do-abc-paulista-cancelam-festas-de-final-de-ano-e-carnaval\/\">Cidades do ABC paulista cancelam festas de final de ano e Carnaval<\/a><\/span><span class=\"widget-news-item-date\">7 dez 2021 &#8211; 12h12<\/span><\/div>\n<\/li>\n<li class=\"widget-news-item without-thumb with-border\">\n<div class=\"widget-news-info\"><a href=\"http:\/\/vejasp.abril.com.br\/cidades\">Cidades<\/a><span class=\"widget-news-item-title\"><a href=\"https:\/\/vejasp.abril.com.br\/cidades\/estado-de-sao-paulo-ainda-tem-38-milhoes-com-segunda-dose-em-atraso\/\">Estado de S\u00e3o Paulo ainda tem 3,4 milh\u00f5es com segunda dose em atraso<\/a><\/span><span class=\"widget-news-item-date\">6 dez 2021 &#8211; 16h12<\/span><\/div>\n<\/li>\n<\/ul>\n<\/div>\n<\/div>\n<div class=\"ads post-ads\"><span class=\"title\">Continua ap\u00f3s a publicidade<\/span><\/p>\n<div id=\"abrAD_rectangle3\" class=\"abrAD\" data-ad-><\/div>\n<\/div>\n<p><br \/>\n<br \/><a href=\"https:\/\/vejasp.abril.com.br\/cidades\/sao-sebastiao-tera-toque-de-recolher-para-festas-de-final-de-ano\/\">Fonte do Artigo <\/a><br \/>\nTags:<br \/>\n#loterias #loteriascaixa #megasena #resultadoapostas#noticias #noticiario  #noticia #brasil #noticiascolombia #mundo #esporte #colombia #noticiadeld #ltimasnoticias  #noticiario #noticiasregionales #noticiasdepartamentales #noticiashoy #esportes #noticiaahora #elinformantenoticias #noticiasdeboyac  #esporteinterativo #esportivo #diariodosesportes  #noticiero  #jogodefutebol #jogos #loto #apostas<\/p>\n","protected":false},"excerpt":{"rendered":"<p>A cidade de S\u00e3o Sebasti\u00e3o, um dos principais destinos tur\u00edsticos no litoral norte paulista, estabeleceu uma esp\u00e9cie de \u201ctoque de recolher\u201d para quiosques, pousadas, bares e restaurantes da cidade, al\u00e9m de festas que gerem aglomera\u00e7\u00f5es nesta temporada. Todas ter\u00e3o o hor\u00e1rio limite de 1h para encerrar as atividades, excetuando a virada do dia 31 de [&hellip;]<\/p>\n","protected":false},"author":1,"featured_media":71028,"comment_status":"open","ping_status":"open","sticky":false,"template":"","format":"standard","meta":{"footnotes":""},"categories":[1],"tags":[],"class_list":["post-71027","post","type-post","status-publish","format-standard","has-post-thumbnail","hentry","category-curso-de-copy"],"_links":{"self":[{"href":"https:\/\/wiy.com.br\/noticias\/wp-json\/wp\/v2\/posts\/71027","targetHints":{"allow":["GET"]}}],"collection":[{"href":"https:\/\/wiy.com.br\/noticias\/wp-json\/wp\/v2\/posts"}],"about":[{"href":"https:\/\/wiy.com.br\/noticias\/wp-json\/wp\/v2\/types\/post"}],"author":[{"embeddable":true,"href":"https:\/\/wiy.com.br\/noticias\/wp-json\/wp\/v2\/users\/1"}],"replies":[{"embeddable":true,"href":"https:\/\/wiy.com.br\/noticias\/wp-json\/wp\/v2\/comments?post=71027"}],"version-history":[{"count":0,"href":"https:\/\/wiy.com.br\/noticias\/wp-json\/wp\/v2\/posts\/71027\/revisions"}],"wp:featuredmedia":[{"embeddable":true,"href":"https:\/\/wiy.com.br\/noticias\/wp-json\/wp\/v2\/media\/71028"}],"wp:attachment":[{"href":"https:\/\/wiy.com.br\/noticias\/wp-json\/wp\/v2\/media?parent=71027"}],"wp:term":[{"taxonomy":"category","embeddable":true,"href":"https:\/\/wiy.com.br\/noticias\/wp-json\/wp\/v2\/categories?post=71027"},{"taxonomy":"post_tag","embeddable":true,"href":"https:\/\/wiy.com.br\/noticias\/wp-json\/wp\/v2\/tags?post=71027"}],"curies":[{"name":"wp","href":"https:\/\/api.w.org\/{rel}","templated":true}]}}