{"id":70938,"date":"2023-02-26T15:14:12","date_gmt":"2023-02-26T18:14:12","guid":{"rendered":"https:\/\/wiy.com.br\/noticias\/wabi-sabi-o-conceito-zen-budista-que-se-tornou-tendencia-de-decoracao\/"},"modified":"2021-12-01T05:05:07","modified_gmt":"2021-12-01T07:05:07","slug":"wabi-sabi-o-conceito-zen-budista-que-se-tornou-tendencia-de-decoracao","status":"publish","type":"post","link":"https:\/\/wiy.com.br\/noticias\/wabi-sabi-o-conceito-zen-budista-que-se-tornou-tendencia-de-decoracao\/","title":{"rendered":"Wabi-sabi: o conceito zen-budista que se tornou tend\u00eancia de decora\u00e7\u00e3o"},"content":{"rendered":"<p> <br \/>\n<\/p>\n<figure><img title = \"[Tags]\"alt = \"Daniel-Wilges-_Casa-Wabi-Sabi Wabi-sabi: o conceito zen-budista que se tornou tend\u00eancia de decora\u00e7\u00e3o\"decoding=\"async\" src=\"https:\/\/vejasp.abril.com.br\/wp-content\/uploads\/2021\/11\/Daniel-Wilges-_Casa-Wabi-Sabi.jpg\" \/><figcaption>Daniel Wilges &#8211; Casa Wabi Sabi, projeto da CASACOR Rio Grande do Sul 2021.<span class=\"copyright\">Cristiano Bauce\/Veja SP<\/span><\/figcaption><\/figure>\n<p>Os conceitos da <strong>arquitetura japonesa<\/strong> est\u00e3o vindo com tudo para o Brasil (assim como para todo o mundo), e um dos melhores exemplos disso \u00e9 o <strong>wabi-sabi<\/strong>, estilo que conquista a cada dia mais arquitetos e decoradores com sua proposta equilibrada e natural.<\/p>\n<p>Na <a href=\"https:\/\/casacor.abril.com.br\/mostras\/rio-grande-do-sul\/\">CASACOR Rio Grade do Sul<\/a> deste ano, essa tend\u00eancia foi <a href=\"https:\/\/casacor.abril.com.br\/ambientes\/casa-wabi-sabi-casacor-rio-grande-do-sul-2021\/\" target=\"_blank\" rel=\"noopener\">trazida por Daniel Wilges<\/a>, que somou pe\u00e7as cl\u00e1ssicas e finas a texturas mais org\u00e2nicas. O bel\u00edssimo projeto fez sucesso na mostra em Porto Alegre, mas afinal, o que \u00e9 o wabi-sabi? Quais s\u00e3o as suas premissas?<\/p>\n<h3>O que \u00e9 estilo wabi-sabi?<\/h3>\n<p>&nbsp;<\/p>\n<figure><img title = \"[Tags]\"alt = \"Daniel-Wilges-_Casa-Wabi-Sabi Wabi-sabi: o conceito zen-budista que se tornou tend\u00eancia de decora\u00e7\u00e3o\"decoding=\"async\" src=\"https:\/\/vejasp.abril.com.br\/wp-content\/uploads\/2021\/11\/Daniel-Wilges-__-Casa-Wabi-Sabi-6226.jpg\" \/><figcaption>&lt;span class=&quot;hidden&quot;&gt;&#8211;&lt;\/span&gt;<span class=\"copyright\">Cristiano Bauce\/Veja SP<\/span><\/figcaption><\/figure>\n<p>O wabi-sabi foi inspirado na cultura <strong>zen-budista<\/strong>, que se baseia na beleza do transit\u00f3rio e no uso de formas org\u00e2nicas para aproximar os moradores de algo mais primitivo e acolhedor. O <a href=\"https:\/\/casacor.abril.com.br\/decoracao\/design-minimalista-tendencia-2021\/\">minimalismo<\/a> se mostra como um pilar importante desse estilo, com a premissa de que &#8220;menos \u00e9 mais&#8221;.<\/p>\n<p>Outra caracter\u00edstica marcante do wabi-sabi \u00e9 o uso de <a href=\"https:\/\/casacor.abril.com.br\/decoracao\/cores-neutras-casacor-sp-2021\/\">tonalidades mais neutras<\/a> aliadas a texturas que remetem \u00e0 natureza. O prop\u00f3sito \u00e9 levar o visitante ou morador a uma \u00e9poca mais simples, resgatando o Jap\u00e3o do s\u00e9culo XV para a modernidade. Com isso, \u00e9 poss\u00edvel <strong>vivenciar a experi\u00eancia de algo sutil e moderno, somado \u00e0 tudo o que \u00e9 essencial<\/strong>.<\/p>\n<h3>Casa Wabi-sabi<\/h3>\n<p>&nbsp;<\/p>\n<figure><img title = \"[Tags]\"alt = \"Daniel-Wilges-_Casa-Wabi-Sabi Wabi-sabi: o conceito zen-budista que se tornou tend\u00eancia de decora\u00e7\u00e3o\"decoding=\"async\" src=\"https:\/\/vejasp.abril.com.br\/wp-content\/uploads\/2021\/11\/Daniel-Wilges-__-Casa-Wabi-Sabi-6172.jpg\" \/><figcaption>&lt;span class=&quot;hidden&quot;&gt;&#8211;&lt;\/span&gt;<span class=\"copyright\">Cristiano Bauce\/Veja SP<\/span><\/figcaption><\/figure>\n<p>A <a href=\"https:\/\/www.tours-casacor.com\/casa-wabi-sabi-por-daniel-wilges\/\" target=\"_blank\" rel=\"noopener\">Casa Wabi-sabi<\/a>, projeto da CASACOR Rio Grande do Sul 2021 assinado por <strong>Daniel Wilges<\/strong>, quis cumprir a tem\u00e1tica da &#8220;Casa Original&#8221; trazendo um novo olhar e reflex\u00f5es acerca do novo morar.<\/p>\n<div class=\"ads post-ads\"><span class=\"title\">Continua ap\u00f3s a publicidade<\/span><\/p>\n<div id=\"abrAD_rectangle2\" class=\"abrAD\" data-ad-><\/div>\n<\/div>\n<p>Com isso, o ambiente refletiu sobre a nova conota\u00e7\u00e3o atribu\u00edda aos lares do p\u00f3s-pandemia e a <strong>crescente busca por lares mais acolhedores e primitivos<\/strong>. Assim, o espa\u00e7o intimista e acolhedor <strong>resgatou as ra\u00edzes<\/strong> do ser humano e sua rela\u00e7\u00e3o com o ambiente.<\/p>\n<h3>Sustentabilidade no centro do wabi-sabi<\/h3>\n<p>&nbsp;<\/p>\n<figure><img title = \"[Tags]\"alt = \"Daniel-Wilges-_Casa-Wabi-Sabi Wabi-sabi: o conceito zen-budista que se tornou tend\u00eancia de decora\u00e7\u00e3o\"decoding=\"async\" src=\"https:\/\/vejasp.abril.com.br\/wp-content\/uploads\/2021\/11\/unnamed-1.jpg\" \/><figcaption>&lt;span class=&quot;hidden&quot;&gt;&#8211;&lt;\/span&gt;<span class=\"copyright\">Cristiano Bauce\/Veja SP<\/span><\/figcaption><\/figure>\n<p>Outro pilar importante quando pensamos no estilo wabi-sabi \u00e9 a sua <strong>rela\u00e7\u00e3o pr\u00f3xima com aquilo que \u00e9 natural<\/strong>. O uso de elementos org\u00e2nicos \u00e9 bastante tradicional na cultura zen-budista; dessa forma, o uso de pe\u00e7as de cer\u00e2mica, palha e outras fibras naturais, assim como a madeira, marcam esse estilo.<\/p>\n<p>Mesmo os adornos que apresentam alguma rachadura ou defeito s\u00e3o aproveitados nesse estilo que valoriza a est\u00e9tica r\u00fastica e <strong>contraria os desperd\u00edcios<\/strong>.<\/p>\n<h3>Mix de texturas<\/h3>\n<p>&nbsp;<\/p>\n<figure><img title = \"[Tags]\"alt = \"Daniel-Wilges-_Casa-Wabi-Sabi Wabi-sabi: o conceito zen-budista que se tornou tend\u00eancia de decora\u00e7\u00e3o\"decoding=\"async\" src=\"https:\/\/vejasp.abril.com.br\/wp-content\/uploads\/2021\/11\/Daniel-Wilges-__-Casa-Wabi-Sabi-6108.jpg\" \/><figcaption>&lt;span class=&quot;hidden&quot;&gt;&#8211;&lt;\/span&gt;<span class=\"copyright\">Cristiano Bauce\/Veja SP<\/span><\/figcaption><\/figure>\n<p>As texturas s\u00e3o grandes aliadas desse conceito, pois s\u00e3o capazes de trazer um <strong>aspecto mais sensorial<\/strong> ao ambiente. Por isso, o uso de pedras, tecidos e tudo aquilo que convide ao toque \u00e9 valorizado.<\/p>\n<p>Na Casa Wabi Sabi, por exemplo, o arquiteto apostou em m\u00e1rmore e outros tipos de pedra para criar um contraste surpreendente entre pe\u00e7as r\u00fasticas e elementos sofisticados.<\/p>\n<div id=\"relacionadas\" class=\"block  three_columns\">\n<ul class=\"block-menu\">\n<li data-tab=\"tab-1\" class=\"active\">Relacionadas<\/li>\n<\/ul>\n<div id=\"tab-1\" class=\"block-content active\">\n<ul class=\"relacionadas-s-img\">\n<li class=\"widget-news-item without-thumb with-border\">\n<div class=\"widget-news-info\"><a href=\"https:\/\/casacor.abril.com.br\">CASACOR<\/a><span class=\"widget-news-item-title\"><a href=\"https:\/\/casacor.abril.com.br\/noticias\/arquiteto-ruy-ohtake-morre-aos-83-anos-em-sao-paulo\/\">Arquiteto Ruy Ohtake morre aos 83 anos em S\u00e3o Paulo <\/a><\/span><\/div>\n<\/li>\n<li class=\"widget-news-item without-thumb with-border\">\n<div class=\"widget-news-info\"><a href=\"https:\/\/casacor.abril.com.br\">CASACOR<\/a><span class=\"widget-news-item-title\"><a href=\"https:\/\/www.tours-casacor.com\/edicoes\/edicao-sao-paulo\/\">Visite a CASACOR SP sem sair de casa<\/a><\/span><\/div>\n<\/li>\n<li class=\"widget-news-item without-thumb with-border\">\n<div class=\"widget-news-info\"><a href=\"https:\/\/casacor.abril.com.br\">CASACOR<\/a><span class=\"widget-news-item-title\"><a href=\"https:\/\/casacor.abril.com.br\/design\/residuos-do-museu-do-ipiranga-se-tornam-pecas-de-design-na-casacor\/\"> CASACOR SP encerra edi\u00e7\u00e3o 2021 e d\u00e1 aos profissionais trof\u00e9u sustent\u00e1vel <\/a><\/span><\/div>\n<\/li>\n<\/ul>\n<\/div>\n<\/div>\n<div class=\"ads post-ads\"><span class=\"title\">Continua ap\u00f3s a publicidade<\/span><\/p>\n<div id=\"abrAD_rectangle3\" class=\"abrAD\" data-ad-><\/div>\n<\/div>\n<p><br \/>\n<br \/><a href=\"https:\/\/vejasp.abril.com.br\/blog\/casa-cor\/wabi-sabi-o-conceito-zen-budista-que-se-tornou-tendencia-de-decoracao\/\">Fonte do Artigo <\/a><br \/>\nTags:<br \/>\n#loterias #loteriascaixa #megasena #resultadoapostas#noticias #noticiario  #noticia #brasil #noticiascolombia #mundo #esporte #colombia #noticiadeld #ltimasnoticias  #noticiario #noticiasregionales #noticiasdepartamentales #noticiashoy #esportes #noticiaahora #elinformantenoticias #noticiasdeboyac  #esporteinterativo #esportivo #diariodosesportes  #noticiero  #jogodefutebol #jogos #loto #apostas<\/p>\n","protected":false},"excerpt":{"rendered":"<p>Daniel Wilges &#8211; Casa Wabi Sabi, projeto da CASACOR Rio Grande do Sul 2021.Cristiano Bauce\/Veja SP Os conceitos da arquitetura japonesa est\u00e3o vindo com tudo para o Brasil (assim como para todo o mundo), e um dos melhores exemplos disso \u00e9 o wabi-sabi, estilo que conquista a cada dia mais arquitetos e decoradores com sua [&hellip;]<\/p>\n","protected":false},"author":1,"featured_media":70939,"comment_status":"open","ping_status":"open","sticky":false,"template":"","format":"standard","meta":{"footnotes":""},"categories":[1],"tags":[],"class_list":["post-70938","post","type-post","status-publish","format-standard","has-post-thumbnail","hentry","category-curso-de-copy"],"_links":{"self":[{"href":"https:\/\/wiy.com.br\/noticias\/wp-json\/wp\/v2\/posts\/70938","targetHints":{"allow":["GET"]}}],"collection":[{"href":"https:\/\/wiy.com.br\/noticias\/wp-json\/wp\/v2\/posts"}],"about":[{"href":"https:\/\/wiy.com.br\/noticias\/wp-json\/wp\/v2\/types\/post"}],"author":[{"embeddable":true,"href":"https:\/\/wiy.com.br\/noticias\/wp-json\/wp\/v2\/users\/1"}],"replies":[{"embeddable":true,"href":"https:\/\/wiy.com.br\/noticias\/wp-json\/wp\/v2\/comments?post=70938"}],"version-history":[{"count":0,"href":"https:\/\/wiy.com.br\/noticias\/wp-json\/wp\/v2\/posts\/70938\/revisions"}],"wp:featuredmedia":[{"embeddable":true,"href":"https:\/\/wiy.com.br\/noticias\/wp-json\/wp\/v2\/media\/70939"}],"wp:attachment":[{"href":"https:\/\/wiy.com.br\/noticias\/wp-json\/wp\/v2\/media?parent=70938"}],"wp:term":[{"taxonomy":"category","embeddable":true,"href":"https:\/\/wiy.com.br\/noticias\/wp-json\/wp\/v2\/categories?post=70938"},{"taxonomy":"post_tag","embeddable":true,"href":"https:\/\/wiy.com.br\/noticias\/wp-json\/wp\/v2\/tags?post=70938"}],"curies":[{"name":"wp","href":"https:\/\/api.w.org\/{rel}","templated":true}]}}