{"id":70907,"date":"2023-02-26T15:09:58","date_gmt":"2023-02-26T18:09:58","guid":{"rendered":"https:\/\/wiy.com.br\/noticias\/holanda-confirma-13-infectados-com-a-variante-omicron-em-voos-que-chegaram-da-africa-do-sul\/"},"modified":"2021-11-28T15:05:03","modified_gmt":"2021-11-28T17:05:03","slug":"holanda-confirma-13-infectados-com-a-variante-omicron-em-voos-que-chegaram-da-africa-do-sul","status":"publish","type":"post","link":"https:\/\/wiy.com.br\/noticias\/holanda-confirma-13-infectados-com-a-variante-omicron-em-voos-que-chegaram-da-africa-do-sul\/","title":{"rendered":"Holanda confirma 13 infectados com a variante \u00d4micron em voos que chegaram da \u00c1frica do Sul"},"content":{"rendered":"<p> <br \/>\n<\/p>\n<p>A variante \u00d4micron, que tem <a href=\"https:\/\/olhardigital.com.br\/2021\/11\/26\/coronavirus\/covid-19-oms-nomeia-nova-variante-como-omicron\/\" target=\"_blank\" rel=\"noreferrer noopener\">&#8220;m\u00faltiplas varia\u00e7\u00f5es&#8221; do coronav\u00edrus<\/a>, segue se <a href=\"https:\/\/olhardigital.com.br\/2021\/11\/28\/coronavirus\/omicron-quais-paises-ja-confirmaram-a-nova-variante-do-coronavirus\/\" target=\"_blank\" rel=\"noreferrer noopener\">espalhando pelo mundo<\/a>. Neste domingo (28), a Holanda confirmou que 13 infectados com a nova cepa chegaram ao pa\u00eds em dois voos que partiram da \u00c1frica do Sul na sexta-feira (26).<\/p>\n<p>Em comunicado, o Instituto Nacional de Sa\u00fade holand\u00eas informou a investiga\u00e7\u00e3o ainda est\u00e1 em andamento. Todos as pessoas que testaram positivo para a variante \u00d4micron est\u00e3o em isolamento.<\/p>\n<p>Em entrevista coletiva, o ministro da Sa\u00fade da Holanda, Hugo de Jonge, disse que &#8220;n\u00e3o \u00e9 improv\u00e1vel&#8221; que mais casos da cepa apare\u00e7am no pa\u00eds.<\/p>\n<p>A Dinamarca tamb\u00e9m anunciou ter encontrado a variante \u00f4micron em dois viajantes que chegaram ao pa\u00eds neste domingo (28). Todos est\u00e3o isolados e seus contatos foram rastreados.<\/p>\n<p>Antes da Holanda e Dinamarca, outros <a href=\"https:\/\/olhardigital.com.br\/2021\/11\/27\/coronavirus\/omicron-italia-alemanha-e-inglaterra-confirmaram-infeccoes-da-variante\/\" target=\"_blank\" rel=\"noreferrer noopener\">pa\u00edses europeus confirmaram casos<\/a> de infectados pela \u00d4micron. Na Alemanha, h\u00e1 dois casos na regi\u00e3o da Baviera e um registro suspeito com &#8220;alta probabilidade&#8221; em Hesse.<\/p>\n<p>A B\u00e9lgica confirmou um caso, assim como a It\u00e1lia e a Rep\u00fablica Tcheca. No Reino Unido, foram dois casos confirmados.<\/p>\n<figure class=\"wp-block-image size-full\"><img title = \"[Tags]\"decoding=\"async\" loading=\"lazy\" width=\"1000\" height=\"600\" src=\"https:\/\/img.olhardigital.com.br\/wp-content\/uploads\/2021\/11\/mapa-africa-covid.jpg\"alt = \"mapa-africa-covid Holanda confirma 13 infectados com a variante \u00d4micron em voos que chegaram da \u00c1frica do Sul\" class=\"wp-image-294097\" \/><figcaption>Holanda confirmou 13 infectados com a variante \u00d4micron vindos de voo da \u00c1frica do Sul. Imagem: Staraldo &#8211; Shutterstock<\/figcaption><\/figure>\n<p><strong>Leia mais:<\/strong><\/p>\n<ul>\n<li><a href=\"https:\/\/olhardigital.com.br\/2021\/11\/26\/coronavirus\/veja-tudo-o-que-se-sabe-ate-agora-sobre-a-nova-variante-da-covid-19\/\" target=\"_blank\" rel=\"noreferrer noopener\">Veja tudo o que se sabe at\u00e9 agora sobre a nova variante da Covid-19<\/a><\/li>\n<li><a href=\"https:\/\/olhardigital.com.br\/2021\/11\/28\/coronavirus\/omicron-quais-paises-ja-confirmaram-a-nova-variante-do-coronavirus\/\" target=\"_blank\" rel=\"noreferrer noopener\">\u00d4micron: quais pa\u00edses j\u00e1 confirmaram a nova variante do coronav\u00edrus?<\/a><\/li>\n<li><a href=\"https:\/\/olhardigital.com.br\/2021\/11\/26\/coronavirus\/covid-19-o-que-brasil-pode-fazer-para-evitar-o-aumento-de-casos-como-na-europa\/\" target=\"_blank\" rel=\"noreferrer noopener\">Como evitar que a nova onda de Covid-19 na Europa chegue ao Brasil?<\/a><\/li>\n<\/ul>\n<h2 id=\"h-o-que-se-sabe-at-agora-sobre-a-variante-micron\">O que se sabe at\u00e9 agora sobre a variante \u00d4micron?<\/h2>\n<p>Na \u00faltima quinta-feira (25) foi revelada a descoberta de uma nova variante da Covid-19, a B.1.1.529. Os primeiros casos foram detectados na Botsuana e na \u00c1frica do Sul. Essa cepa impressiona por ter um n\u00famero de muta\u00e7\u00f5es maior do que as outras.<\/p>\n<p>Apesar disso, ainda \u00e9 cedo para afirmar se ela \u00e9 mais transmiss\u00edvel ou letal que outras vers\u00f5es do v\u00edrus. Mas as altera\u00e7\u00f5es na prote\u00edna Spike s\u00e3o suficientes para deixar a comunidade cient\u00edfica em alerta.<\/p>\n<p>Diversos pa\u00edses do mundo, principalmente na Europa, j\u00e1 anunciaram restri\u00e7\u00f5es e proibi\u00e7\u00f5es de voos vindos de alguns pa\u00edses da \u00c1frica. Aqui no Brasil, a Ag\u00eancia Nacional de Vigil\u00e2ncia Sanit\u00e1ria (Anvisa) recomendou que seis pa\u00edses africanos tenham a entrada de viajantes restritos por aqui.<\/p>\n<p>Segundo pesquisadores do Imperial College London, a preocupa\u00e7\u00e3o \u00e9 que essa Cepa, por conta de seu alto n\u00famero de muta\u00e7\u00f5es em rela\u00e7\u00e3o a vers\u00e3o do v\u00edrus descoberta originalmente, seja capaz de escapar da prote\u00e7\u00e3o concedida pela infec\u00e7\u00e3o pela Covid-19 ou at\u00e9 mesmo de algumas vacinas, mas isso ainda precisa ser confirmado.<\/p>\n<p>O maior risco da nova variante \u00e9 por conta das 32 muta\u00e7\u00f5es que ela possui na prote\u00edna Spike da Covid-19. \u00c9 justamente essa parte do v\u00edrus que a maior parte das vacinas utiliza para que o sistema imunol\u00f3gico seja capaz de barrar a doen\u00e7a. Ou seja, altera\u00e7\u00f5es nessas prote\u00ednas podem ser potencialmente perigosas.<\/p>\n<p><strong>J\u00e1 assistiu aos nossos novos v\u00eddeos no<\/strong><a href=\"http:\/\/www.youtube.com\/channel\/UCGV72aVJuWP0QPNGH4YgIww?sub_confirmation=1\"><strong>&nbsp;YouTube<\/strong><\/a><strong>? Inscreva-se no nosso canal!<\/strong><\/p>\n<p>O post <a rel=\"nofollow\" href=\"https:\/\/olhardigital.com.br\/2021\/11\/28\/coronavirus\/covid-19-holanda-confirma-13-infectados-com-a-variante-omicron-em-voos-que-chegaram-da-africa-do-sul\/\">Holanda confirma 13 infectados com a variante \u00d4micron em voos que chegaram da \u00c1frica do Sul<\/a> apareceu primeiro em <a rel=\"nofollow\" href=\"https:\/\/olhardigital.com.br\">Olhar Digital<\/a>.<\/p>\n<p><br \/>\n<br \/><a href=\"https:\/\/olhardigital.com.br\/2021\/11\/28\/coronavirus\/covid-19-holanda-confirma-13-infectados-com-a-variante-omicron-em-voos-que-chegaram-da-africa-do-sul\/\">Fonte do Artigo <\/a><br \/>\nTags:<\/p>\n<p><a href=\"https:\/\/wiy.com.br\/noticias\/categoria\/tecnologia\/\">#tecnologia<\/a> <a href=\"https:\/\/wiy.com.br\/noticias\/categoria\/tecnologia\/\">#tecnologias<\/a> <a href=\"https:\/\/wiy.com.br\/noticias\/categoria\/tecnologia\/\">#technology<\/a> <a href=\"https:\/\/wiy.com.br\/noticias\/categoria\/tecnologia\/\">#tecnolog<\/a> <a href=\"https:\/\/wiy.com.br\/noticias\/categoria\/tecnologia\/\">#iphone<\/a> <a href=\"https:\/\/wiy.com.br\/noticias\/categoria\/tecnologia\/\">#informatica<\/a> <a href=\"https:\/\/wiy.com.br\/noticias\/categoria\/tecnologia\/\">#tech<\/a> <a href=\"https:\/\/wiy.com.br\/noticias\/categoria\/tecnologia\/\">#design<\/a> <a href=\"https:\/\/wiy.com.br\/noticias\/categoria\/tecnologia\/\">#samsung<\/a> <a href=\"https:\/\/wiy.com.br\/noticias\/categoria\/tecnologia\/\">#internet<\/a> <a href=\"https:\/\/wiy.com.br\/noticias\/categoria\/tecnologia\/\">#apple<\/a> <a href=\"https:\/\/wiy.com.br\/noticias\/categoria\/tecnologia\/\">#smartphone<\/a> <a href=\"https:\/\/wiy.com.br\/noticias\/categoria\/tecnologia\/\">#seguranca<\/a> <a href=\"https:\/\/wiy.com.br\/noticias\/categoria\/tecnologia\/\">#venezuela<\/a> <a href=\"https:\/\/wiy.com.br\/noticias\/categoria\/tecnologia\/\">#celular<\/a> <a href=\"https:\/\/wiy.com.br\/noticias\/categoria\/tecnologia\/\">#celulares<\/a> <a href=\"https:\/\/wiy.com.br\/noticias\/categoria\/tecnologia\/\">#inovar<\/a> <a href=\"https:\/\/wiy.com.br\/noticias\/categoria\/tecnologia\/\">#qualidade<\/a> <a href=\"https:\/\/wiy.com.br\/noticias\/categoria\/tecnologia\/\">#software<\/a> <a href=\"https:\/\/wiy.com.br\/noticias\/categoria\/tecnologia\/\">#empresas<\/a> <a href=\"https:\/\/wiy.com.br\/noticias\/categoria\/tecnologia\/\">#cursos<\/a> <a href=\"https:\/\/wiy.com.br\/noticias\/categoria\/tecnologia\/\">#engenharia<\/a> <a href=\"https:\/\/wiy.com.br\/noticias\/categoria\/tecnologia\/\">#industria<\/a> <a href=\"https:\/\/wiy.com.br\/noticias\/categoria\/tecnologia\/\">#marketing<\/a> <a href=\"https:\/\/wiy.com.br\/noticias\/categoria\/tecnologia\/\">#ti<\/a> <a href=\"https:\/\/wiy.com.br\/noticias\/categoria\/tecnologia\/\">#tecnoblog<\/a> <a href=\"https:\/\/wiy.com.br\/noticias\/categoria\/tecnologia\/\">#veja<\/a> <a href=\"https:\/\/wiy.com.br\/noticias\/categoria\/tecnologia\/\">#olhardigital<\/a> <a href=\"https:\/\/wiy.com.br\/noticias\/categoria\/tecnologia\/\">#mundodigital<\/a> <a href=\"https:\/\/wiy.com.br\/noticias\/categoria\/tecnologia\/\">#inteligenciaartificial<\/a> <a href=\"https:\/\/wiy.com.br\/criacao-de-sites\/\">#criar site<\/a> <a href=\"https:\/\/wiy.com.br\/criacao-de-sites\/\">#criar site curitiba<\/a> <a href=\"https:\/\/wiy.com.br\/criacao-de-sites\/\">#wiysolutions<\/a><\/p>\n","protected":false},"excerpt":{"rendered":"<p>A variante \u00d4micron, que tem &#8220;m\u00faltiplas varia\u00e7\u00f5es&#8221; do coronav\u00edrus, segue se espalhando pelo mundo. Neste domingo (28), a Holanda confirmou que 13 infectados com a nova cepa chegaram ao pa\u00eds em dois voos que partiram da \u00c1frica do Sul na sexta-feira (26). Em comunicado, o Instituto Nacional de Sa\u00fade holand\u00eas informou a investiga\u00e7\u00e3o ainda est\u00e1 [&hellip;]<\/p>\n","protected":false},"author":1,"featured_media":70888,"comment_status":"open","ping_status":"open","sticky":false,"template":"","format":"standard","meta":{"footnotes":""},"categories":[5],"tags":[],"class_list":["post-70907","post","type-post","status-publish","format-standard","has-post-thumbnail","hentry","category-tecnologia"],"_links":{"self":[{"href":"https:\/\/wiy.com.br\/noticias\/wp-json\/wp\/v2\/posts\/70907","targetHints":{"allow":["GET"]}}],"collection":[{"href":"https:\/\/wiy.com.br\/noticias\/wp-json\/wp\/v2\/posts"}],"about":[{"href":"https:\/\/wiy.com.br\/noticias\/wp-json\/wp\/v2\/types\/post"}],"author":[{"embeddable":true,"href":"https:\/\/wiy.com.br\/noticias\/wp-json\/wp\/v2\/users\/1"}],"replies":[{"embeddable":true,"href":"https:\/\/wiy.com.br\/noticias\/wp-json\/wp\/v2\/comments?post=70907"}],"version-history":[{"count":0,"href":"https:\/\/wiy.com.br\/noticias\/wp-json\/wp\/v2\/posts\/70907\/revisions"}],"wp:featuredmedia":[{"embeddable":true,"href":"https:\/\/wiy.com.br\/noticias\/wp-json\/wp\/v2\/media\/70888"}],"wp:attachment":[{"href":"https:\/\/wiy.com.br\/noticias\/wp-json\/wp\/v2\/media?parent=70907"}],"wp:term":[{"taxonomy":"category","embeddable":true,"href":"https:\/\/wiy.com.br\/noticias\/wp-json\/wp\/v2\/categories?post=70907"},{"taxonomy":"post_tag","embeddable":true,"href":"https:\/\/wiy.com.br\/noticias\/wp-json\/wp\/v2\/tags?post=70907"}],"curies":[{"name":"wp","href":"https:\/\/api.w.org\/{rel}","templated":true}]}}