{"id":70724,"date":"2023-02-26T15:40:40","date_gmt":"2023-02-26T18:40:40","guid":{"rendered":"https:\/\/wiy.com.br\/noticias\/tratamento-para-evitar-cegueira-em-diabeticos-esta-com-500-dias-de-atraso-no-sus\/"},"modified":"2021-11-16T16:05:06","modified_gmt":"2021-11-16T18:05:06","slug":"tratamento-para-evitar-cegueira-em-diabeticos-esta-com-500-dias-de-atraso-no-sus","status":"publish","type":"post","link":"https:\/\/wiy.com.br\/noticias\/tratamento-para-evitar-cegueira-em-diabeticos-esta-com-500-dias-de-atraso-no-sus\/","title":{"rendered":"Tratamento para evitar cegueira em diab\u00e9ticos est\u00e1 com 500 dias de atraso no SUS"},"content":{"rendered":"<p> <br \/>\n<\/p>\n<p>A Retinopatia Diab\u00e9tica, um tratamento feito para evitar cegueira em pacientes com <a href=\"https:\/\/olhardigital.com.br\/2021\/11\/15\/medicina-e-saude\/medicamentos-para-pressao-alta-reduzem-em-ate-16-o-risco-de-diabetes-diz-estudo\/\" target=\"_blank\" rel=\"noreferrer noopener\">diabetes<\/a>, est\u00e1 com os medicamentos atrasados em mais de 500 dias, segundo a ADJ <a href=\"https:\/\/olhardigital.com.br\/2021\/11\/10\/medicina-e-saude\/novo-tratamento-para-diabetes-comeca-a-ser-testado-em-humanos\/\" target=\"_blank\" rel=\"noreferrer noopener\">Diabetes<\/a> Brasil. Cerca de 4 milh\u00f5es de pacientes fazem uso desses rem\u00e9dios atrav\u00e9s do Sistema \u00danico de Sa\u00fade.<\/p>\n<p>Em mar\u00e7o de 2020 o Minist\u00e9rio da Sa\u00fade realizou uma consulta p\u00fablica para decidir sobre o tratamento da Retinopatia Diab\u00e9tica. Na ocasi\u00e3o, ficou determinado que, 180 dias depois, o tratamento com aflibercete passaria a ser fornecido pelo Sistema \u00danico de Sa\u00fade.<\/p>\n<h2 id=\"h-protocolo-de-tratamento-contra-a-cegueira-em-diab-ticos\">Protocolo de tratamento contra a cegueira em diab\u00e9ticos<\/h2>\n<p>\u201cA falta de comprometimento do Minist\u00e9rio da Sa\u00fade com as pessoas que t\u00eam diabetes e a falta de acesso aos exames e tratamentos aumenta a incid\u00eancia de cegueira no Pa\u00eds\u201d, diz a ADJ.<\/p>\n<p>Em setembro de 2020, o CONITEC (Comiss\u00e3o Nacional de Incorpora\u00e7\u00e3o de Tecnologias no Sistema \u00danico de Sa\u00fade) ent\u00e3o pediu que o medicamento ranibizumabe, outro rem\u00e9dio usado em pacientes com a doen\u00e7a, fosse liberado para o tratamento pelo SUS. Nenhuma das duas medica\u00e7\u00f5es est\u00e3o dispon\u00edveis at\u00e9 o momento.<\/p>\n<p><strong>Leia tamb\u00e9m!<\/strong><\/p>\n<ul>\n<li><a href=\"https:\/\/olhardigital.com.br\/2021\/11\/10\/coronavirus\/na-grecia-grupo-antivacina-e-vacinado-apos-pagar-propina-para-nao-se-vacinar\/\" target=\"_blank\" rel=\"noreferrer noopener\">Na Gr\u00e9cia, grupo antivacina \u00e9 vacinado ap\u00f3s pagar propina para n\u00e3o se vacinar<\/a><\/li>\n<li><a href=\"https:\/\/olhardigital.com.br\/2021\/11\/10\/coronavirus\/decisao-sobre-vacina-da-moderna-em-criancas-deve-ser-tomada-em-dois-meses-diz-ue\/\" target=\"_blank\" rel=\"noreferrer noopener\">Decis\u00e3o sobre vacina da Moderna em crian\u00e7as deve ser tomada em dois meses, diz UE<\/a><\/li>\n<li><a href=\"https:\/\/olhardigital.com.br\/2021\/11\/09\/coronavirus\/sao-criminosos-diz-ceo-da-pfizer-sobre-quem-compartilha-informacoes-falsas-sobre-as-vacinas\/\" target=\"_blank\" rel=\"noreferrer noopener\">\u2018S\u00e3o criminosos\u2019, diz CEO da Pfizer sobre quem compartilha informa\u00e7\u00f5es falsas sobre as vacinas<\/a><\/li>\n<\/ul>\n<p>\u201cEm maio de 2021, mais uma reuni\u00e3o da Conitec foi realizada com a aprova\u00e7\u00e3o de um novo PCDT, agora com ambos tratamentos supostamente incorporados e, mesmo assim, o Minist\u00e9rio da Sa\u00fade ainda n\u00e3o publicou e tamb\u00e9m n\u00e3o fez qualquer movimento para a compra dos dois medicamentos\u201d, completa a ADJ.<\/p>\n<p>\u201cQueremos urg\u00eancia na publica\u00e7\u00e3o do protocolo e na distribui\u00e7\u00e3o dos medicamentos para evitar a cegueira em milh\u00f5es de brasileiros\u201d, diz ainda. \u201cO risco de cegueira pode ser reduzido para menos de 5% se a Retinopatia Diab\u00e9tica for diagnosticada a tempo\u201d, finaliza a nota.<\/p>\n<p>O Minist\u00e9rio da Sa\u00fade n\u00e3o se pronunciou sobre o atraso na distribui\u00e7\u00e3o dos medicamentos e na publica\u00e7\u00e3o dos protocolos para Retinopatia <a href=\"https:\/\/olhardigital.com.br\/2021\/10\/05\/medicina-e-saude\/poluicao-do-ar-aumenta-risco-de-diabetes-gestacional-diz-pesquisa\/\" target=\"_blank\" rel=\"noreferrer noopener\">Diab\u00e9tica<\/a>.<\/p>\n<p>Via <a href=\"https:\/\/brasil.estadao.com.br\/blogs\/vencer-limites\/tratamento-no-sus-para-evitar-cegueira-em-pessoas-com-diabetes-esta-500-dias-atrasado\/\" target=\"_blank\" rel=\"noreferrer noopener\">Estad\u00e3o<\/a><\/p>\n<p><strong>J\u00e1 assistiu aos novos v\u00eddeos no\u00a0<\/strong><a href=\"http:\/\/www.youtube.com\/channel\/UCGV72aVJuWP0QPNGH4YgIww?sub_confirmation=1\"><strong>YouTube<\/strong><\/a><strong>\u00a0do Olhar Digital? Inscreva-se no canal!<\/strong><\/p>\n<p>O post <a rel=\"nofollow\" href=\"https:\/\/olhardigital.com.br\/2021\/11\/16\/medicina-e-saude\/tratamento-para-evitar-cegueira-em-diabeticos-esta-com-500-dias-de-atraso-no-sus\/\">Tratamento para evitar cegueira em diab\u00e9ticos est\u00e1 com 500 dias de atraso no SUS<\/a> apareceu primeiro em <a rel=\"nofollow\" href=\"https:\/\/olhardigital.com.br\">Olhar Digital<\/a>.<\/p>\n<p><br \/>\n<br \/><a href=\"https:\/\/olhardigital.com.br\/2021\/11\/16\/medicina-e-saude\/tratamento-para-evitar-cegueira-em-diabeticos-esta-com-500-dias-de-atraso-no-sus\/\">Fonte do Artigo <\/a><br \/>\nTags:<\/p>\n<p><a href=\"https:\/\/wiy.com.br\/noticias\/categoria\/tecnologia\/\">#tecnologia<\/a> <a href=\"https:\/\/wiy.com.br\/noticias\/categoria\/tecnologia\/\">#tecnologias<\/a> <a href=\"https:\/\/wiy.com.br\/noticias\/categoria\/tecnologia\/\">#technology<\/a> <a href=\"https:\/\/wiy.com.br\/noticias\/categoria\/tecnologia\/\">#tecnolog<\/a> <a href=\"https:\/\/wiy.com.br\/noticias\/categoria\/tecnologia\/\">#iphone<\/a> <a href=\"https:\/\/wiy.com.br\/noticias\/categoria\/tecnologia\/\">#informatica<\/a> <a href=\"https:\/\/wiy.com.br\/noticias\/categoria\/tecnologia\/\">#tech<\/a> <a href=\"https:\/\/wiy.com.br\/noticias\/categoria\/tecnologia\/\">#design<\/a> <a href=\"https:\/\/wiy.com.br\/noticias\/categoria\/tecnologia\/\">#samsung<\/a> <a href=\"https:\/\/wiy.com.br\/noticias\/categoria\/tecnologia\/\">#internet<\/a> <a href=\"https:\/\/wiy.com.br\/noticias\/categoria\/tecnologia\/\">#apple<\/a> <a href=\"https:\/\/wiy.com.br\/noticias\/categoria\/tecnologia\/\">#smartphone<\/a> <a href=\"https:\/\/wiy.com.br\/noticias\/categoria\/tecnologia\/\">#seguranca<\/a> <a href=\"https:\/\/wiy.com.br\/noticias\/categoria\/tecnologia\/\">#venezuela<\/a> <a href=\"https:\/\/wiy.com.br\/noticias\/categoria\/tecnologia\/\">#celular<\/a> <a href=\"https:\/\/wiy.com.br\/noticias\/categoria\/tecnologia\/\">#celulares<\/a> <a href=\"https:\/\/wiy.com.br\/noticias\/categoria\/tecnologia\/\">#inovar<\/a> <a href=\"https:\/\/wiy.com.br\/noticias\/categoria\/tecnologia\/\">#qualidade<\/a> <a href=\"https:\/\/wiy.com.br\/noticias\/categoria\/tecnologia\/\">#software<\/a> <a href=\"https:\/\/wiy.com.br\/noticias\/categoria\/tecnologia\/\">#empresas<\/a> <a href=\"https:\/\/wiy.com.br\/noticias\/categoria\/tecnologia\/\">#cursos<\/a> <a href=\"https:\/\/wiy.com.br\/noticias\/categoria\/tecnologia\/\">#engenharia<\/a> <a href=\"https:\/\/wiy.com.br\/noticias\/categoria\/tecnologia\/\">#industria<\/a> <a href=\"https:\/\/wiy.com.br\/noticias\/categoria\/tecnologia\/\">#marketing<\/a> <a href=\"https:\/\/wiy.com.br\/noticias\/categoria\/tecnologia\/\">#ti<\/a> <a href=\"https:\/\/wiy.com.br\/noticias\/categoria\/tecnologia\/\">#tecnoblog<\/a> <a href=\"https:\/\/wiy.com.br\/noticias\/categoria\/tecnologia\/\">#veja<\/a> <a href=\"https:\/\/wiy.com.br\/noticias\/categoria\/tecnologia\/\">#olhardigital<\/a> <a href=\"https:\/\/wiy.com.br\/noticias\/categoria\/tecnologia\/\">#mundodigital<\/a> <a href=\"https:\/\/wiy.com.br\/noticias\/categoria\/tecnologia\/\">#inteligenciaartificial<\/a> <a href=\"https:\/\/wiy.com.br\/criacao-de-sites\/\">#criar site<\/a> <a href=\"https:\/\/wiy.com.br\/criacao-de-sites\/\">#criar site curitiba<\/a> <a href=\"https:\/\/wiy.com.br\/criacao-de-sites\/\">#wiysolutions<\/a><\/p>\n","protected":false},"excerpt":{"rendered":"<p>A Retinopatia Diab\u00e9tica, um tratamento feito para evitar cegueira em pacientes com diabetes, est\u00e1 com os medicamentos atrasados em mais de 500 dias, segundo a ADJ Diabetes Brasil. Cerca de 4 milh\u00f5es de pacientes fazem uso desses rem\u00e9dios atrav\u00e9s do Sistema \u00danico de Sa\u00fade. Em mar\u00e7o de 2020 o Minist\u00e9rio da Sa\u00fade realizou uma consulta [&hellip;]<\/p>\n","protected":false},"author":1,"featured_media":70725,"comment_status":"open","ping_status":"open","sticky":false,"template":"","format":"standard","meta":{"footnotes":""},"categories":[5],"tags":[],"class_list":["post-70724","post","type-post","status-publish","format-standard","has-post-thumbnail","hentry","category-tecnologia"],"_links":{"self":[{"href":"https:\/\/wiy.com.br\/noticias\/wp-json\/wp\/v2\/posts\/70724","targetHints":{"allow":["GET"]}}],"collection":[{"href":"https:\/\/wiy.com.br\/noticias\/wp-json\/wp\/v2\/posts"}],"about":[{"href":"https:\/\/wiy.com.br\/noticias\/wp-json\/wp\/v2\/types\/post"}],"author":[{"embeddable":true,"href":"https:\/\/wiy.com.br\/noticias\/wp-json\/wp\/v2\/users\/1"}],"replies":[{"embeddable":true,"href":"https:\/\/wiy.com.br\/noticias\/wp-json\/wp\/v2\/comments?post=70724"}],"version-history":[{"count":0,"href":"https:\/\/wiy.com.br\/noticias\/wp-json\/wp\/v2\/posts\/70724\/revisions"}],"wp:featuredmedia":[{"embeddable":true,"href":"https:\/\/wiy.com.br\/noticias\/wp-json\/wp\/v2\/media\/70725"}],"wp:attachment":[{"href":"https:\/\/wiy.com.br\/noticias\/wp-json\/wp\/v2\/media?parent=70724"}],"wp:term":[{"taxonomy":"category","embeddable":true,"href":"https:\/\/wiy.com.br\/noticias\/wp-json\/wp\/v2\/categories?post=70724"},{"taxonomy":"post_tag","embeddable":true,"href":"https:\/\/wiy.com.br\/noticias\/wp-json\/wp\/v2\/tags?post=70724"}],"curies":[{"name":"wp","href":"https:\/\/api.w.org\/{rel}","templated":true}]}}