{"id":70696,"date":"2023-02-26T15:21:46","date_gmt":"2023-02-26T18:21:46","guid":{"rendered":"https:\/\/wiy.com.br\/noticias\/governo-anuncia-casa-sp-afrobrasil-projeto-de-equidade-racial\/"},"modified":"2021-11-14T02:05:07","modified_gmt":"2021-11-14T04:05:07","slug":"governo-anuncia-casa-sp-afrobrasil-projeto-de-equidade-racial","status":"publish","type":"post","link":"https:\/\/wiy.com.br\/noticias\/governo-anuncia-casa-sp-afrobrasil-projeto-de-equidade-racial\/","title":{"rendered":"Governo anuncia Casa SP AfroBrasil, projeto de equidade racial"},"content":{"rendered":"<p> <br \/>\n<\/p>\n<p>O<strong> governo de S\u00e3o Paulo<\/strong> lan\u00e7ou neste s\u00e1bado (13), durante o <strong>F\u00f3rum SP Afro Brasil<\/strong> 2021, a <strong>Casa SP Afro Brasil<\/strong>, um local onde ser\u00e3o oferecidos espa\u00e7os de multiuso para o desenvolvimento regional e socioecon\u00f4mico da <strong>popula\u00e7\u00e3o negra<\/strong> paulista. O investimento do estado ser\u00e1 de R$ 7,4 milh\u00f5es na primeira fase do projeto, que prev\u00ea a constru\u00e7\u00e3o<span>\u00a0de dez<\/span>\u00a0unidades.\u00a0<img title = \"[Tags]\"alt = \"ebc Governo anuncia Casa SP AfroBrasil, projeto de equidade racial\"decoding=\"async\" src=\"https:\/\/agenciabrasil.ebc.com.br\/ebc.png?id=1427533&amp;o=node\" border=\"0\" \/><img title = \"[Tags]\"alt = \"ebc Governo anuncia Casa SP AfroBrasil, projeto de equidade racial\"decoding=\"async\" src=\"https:\/\/agenciabrasil.ebc.com.br\/ebc.gif?id=1427533&amp;o=node\" border=\"0\" \/><\/p>\n<p>Entre os pilares do novo programa est\u00e3o o reconhecimento e a valoriza\u00e7\u00e3o da hist\u00f3ria e da cultura afro-brasileira, promo\u00e7\u00e3o de pol\u00edticas p\u00fablicas de desenvolvimento social e econ\u00f4mico, justi\u00e7a, enfrentamento ao racismo religioso, institucional e estrutural, e a garantia de acesso aos servi\u00e7os e programas do governo estadual.<\/p>\n<p>As unidades oferecer\u00e3o atendimento de justi\u00e7a e cidadania, por meio do Programa \u201cS\u00e3o Paulo Contra o Racismo\u201d, institu\u00eddo pela Lei n\u00ba 14187\/2010; atendimento de sa\u00fade da popula\u00e7\u00e3o negra; ensino da hist\u00f3ria e cultura afro-brasileira, oficinas culturais e culin\u00e1rias negras; cursos de gest\u00e3o aos profissionais de sal\u00f5es de beleza negra, moda e artesanato afro; workshops, palestras, cursos, treinamentos, reuni\u00f5es e encontros, al\u00e9m de\u00a0exposi\u00e7\u00e3o de personalidades negras, biblioteca e proje\u00e7\u00e3o multim\u00eddia.<\/p>\n<p>\u201c<span>Hoje<\/span>\u00a0\u00e9 um dia hist\u00f3rico no estado de S\u00e3o Paulo, realizamos o primeiro F\u00f3rum SP Afro Brasil e lan\u00e7amos a Casa SP Afro Brasil, uma iniciativa que valoriza a hist\u00f3ria e cultura afro-brasileira. J\u00e1 em 2021 celebraremos conv\u00eanios com dez prefeituras a fim de entregarmos novos mecanismos para o desenvolvimento socioecon\u00f4mico da popula\u00e7\u00e3o negra do estado\u201d, disse o secret\u00e1rio de Desenvolvimento Regional, Marco Vinholi.<\/p>\n<p>As prefeituras poder\u00e3o solicitar uma Casa SP Afro Brasil por meio de of\u00edcio encaminhado \u00e0 Secretaria de Desenvolvimento Regional, que far\u00e1 a articula\u00e7\u00e3o e formalizar\u00e1 os conv\u00eanios para cria\u00e7\u00e3o dos espa\u00e7os, que tiveram os\u00a0projetos executivos desenvolvidos pela Companhia de Desenvolvimento Habitacional e Urbano (CDHU). As prefeituras v\u00e3o indicar os terrenos e ficar\u00e3o respons\u00e1veis pelo custeio, ap\u00f3s a inaugura\u00e7\u00e3o das casas.<\/p>\n<p>A Casa SP Afro Brasil \u00e9 vinculada \u00e0 Secretaria de Desenvolvimento Regional (SDR), em parceria com as pastas de Desenvolvimento Econ\u00f4mico, Desenvolvimento Social, Educa\u00e7\u00e3o, Sa\u00fade, Cultura e Economia Criativa, Justi\u00e7a e Cidadania, Esporte e Lazer, e Habita\u00e7\u00e3o por meio da CDHU.<\/p>\n<div id=\"relacionadas\" class=\"block  three_columns\">\n<ul class=\"block-menu\">\n<li data-tab=\"tab-1\" class=\"active\">Relacionadas<\/li>\n<\/ul>\n<div id=\"tab-1\" class=\"block-content active\">\n<ul class=\"relacionadas-s-img\">\n<li class=\"widget-news-item without-thumb with-border\">\n<div class=\"widget-news-info\"><a href=\"http:\/\/vejasp.abril.com.br\/cidades\">Cidades<\/a><span class=\"widget-news-item-title\"><a href=\"https:\/\/vejasp.abril.com.br\/cidades\/tecnologia-internet-5g-sao-paulo\/\">Como a chegada da internet 5G a S\u00e3o Paulo vai mudar a sua vida<\/a><\/span><span class=\"widget-news-item-date\">12 nov 2021 &#8211; 00h11<\/span><\/div>\n<\/li>\n<li class=\"widget-news-item without-thumb with-border\">\n<div class=\"widget-news-info\"><a href=\"http:\/\/vejasp.abril.com.br\/bichos\">Bichos<\/a><span class=\"widget-news-item-title\"><a href=\"https:\/\/vejasp.abril.com.br\/bichos\/prefeitura-sao-paulo-versao-eletronica-rg-cachorros-gatos-pets\/\">Prefeitura de S\u00e3o Paulo lan\u00e7a vers\u00e3o eletr\u00f4nica do &#8220;RG&#8221; para pets<\/a><\/span><span class=\"widget-news-item-date\">13 nov 2021 &#8211; 14h11<\/span><\/div>\n<\/li>\n<li class=\"widget-news-item without-thumb with-border\">\n<div class=\"widget-news-info\"><a href=\"http:\/\/vejasp.abril.com.br\/cidades\">Cidades<\/a><span class=\"widget-news-item-title\"><a href=\"https:\/\/vejasp.abril.com.br\/cidades\/marcelo-falcao-o-rappa-prisao-domiciliar-pensao-alimenticia\/\">&#8220;Tentando destruir minha carreira&#8221;, diz vocalista do Rappa, ap\u00f3s ter pris\u00e3o domiciliar decretada<\/a><\/span><span class=\"widget-news-item-date\">13 nov 2021 &#8211; 11h11<\/span><\/div>\n<\/li>\n<\/ul>\n<\/div>\n<\/div>\n<p>&nbsp;<\/p>\n<div class=\"ads post-ads\"><span class=\"title\">Continua ap\u00f3s a publicidade<\/span><\/p>\n<div id=\"abrAD_rectangle3\" class=\"abrAD\" data-ad-><\/div>\n<\/div>\n<p><br \/>\n<br \/><a href=\"https:\/\/vejasp.abril.com.br\/cidades\/governo-sp-casa-afro-brasil-equidade-racial\/\">Fonte do Artigo <\/a><br \/>\nTags:<br \/>\n#loterias #loteriascaixa #megasena #resultadoapostas#noticias #noticiario  #noticia #brasil #noticiascolombia #mundo #esporte #colombia #noticiadeld #ltimasnoticias  #noticiario #noticiasregionales #noticiasdepartamentales #noticiashoy #esportes #noticiaahora #elinformantenoticias #noticiasdeboyac  #esporteinterativo #esportivo #diariodosesportes  #noticiero  #jogodefutebol #jogos #loto #apostas<\/p>\n","protected":false},"excerpt":{"rendered":"<p>O governo de S\u00e3o Paulo lan\u00e7ou neste s\u00e1bado (13), durante o F\u00f3rum SP Afro Brasil 2021, a Casa SP Afro Brasil, um local onde ser\u00e3o oferecidos espa\u00e7os de multiuso para o desenvolvimento regional e socioecon\u00f4mico da popula\u00e7\u00e3o negra paulista. O investimento do estado ser\u00e1 de R$ 7,4 milh\u00f5es na primeira fase do projeto, que prev\u00ea [&hellip;]<\/p>\n","protected":false},"author":1,"featured_media":70697,"comment_status":"open","ping_status":"open","sticky":false,"template":"","format":"standard","meta":{"footnotes":""},"categories":[1],"tags":[],"class_list":["post-70696","post","type-post","status-publish","format-standard","has-post-thumbnail","hentry","category-curso-de-copy"],"_links":{"self":[{"href":"https:\/\/wiy.com.br\/noticias\/wp-json\/wp\/v2\/posts\/70696","targetHints":{"allow":["GET"]}}],"collection":[{"href":"https:\/\/wiy.com.br\/noticias\/wp-json\/wp\/v2\/posts"}],"about":[{"href":"https:\/\/wiy.com.br\/noticias\/wp-json\/wp\/v2\/types\/post"}],"author":[{"embeddable":true,"href":"https:\/\/wiy.com.br\/noticias\/wp-json\/wp\/v2\/users\/1"}],"replies":[{"embeddable":true,"href":"https:\/\/wiy.com.br\/noticias\/wp-json\/wp\/v2\/comments?post=70696"}],"version-history":[{"count":0,"href":"https:\/\/wiy.com.br\/noticias\/wp-json\/wp\/v2\/posts\/70696\/revisions"}],"wp:featuredmedia":[{"embeddable":true,"href":"https:\/\/wiy.com.br\/noticias\/wp-json\/wp\/v2\/media\/70697"}],"wp:attachment":[{"href":"https:\/\/wiy.com.br\/noticias\/wp-json\/wp\/v2\/media?parent=70696"}],"wp:term":[{"taxonomy":"category","embeddable":true,"href":"https:\/\/wiy.com.br\/noticias\/wp-json\/wp\/v2\/categories?post=70696"},{"taxonomy":"post_tag","embeddable":true,"href":"https:\/\/wiy.com.br\/noticias\/wp-json\/wp\/v2\/tags?post=70696"}],"curies":[{"name":"wp","href":"https:\/\/api.w.org\/{rel}","templated":true}]}}