{"id":70676,"date":"2023-02-26T15:14:17","date_gmt":"2023-02-26T18:14:17","guid":{"rendered":"https:\/\/wiy.com.br\/noticias\/trt-apura-conduta-de-juiz-que-vestiu-camisa-do-sao-paulo-em-audiencia\/"},"modified":"2021-11-12T15:05:10","modified_gmt":"2021-11-12T17:05:10","slug":"trt-apura-conduta-de-juiz-que-vestiu-camisa-do-sao-paulo-em-audiencia","status":"publish","type":"post","link":"https:\/\/wiy.com.br\/noticias\/trt-apura-conduta-de-juiz-que-vestiu-camisa-do-sao-paulo-em-audiencia\/","title":{"rendered":"TRT apura conduta de juiz que vestiu camisa do S\u00e3o Paulo em audi\u00eancia"},"content":{"rendered":"<p> <br \/>\n<\/p>\n<p>O <strong>Tribunal Regional do Trabalho<\/strong> confirmou nesta quinta feira (11)\u00a0que foi aberto um Processo Administrativo Disciplinar (PAD) contra <strong>Diego Petacci<\/strong>, juiz que vestiu a camisa do <strong>S\u00e3o Paulo Futebol Clube<\/strong> em audi\u00eancia online e incluiu o hino do time na \u00edntegra em decis\u00e3o judicial. A informa\u00e7\u00e3o foi revelada pelo portal g1.<\/p>\n<p>Os dois casos ocorreram no dia 24 de maio em <strong>Santo Andr\u00e9<\/strong>, um dia ap\u00f3s o S\u00e3o Paulo ser campe\u00e3o do <strong>Campeonato Paulista<\/strong>. Segundo o juiz corregedor <strong>S\u00e9rgio Pinto Martins<\/strong>, relator do processo administrativo, o juiz se vestiu de &#8220;forma inadequada&#8221; e agiu com &#8220;falta de decoro, de compostura <span>e em\u00a0<\/span><span class=\"highlight highlighted\">desacordo<span>\u00a0<\/span><\/span><span>com o C\u00f3digo de \u00c9tica da Magistratura e com o\u00a0<\/span><span class=\"highlight highlighted\">cumprimento<span>\u00a0<\/span><\/span><span>dos deveres do cargo&#8221;.<\/span><\/p>\n<p><span>O processo foi aberto na <strong>Corregedoria do Tribunal Regional do Trabalho da 2\u00aa Regi\u00e3o<\/strong>, e como puni\u00e7\u00e3o pode ser aplicada pena de <strong>censura<\/strong><\/span>. Segundo a <a href=\"http:\/\/www.planalto.gov.br\/ccivil_03\/leis\/lcp\/lcp35.htm\">Lei Org\u00e2nica da Magistratura Nacional<\/a><span> (Loman), a pena de censura \u00e9 aplicada &#8220;reservadamente&#8221; no caso de &#8220;reiterada neglig\u00eancia no cumprimento dos deveres do cargo, ou no de procedimento incorreto&#8221;. Al\u00e9m disso, o juiz punido n\u00e3o pode ser promovido pelo prazo de um ano.<\/span><\/p>\n<p>A assessoria do<strong> TRT<\/strong> tamb\u00e9m informou que ju\u00edzes de primeiro grau, como <strong>Diego<\/strong>, &#8220;n\u00e3o precisam necessariamente usar toga&#8221;. Por\u00e9m, na vis\u00e3o do relator, o juiz deu um &#8220;mal exemplo para a sociedade&#8221; e deu a entender que &#8220;<span>a Justi\u00e7a do Trabalho n\u00e3o \u00e9 um \u00f3rg\u00e3o s\u00e9rio&#8221;.<\/span><\/p>\n<p>Segundo a reportagem, o \u00f3rg\u00e3o ainda n\u00e3o decidiu se ir\u00e1 punir <strong>Diego<\/strong>, que continua atuando como juiz substituto em <strong>Santo Andr\u00e9<\/strong>, no ABC Paulista. Ele ainda n\u00e3o comentou o caso.<\/p>\n<p>No processo, ele alegou que &#8220;<span class=\"highlight highlighted\">n\u00e3o destratou as partes e que n\u00e3o vai mais fazer o ato de colocar hino na ata e de fazer audi\u00eancia sem palet\u00f3 ou com camiseta de clube<\/span>&#8221; e que <span class=\"highlight highlighted\">n\u00e3o foi a sua inten\u00e7\u00e3o<\/span>\u00a0&#8220;desrespeitar as partes, o Tribunal ou a carreira&#8221;.<\/p>\n<div id=\"relacionadas\" class=\"block  three_columns\">\n<ul class=\"block-menu\">\n<li data-tab=\"tab-1\" class=\"active\">Relacionadas<\/li>\n<\/ul>\n<div id=\"tab-1\" class=\"block-content active\">\n<ul class=\"relacionadas-s-img\">\n<li class=\"widget-news-item without-thumb with-border\">\n<div class=\"widget-news-info\"><a href=\"http:\/\/vejasp.abril.com.br\/cidades\">Cidades<\/a><span class=\"widget-news-item-title\"><a href=\"https:\/\/vejasp.abril.com.br\/cidades\/tecnologia-internet-5g-sao-paulo\/\">Como a chegada da internet 5G a S\u00e3o Paulo vai mudar a sua vida<\/a><\/span><span class=\"widget-news-item-date\">12 nov 2021 &#8211; 00h11<\/span><\/div>\n<\/li>\n<li class=\"widget-news-item without-thumb with-border\">\n<div class=\"widget-news-info\"><a href=\"http:\/\/vejasp.abril.com.br\/cidades\">Cidades<\/a><span class=\"widget-news-item-title\"><a href=\"https:\/\/vejasp.abril.com.br\/cidades\/com-87-dos-adultos-vacinados-sp-libera-shows-e-jogos-com-publico-total\/\">Com 87% dos adultos vacinados, SP libera shows e jogos com p\u00fablico total<\/a><\/span><span class=\"widget-news-item-date\">31 out 2021 &#8211; 17h10<\/span><\/div>\n<\/li>\n<\/ul>\n<\/div>\n<\/div>\n<\/p>\n<p><div class=\"ads post-ads\"><span class=\"title\">Continua ap\u00f3s a publicidade<\/span><\/p>\n<div id=\"abrAD_rectangle3\" class=\"abrAD\" data-ad-><\/div>\n<\/div>\n<p><br \/>\n<br \/><a href=\"https:\/\/vejasp.abril.com.br\/cidades\/trt-abre-processo-contra-juiz-que-vestiu-camisa-do-sao-paulo-em-audiencia\/\">Fonte do Artigo <\/a><br \/>\nTags:<br \/>\n#loterias #loteriascaixa #megasena #resultadoapostas#noticias #noticiario  #noticia #brasil #noticiascolombia #mundo #esporte #colombia #noticiadeld #ltimasnoticias  #noticiario #noticiasregionales #noticiasdepartamentales #noticiashoy #esportes #noticiaahora #elinformantenoticias #noticiasdeboyac  #esporteinterativo #esportivo #diariodosesportes  #noticiero  #jogodefutebol #jogos #loto #apostas<\/p>\n","protected":false},"excerpt":{"rendered":"<p>O Tribunal Regional do Trabalho confirmou nesta quinta feira (11)\u00a0que foi aberto um Processo Administrativo Disciplinar (PAD) contra Diego Petacci, juiz que vestiu a camisa do S\u00e3o Paulo Futebol Clube em audi\u00eancia online e incluiu o hino do time na \u00edntegra em decis\u00e3o judicial. A informa\u00e7\u00e3o foi revelada pelo portal g1. Os dois casos ocorreram [&hellip;]<\/p>\n","protected":false},"author":1,"featured_media":70677,"comment_status":"open","ping_status":"open","sticky":false,"template":"","format":"standard","meta":{"footnotes":""},"categories":[1],"tags":[],"class_list":["post-70676","post","type-post","status-publish","format-standard","has-post-thumbnail","hentry","category-curso-de-copy"],"_links":{"self":[{"href":"https:\/\/wiy.com.br\/noticias\/wp-json\/wp\/v2\/posts\/70676","targetHints":{"allow":["GET"]}}],"collection":[{"href":"https:\/\/wiy.com.br\/noticias\/wp-json\/wp\/v2\/posts"}],"about":[{"href":"https:\/\/wiy.com.br\/noticias\/wp-json\/wp\/v2\/types\/post"}],"author":[{"embeddable":true,"href":"https:\/\/wiy.com.br\/noticias\/wp-json\/wp\/v2\/users\/1"}],"replies":[{"embeddable":true,"href":"https:\/\/wiy.com.br\/noticias\/wp-json\/wp\/v2\/comments?post=70676"}],"version-history":[{"count":0,"href":"https:\/\/wiy.com.br\/noticias\/wp-json\/wp\/v2\/posts\/70676\/revisions"}],"wp:featuredmedia":[{"embeddable":true,"href":"https:\/\/wiy.com.br\/noticias\/wp-json\/wp\/v2\/media\/70677"}],"wp:attachment":[{"href":"https:\/\/wiy.com.br\/noticias\/wp-json\/wp\/v2\/media?parent=70676"}],"wp:term":[{"taxonomy":"category","embeddable":true,"href":"https:\/\/wiy.com.br\/noticias\/wp-json\/wp\/v2\/categories?post=70676"},{"taxonomy":"post_tag","embeddable":true,"href":"https:\/\/wiy.com.br\/noticias\/wp-json\/wp\/v2\/tags?post=70676"}],"curies":[{"name":"wp","href":"https:\/\/api.w.org\/{rel}","templated":true}]}}