{"id":70489,"date":"2023-02-26T14:59:33","date_gmt":"2023-02-26T17:59:33","guid":{"rendered":"https:\/\/wiy.com.br\/noticias\/tesla-testando-supercarro-com-spoiler-movel-na-alemanha-tesla-s-plaid-de-volta-ao-cardapio\/"},"modified":"2021-10-18T12:05:07","modified_gmt":"2021-10-18T15:05:07","slug":"tesla-testando-supercarro-com-spoiler-movel-na-alemanha-tesla-s-plaid-de-volta-ao-cardapio","status":"publish","type":"post","link":"https:\/\/wiy.com.br\/noticias\/tesla-testando-supercarro-com-spoiler-movel-na-alemanha-tesla-s-plaid-de-volta-ao-cardapio\/","title":{"rendered":"Tesla testando supercarro com spoiler m\u00f3vel na Alemanha. Tesla S Plaid + de volta ao card\u00e1pio?"},"content":{"rendered":"<p> <br \/>\n<\/p>\n<p>O Tesla Model S Plaid \u00e9 considerado o \u00e1pice da Tesla em carros el\u00e9tricos at\u00e9 o momento, de forma que uma vers\u00e3o Plaid + havia sido descartada por Elon Musk em junho. O CEO da empresa argumentou que n\u00e3o via necessidades de um modelo turbinado do ve\u00edculo, j\u00e1 que a vers\u00e3o padr\u00e3o <a href=\"https:\/\/twitter.com\/elonmusk\/status\/1401641625500229632?s=20\" target=\"_blank\" rel=\"noreferrer noopener nofollow\">\u00e9 muito boa<\/a>.<\/p>\n<p>Por\u00e9m, no circuito alem\u00e3o de <a href=\"https:\/\/olhardigital.com.br\/2021\/10\/14\/carros-e-tecnologia\/volkswagen-skoda-producao-entrada-brasil-america-latina\/\" target=\"_blank\" rel=\"noreferrer noopener\">N\u00fcrburgring<\/a>, onde as montadoras levam seus prot\u00f3tipos para os mais variados testes, um Model S Plaid foi visto com uma composi\u00e7\u00e3o mais radical, mais hardcore. O carro que ostentava uma cor azul, sem a camuflagem costumeira dos prot\u00f3tipos, trazia um divisor na parte inferior do p\u00e1ra-choque <a href=\"https:\/\/carbuzz.com\/news\/the-1100-hp-tesla-model-s-plaid-plus-is-back\" target=\"_blank\" rel=\"noreferrer noopener nofollow\">dianteiro<\/a> e um spoiler m\u00f3vel na parte traseira.<\/p>\n<figure class=\"wp-block-image size-large\"><img title = \"[Tags]\"decoding=\"async\" loading=\"lazy\" width=\"1024\" height=\"541\" src=\"https:\/\/img.olhardigital.com.br\/wp-content\/uploads\/2021\/10\/frentePlus-1024x541.jpg\"alt = \"frentePlus-1024x541 Tesla testando supercarro com spoiler m\u00f3vel na Alemanha. Tesla S Plaid + de volta ao card\u00e1pio?\" class=\"wp-image-276284\" \/><figcaption>Poss\u00edvel Model S Plaid + visto em N\u00fcrburgring com um design aerodin\u00e2mico diferente, como a divis\u00e3o no p\u00e1ra-choque da frente &#8211; Reprodu\u00e7\u00e3o\/CarBuzz<\/figcaption><\/figure>\n<p>Voando baixo (literalmente, o sedan apresentou na pista uma altura <a href=\"https:\/\/olhardigital.com.br\/2021\/10\/11\/carros-e-tecnologia\/toyota-mirai-recorde-distancia-hidrogenio\/\" target=\"_blank\" rel=\"noreferrer noopener\">de passeio<\/a> mais baixa) e com freios visivelmente maiores que os do Plaid de produ\u00e7\u00e3o regular, o ve\u00edculo executou suavemente suas voltas. Chamou bastante a aten\u00e7\u00e3o o aerof\u00f3lio que se movia conforme necessidade, indo de um \u00e2ngulo horizontal para um quase vertical em determinados momentos.<\/p>\n<p>Confira no tweet abaixo, que mostra um dos trechos do circuito sendo percorrido por aquele que pode ser o Model S Plaid +. \u00c9 poss\u00edvel ver o spoiler ajudando na aerodin\u00e2mica do el\u00e9trico da Tesla ao se mover e criar, quando necess\u00e1rio, um arrasto extra que proporciona desacelera\u00e7\u00e3o mais r\u00e1pida do ve\u00edculo.<\/p>\n<figure class=\"wp-block-embed is-type-rich is-provider-twitter wp-block-embed-twitter\">\n<div class=\"wp-block-embed__wrapper\">\n<blockquote class=\"twitter-tweet\" data-width=\"500\" data-dnt=\"true\">\n<p lang=\"en\" dir=\"ltr\">NEW: Model S Plaid SPOTTED at the Nurburgring with ACTIVE AERO in action <img title = \"[Tags]\"decoding=\"async\" src=\"https:\/\/s.w.org\/images\/core\/emoji\/13.1.0\/72x72\/1f92f.png\"alt = \"frentePlus-1024x541 Tesla testando supercarro com spoiler m\u00f3vel na Alemanha. Tesla S Plaid + de volta ao card\u00e1pio?\" class=\"wp-smiley\" style=\"height: 1em;max-height: 1em\" \/><img title = \"[Tags]\"decoding=\"async\" src=\"https:\/\/s.w.org\/images\/core\/emoji\/13.1.0\/72x72\/1f680.png\"alt = \"frentePlus-1024x541 Tesla testando supercarro com spoiler m\u00f3vel na Alemanha. Tesla S Plaid + de volta ao card\u00e1pio?\" class=\"wp-smiley\" style=\"height: 1em;max-height: 1em\" \/> <a href=\"https:\/\/twitter.com\/search?q=%24TSLA&amp;src=ctag&amp;ref_src=twsrc%5Etfw\">$TSLA<\/a> <a href=\"https:\/\/t.co\/CP6zExaeAG\">pic.twitter.com\/CP6zExaeAG<\/a><\/p>\n<p>&mdash; BabyTesla (@BabyTesla3) <a href=\"https:\/\/twitter.com\/BabyTesla3\/status\/1449592977307758594?ref_src=twsrc%5Etfw\">October 17, 2021<\/a><\/p><\/blockquote>\n<\/div>\n<\/figure>\n<h2 id=\"h-model-s-plaid-muito-bom\">Model S Plaid \u00e9 muito bom<\/h2>\n<p>O modelo padr\u00e3o do Model S Plaid, ao que tudo indica, tem correspondido com o que falou Elon Musk sobre o carro ser muito bom. Inclusive, no dia 10 de setembro, o pr\u00f3prio perfil do circuito alem\u00e3o<a href=\"https:\/\/twitter.com\/nuerburgring\/status\/1436327355082027008?s=20\" target=\"_blank\" rel=\"noreferrer noopener nofollow\"> tuitou<\/a> sobre mais um recorde sendo batido pelo sedan el\u00e9trico, com \u201c7:35 minutos por 20,8 quil\u00f4metros de Inferno Verde [como tamb\u00e9m \u00e9 conhecida a pista]\u201d.<\/p>\n<p>Um dia antes, Musk j\u00e1 <a href=\"https:\/\/twitter.com\/elonmusk\/status\/1436086743720251394?s=20\" target=\"_blank\" rel=\"noreferrer noopener nofollow\">tinha postado<\/a> sobre esse marco, em que seu Tesla Model S Plaid teria acabado de estabelecer o \u201crecorde mundial de velocidade oficial para um carro el\u00e9trico de produ\u00e7\u00e3o em N\u00fcrburgring\u201d. Com um detalhe: completamente inalterado, diretamente da f\u00e1brica.<\/p>\n<p>No tweet seguinte, o CEO tuitou que o pr\u00f3ximo passo seria \u201co Plaid modificado com a adi\u00e7\u00e3o de superf\u00edcies aerodin\u00e2micas, freios de carbono e pneus de pista (todas as coisas que podem ser feitas sem o Tesla estar no circuito)\u201d.<\/p>\n<figure class=\"wp-block-embed is-type-rich is-provider-twitter wp-block-embed-twitter\">\n<div class=\"wp-block-embed__wrapper\">\n<blockquote class=\"twitter-tweet\" data-width=\"500\" data-dnt=\"true\">\n<p lang=\"en\" dir=\"ltr\">Next will be modified Plaid with added aero surfaces, carbon brakes &amp; track tires (all things that can be done without Tesla being in the loop)<\/p>\n<p>&mdash; Elon Musk (@elonmusk) <a href=\"https:\/\/twitter.com\/elonmusk\/status\/1436088215186911243?ref_src=twsrc%5Etfw\">September 9, 2021<\/a><\/p><\/blockquote>\n<\/div>\n<\/figure>\n<p>O carro azul com spoiler m\u00f3vel que foi visto agora vai muito no sentido do que Musk adiantou em setembro. As impress\u00f5es que ficam s\u00e3o de que a Tesla est\u00e1 trabalhando no Plaid +, retomando os trabalhos nessa vers\u00e3o mais turbinada do seu j\u00e1 \u201cmuito bom\u201d modelo padr\u00e3o.<\/p>\n<p>Por\u00e9m, estamos tratando de especula\u00e7\u00f5es. O circuito alem\u00e3o, como falamos acima, \u00e9 usado para diversos testes dos mais variados tipos. Nada impede que as altera\u00e7\u00f5es em aerodin\u00e2mica vistas no sedan sejam parte de estudos para o pr\u00f3prio Model S Plaid, que j\u00e1 traz uma configura\u00e7\u00e3o poderosa. S\u00f3 para lembrarmos, s\u00e3o especifica\u00e7\u00f5es como 1.020 cavalos de pot\u00eancia, sprint 0-96 km\/h em 1,99 segundos, <a href=\"https:\/\/olhardigital.com.br\/2021\/10\/08\/carros-e-tecnologia\/nova-mv-agusta-brutale-1000-celebra-com-louvor-o-circuito-de-nurburgring\/\" target=\"_blank\" rel=\"noreferrer noopener\">velocidade<\/a> m\u00e1xima de 321 km\/h e autonomia de 680 km.<\/p>\n<p><strong>Leia mais:<\/strong><\/p>\n<ul>\n<li><a href=\"https:\/\/olhardigital.com.br\/2021\/06\/03\/carros-e-tecnologia\/tesla-model-s-plaid-bate-recorde-de-velocidade-do-bugatti-chiron-sport\/\" target=\"_blank\" rel=\"noreferrer noopener\">Tesla Model S Plaid bate recorde de velocidade do Bugatti Chiron Sport <\/a><\/li>\n<li><a href=\"https:\/\/olhardigital.com.br\/2021\/07\/02\/carros-e-tecnologia\/tesla-model-s-plaid-vendido-no-brasil\/\" target=\"_blank\" rel=\"noreferrer noopener\">Tesla Model S Plaid, o \u201ccarro mais r\u00e1pido do mundo\u201d, \u00e9 vendido no Brasil por R$ 1 milh\u00e3o <\/a><\/li>\n<li><a href=\"https:\/\/olhardigital.com.br\/2021\/10\/13\/carros-e-tecnologia\/analista-desmonta-tesla-model-3-e-fala-da-qualidade-de-producao\/\" target=\"_blank\" rel=\"noreferrer noopener\">Analista desmonta Tesla Model 3 e fala da qualidade de produ\u00e7\u00e3o <\/a><\/li>\n<\/ul>\n<p><strong>J\u00e1 assistiu aos nossos novos v\u00eddeos no <a href=\"http:\/\/www.youtube.com\/channel\/UCGV72aVJuWP0QPNGH4YgIww?sub_confirmation=1\" target=\"_blank\" rel=\"noreferrer noopener\">YouTube<\/a>? Inscreva-se no nosso canal.<\/strong><\/p>\n<p>O post <a rel=\"nofollow\" href=\"https:\/\/olhardigital.com.br\/2021\/10\/18\/carros-e-tecnologia\/tesla-testando-supercarro-com-spoiler-movel-na-alemanha-tesla-s-plaid-de-volta-ao-cardapio\/\">Tesla testando supercarro com spoiler m\u00f3vel na Alemanha. Tesla S Plaid + de volta ao card\u00e1pio?<\/a> apareceu primeiro em <a rel=\"nofollow\" href=\"https:\/\/olhardigital.com.br\">Olhar Digital<\/a>.<\/p>\n<p><script async src=\"http:\/\/platform.twitter.com\/widgets.js\" charset=\"utf-8\"><\/script><br \/>\n<br \/><br \/>\n<br \/><a href=\"https:\/\/olhardigital.com.br\/2021\/10\/18\/carros-e-tecnologia\/tesla-testando-supercarro-com-spoiler-movel-na-alemanha-tesla-s-plaid-de-volta-ao-cardapio\/\">Fonte do Artigo <\/a><br \/>\nTags:<\/p>\n<p><a href=\"https:\/\/wiy.com.br\/noticias\/categoria\/tecnologia\/\">#tecnologia<\/a> <a href=\"https:\/\/wiy.com.br\/noticias\/categoria\/tecnologia\/\">#tecnologias<\/a> <a href=\"https:\/\/wiy.com.br\/noticias\/categoria\/tecnologia\/\">#technology<\/a> <a href=\"https:\/\/wiy.com.br\/noticias\/categoria\/tecnologia\/\">#tecnolog<\/a> <a href=\"https:\/\/wiy.com.br\/noticias\/categoria\/tecnologia\/\">#iphone<\/a> <a href=\"https:\/\/wiy.com.br\/noticias\/categoria\/tecnologia\/\">#informatica<\/a> <a href=\"https:\/\/wiy.com.br\/noticias\/categoria\/tecnologia\/\">#tech<\/a> <a href=\"https:\/\/wiy.com.br\/noticias\/categoria\/tecnologia\/\">#design<\/a> <a href=\"https:\/\/wiy.com.br\/noticias\/categoria\/tecnologia\/\">#samsung<\/a> <a href=\"https:\/\/wiy.com.br\/noticias\/categoria\/tecnologia\/\">#internet<\/a> <a href=\"https:\/\/wiy.com.br\/noticias\/categoria\/tecnologia\/\">#apple<\/a> <a href=\"https:\/\/wiy.com.br\/noticias\/categoria\/tecnologia\/\">#smartphone<\/a> <a href=\"https:\/\/wiy.com.br\/noticias\/categoria\/tecnologia\/\">#seguranca<\/a> <a href=\"https:\/\/wiy.com.br\/noticias\/categoria\/tecnologia\/\">#venezuela<\/a> <a href=\"https:\/\/wiy.com.br\/noticias\/categoria\/tecnologia\/\">#celular<\/a> <a href=\"https:\/\/wiy.com.br\/noticias\/categoria\/tecnologia\/\">#celulares<\/a> <a href=\"https:\/\/wiy.com.br\/noticias\/categoria\/tecnologia\/\">#inovar<\/a> <a href=\"https:\/\/wiy.com.br\/noticias\/categoria\/tecnologia\/\">#qualidade<\/a> <a href=\"https:\/\/wiy.com.br\/noticias\/categoria\/tecnologia\/\">#software<\/a> <a href=\"https:\/\/wiy.com.br\/noticias\/categoria\/tecnologia\/\">#empresas<\/a> <a href=\"https:\/\/wiy.com.br\/noticias\/categoria\/tecnologia\/\">#cursos<\/a> <a href=\"https:\/\/wiy.com.br\/noticias\/categoria\/tecnologia\/\">#engenharia<\/a> <a href=\"https:\/\/wiy.com.br\/noticias\/categoria\/tecnologia\/\">#industria<\/a> <a href=\"https:\/\/wiy.com.br\/noticias\/categoria\/tecnologia\/\">#marketing<\/a> <a href=\"https:\/\/wiy.com.br\/noticias\/categoria\/tecnologia\/\">#ti<\/a> <a href=\"https:\/\/wiy.com.br\/noticias\/categoria\/tecnologia\/\">#tecnoblog<\/a> <a href=\"https:\/\/wiy.com.br\/noticias\/categoria\/tecnologia\/\">#veja<\/a> <a href=\"https:\/\/wiy.com.br\/noticias\/categoria\/tecnologia\/\">#olhardigital<\/a> <a href=\"https:\/\/wiy.com.br\/noticias\/categoria\/tecnologia\/\">#mundodigital<\/a> <a href=\"https:\/\/wiy.com.br\/noticias\/categoria\/tecnologia\/\">#inteligenciaartificial<\/a> <a href=\"https:\/\/wiy.com.br\/criacao-de-sites\/\">#criar site<\/a> <a href=\"https:\/\/wiy.com.br\/criacao-de-sites\/\">#criar site curitiba<\/a> <a href=\"https:\/\/wiy.com.br\/criacao-de-sites\/\">#wiysolutions<\/a><\/p>\n","protected":false},"excerpt":{"rendered":"<p>O Tesla Model S Plaid \u00e9 considerado o \u00e1pice da Tesla em carros el\u00e9tricos at\u00e9 o momento, de forma que uma vers\u00e3o Plaid + havia sido descartada por Elon Musk em junho. O CEO da empresa argumentou que n\u00e3o via necessidades de um modelo turbinado do ve\u00edculo, j\u00e1 que a vers\u00e3o padr\u00e3o \u00e9 muito boa. [&hellip;]<\/p>\n","protected":false},"author":1,"featured_media":70490,"comment_status":"open","ping_status":"open","sticky":false,"template":"","format":"standard","meta":{"footnotes":""},"categories":[5],"tags":[],"class_list":["post-70489","post","type-post","status-publish","format-standard","has-post-thumbnail","hentry","category-tecnologia"],"_links":{"self":[{"href":"https:\/\/wiy.com.br\/noticias\/wp-json\/wp\/v2\/posts\/70489","targetHints":{"allow":["GET"]}}],"collection":[{"href":"https:\/\/wiy.com.br\/noticias\/wp-json\/wp\/v2\/posts"}],"about":[{"href":"https:\/\/wiy.com.br\/noticias\/wp-json\/wp\/v2\/types\/post"}],"author":[{"embeddable":true,"href":"https:\/\/wiy.com.br\/noticias\/wp-json\/wp\/v2\/users\/1"}],"replies":[{"embeddable":true,"href":"https:\/\/wiy.com.br\/noticias\/wp-json\/wp\/v2\/comments?post=70489"}],"version-history":[{"count":0,"href":"https:\/\/wiy.com.br\/noticias\/wp-json\/wp\/v2\/posts\/70489\/revisions"}],"wp:featuredmedia":[{"embeddable":true,"href":"https:\/\/wiy.com.br\/noticias\/wp-json\/wp\/v2\/media\/70490"}],"wp:attachment":[{"href":"https:\/\/wiy.com.br\/noticias\/wp-json\/wp\/v2\/media?parent=70489"}],"wp:term":[{"taxonomy":"category","embeddable":true,"href":"https:\/\/wiy.com.br\/noticias\/wp-json\/wp\/v2\/categories?post=70489"},{"taxonomy":"post_tag","embeddable":true,"href":"https:\/\/wiy.com.br\/noticias\/wp-json\/wp\/v2\/tags?post=70489"}],"curies":[{"name":"wp","href":"https:\/\/api.w.org\/{rel}","templated":true}]}}