{"id":70470,"date":"2023-02-26T15:00:30","date_gmt":"2023-02-26T18:00:30","guid":{"rendered":"https:\/\/wiy.com.br\/noticias\/pandemia-pode-ter-ajudado-no-aumento-de-superbacterias\/"},"modified":"2021-10-15T21:05:04","modified_gmt":"2021-10-16T00:05:04","slug":"pandemia-pode-ter-ajudado-no-aumento-de-superbacterias","status":"publish","type":"post","link":"https:\/\/wiy.com.br\/noticias\/pandemia-pode-ter-ajudado-no-aumento-de-superbacterias\/","title":{"rendered":"Pandemia pode ter ajudado no aumento de superbact\u00e9rias"},"content":{"rendered":"<p> <br \/>\n<\/p>\n<p>Os efeitos da pandemia da<a href=\"https:\/\/olhardigital.com.br\/2021\/10\/15\/coronavirus\/covid-19-estrangeiros-vacinados-vao-poder-entrar-sem-restricoes-nos-eua\/\" target=\"_blank\" rel=\"noreferrer noopener\"> Covid-19<\/a> podem ir al\u00e9m das consequ\u00eancias do v\u00edrus. O uso de antibi\u00f3ticos de forma indiscriminada, em uma tentativa falsa de evitar a infec\u00e7\u00e3o pelo pat\u00f3geno, pode contribuir com o surgimento de superbact\u00e9rias, <a href=\"https:\/\/olhardigital.com.br\/2021\/08\/28\/coronavirus\/cpi-da-covid-grave-denuncia-sobre-prevent-senior-e-governo-federal\/\" target=\"_blank\" rel=\"noreferrer noopener\">resistentes a esses medicamentos<\/a>.<\/p>\n<p>Um dos exemplos \u00e9 a azitromicina, antibi\u00f3tico presente no chamado &#8220;<a href=\"https:\/\/olhardigital.com.br\/2021\/04\/16\/videos\/kit-covid-nunca-mais-youtube-proibe-videos-que-defendem-uso-de-cloroquina-e-ivermectina\/\" target=\"_blank\" rel=\"noreferrer noopener\">kit Covid<\/a>&#8220;, um conjunto de medicamentos que foi amplamente usado como &#8220;tratamento precoce&#8221; no Brasil. Apesar das autoridades de sa\u00fade j\u00e1 terem comprovado a inefic\u00e1cia desse tipo de tratamento. Segundo a Ag\u00eancia Nacional de Vigil\u00e2ncia Sanit\u00e1ria (Anvisa), em 2020 a venda de azitromicina aumentou 105%.<\/p>\n<p>A preocupa\u00e7\u00e3o com a superbact\u00e9ria n\u00e3o \u00e9 de agora. No come\u00e7o do ano, o Centro de Controle e Preven\u00e7\u00e3o de Doen\u00e7as dos Estados Unidos (CDC), relatou o risco do uso de antibi\u00f3ticos sem necessidade contra a Covid-19. Segundo o \u00f3rg\u00e3o, a situa\u00e7\u00e3o representa uma amea\u00e7a \u00e0 sa\u00fade p\u00fablica.<\/p>\n<p>&#8220;A resist\u00eancia aos antibi\u00f3ticos ainda \u00e9 uma amea\u00e7a \u00e0 sa\u00fade p\u00fablica durante a pandemia de Covid-19. Os especialistas do CDC est\u00e3o monitorando de perto os poss\u00edveis efeitos do Covid-19 no estado nacional de resist\u00eancia e uso de antibi\u00f3ticos&#8221;, disse o CDC.<\/p>\n<h2 id=\"h-o-perigo-das-superbact-rias\">O perigo das superbact\u00e9rias<\/h2>\n<p>\u201cO uso desnecess\u00e1rio ou indiscriminado de antibi\u00f3ticos pode, com o tempo, tornar infec\u00e7\u00f5es bacterianas simples em doen\u00e7as dif\u00edceis de serem combatidas\u201d, disse Geraldo Druck Sant\u2019Anna, m\u00e9dico e professor de otorrinolaringologia da Universidade Federal de Ci\u00eancias da Sa\u00fade de Porto Alegre para a Ag\u00eancia Einstein.<\/p>\n<p><strong>Leia mais:<\/strong><\/p>\n<ul>\n<li><a href=\"https:\/\/olhardigital.com.br\/2021\/09\/18\/coronavirus\/8-questoes-que-voce-deve-sobre-a-possivel-nova-temporada-de-gripe\/\" target=\"_blank\" rel=\"noreferrer noopener\">8 quest\u00f5es que voc\u00ea deve sobre a poss\u00edvel nova temporada de gripe<\/a><\/li>\n<li><a href=\"https:\/\/olhardigital.com.br\/2021\/09\/17\/coronavirus\/estudo-da-fiocruz-avalia-nivel-de-protecao-das-vacinas-coronavac-astrazeneca-e-pfizer\/\" target=\"_blank\" rel=\"noreferrer noopener\">Estudo da Fiocruz avalia n\u00edvel de prote\u00e7\u00e3o das vacinas CoronaVac, AstraZeneca e Pfizer<\/a><\/li>\n<li><a href=\"https:\/\/olhardigital.com.br\/2021\/09\/18\/medicina-e-saude\/variante-mu-rio-de-janeiro\/\" target=\"_blank\" rel=\"noreferrer noopener\">Primeiro caso da variante Mu confirmado no Rio de Janeiro<\/a><\/li>\n<\/ul>\n<p>\u201cAinda que no Brasil o consumo de antibi\u00f3ticos seja controlado com a reten\u00e7\u00e3o da receita m\u00e9dica desde 2010, \u00e9 comum que pacientes pe\u00e7am indica\u00e7\u00e3o aos m\u00e9dicos durante a consulta. Tamb\u00e9m n\u00e3o \u00e9 incomum o m\u00e9dico prescrever o medicamento por avalia\u00e7\u00e3o equivocada, por precau\u00e7\u00e3o de piora do quadro ou por n\u00e3o poder acompanhar a evolu\u00e7\u00e3o do estado de sa\u00fade nos pr\u00f3ximos dias\u201d, completou.<\/p>\n<p>A Organiza\u00e7\u00e3o Mundial de Sa\u00fade (OMS) estimava que, em 2050, cerca de 10 milh\u00f5es de pessoas deveriam morrer anualmente v\u00edtimas de superbact\u00e9rias. Com a pandemia da Covid-19, o \u00f3rg\u00e3o informou que j\u00e1 est\u00e1 revendo essa posi\u00e7\u00e3o.<\/p>\n<p><strong>J\u00e1 assistiu aos novos v\u00eddeos no\u00a0<a href=\"http:\/\/www.youtube.com\/channel\/UCGV72aVJuWP0QPNGH4YgIww?sub_confirmation=1\" target=\"_blank\" rel=\"noreferrer noopener\">YouTube<\/a>\u00a0do Olhar Digital? Inscreva-se no canal!<\/strong><\/p>\n<p>O post <a rel=\"nofollow\" href=\"https:\/\/olhardigital.com.br\/2021\/10\/15\/coronavirus\/pandemia-pode-ter-ajudado-no-aumento-de-superbacterias\/\">Pandemia pode ter ajudado no aumento de superbact\u00e9rias<\/a> apareceu primeiro em <a rel=\"nofollow\" href=\"https:\/\/olhardigital.com.br\">Olhar Digital<\/a>.<\/p>\n<p><br \/>\n<br \/><a href=\"https:\/\/olhardigital.com.br\/2021\/10\/15\/coronavirus\/pandemia-pode-ter-ajudado-no-aumento-de-superbacterias\/\">Fonte do Artigo <\/a><br \/>\nTags:<\/p>\n<p><a href=\"https:\/\/wiy.com.br\/noticias\/categoria\/tecnologia\/\">#tecnologia<\/a> <a href=\"https:\/\/wiy.com.br\/noticias\/categoria\/tecnologia\/\">#tecnologias<\/a> <a href=\"https:\/\/wiy.com.br\/noticias\/categoria\/tecnologia\/\">#technology<\/a> <a href=\"https:\/\/wiy.com.br\/noticias\/categoria\/tecnologia\/\">#tecnolog<\/a> <a href=\"https:\/\/wiy.com.br\/noticias\/categoria\/tecnologia\/\">#iphone<\/a> <a href=\"https:\/\/wiy.com.br\/noticias\/categoria\/tecnologia\/\">#informatica<\/a> <a href=\"https:\/\/wiy.com.br\/noticias\/categoria\/tecnologia\/\">#tech<\/a> <a href=\"https:\/\/wiy.com.br\/noticias\/categoria\/tecnologia\/\">#design<\/a> <a href=\"https:\/\/wiy.com.br\/noticias\/categoria\/tecnologia\/\">#samsung<\/a> <a href=\"https:\/\/wiy.com.br\/noticias\/categoria\/tecnologia\/\">#internet<\/a> <a href=\"https:\/\/wiy.com.br\/noticias\/categoria\/tecnologia\/\">#apple<\/a> <a href=\"https:\/\/wiy.com.br\/noticias\/categoria\/tecnologia\/\">#smartphone<\/a> <a href=\"https:\/\/wiy.com.br\/noticias\/categoria\/tecnologia\/\">#seguranca<\/a> <a href=\"https:\/\/wiy.com.br\/noticias\/categoria\/tecnologia\/\">#venezuela<\/a> <a href=\"https:\/\/wiy.com.br\/noticias\/categoria\/tecnologia\/\">#celular<\/a> <a href=\"https:\/\/wiy.com.br\/noticias\/categoria\/tecnologia\/\">#celulares<\/a> <a href=\"https:\/\/wiy.com.br\/noticias\/categoria\/tecnologia\/\">#inovar<\/a> <a href=\"https:\/\/wiy.com.br\/noticias\/categoria\/tecnologia\/\">#qualidade<\/a> <a href=\"https:\/\/wiy.com.br\/noticias\/categoria\/tecnologia\/\">#software<\/a> <a href=\"https:\/\/wiy.com.br\/noticias\/categoria\/tecnologia\/\">#empresas<\/a> <a href=\"https:\/\/wiy.com.br\/noticias\/categoria\/tecnologia\/\">#cursos<\/a> <a href=\"https:\/\/wiy.com.br\/noticias\/categoria\/tecnologia\/\">#engenharia<\/a> <a href=\"https:\/\/wiy.com.br\/noticias\/categoria\/tecnologia\/\">#industria<\/a> <a href=\"https:\/\/wiy.com.br\/noticias\/categoria\/tecnologia\/\">#marketing<\/a> <a href=\"https:\/\/wiy.com.br\/noticias\/categoria\/tecnologia\/\">#ti<\/a> <a href=\"https:\/\/wiy.com.br\/noticias\/categoria\/tecnologia\/\">#tecnoblog<\/a> <a href=\"https:\/\/wiy.com.br\/noticias\/categoria\/tecnologia\/\">#veja<\/a> <a href=\"https:\/\/wiy.com.br\/noticias\/categoria\/tecnologia\/\">#olhardigital<\/a> <a href=\"https:\/\/wiy.com.br\/noticias\/categoria\/tecnologia\/\">#mundodigital<\/a> <a href=\"https:\/\/wiy.com.br\/noticias\/categoria\/tecnologia\/\">#inteligenciaartificial<\/a> <a href=\"https:\/\/wiy.com.br\/criacao-de-sites\/\">#criar site<\/a> <a href=\"https:\/\/wiy.com.br\/criacao-de-sites\/\">#criar site curitiba<\/a> <a href=\"https:\/\/wiy.com.br\/criacao-de-sites\/\">#wiysolutions<\/a><\/p>\n","protected":false},"excerpt":{"rendered":"<p>Os efeitos da pandemia da Covid-19 podem ir al\u00e9m das consequ\u00eancias do v\u00edrus. O uso de antibi\u00f3ticos de forma indiscriminada, em uma tentativa falsa de evitar a infec\u00e7\u00e3o pelo pat\u00f3geno, pode contribuir com o surgimento de superbact\u00e9rias, resistentes a esses medicamentos. Um dos exemplos \u00e9 a azitromicina, antibi\u00f3tico presente no chamado &#8220;kit Covid&#8220;, um conjunto [&hellip;]<\/p>\n","protected":false},"author":1,"featured_media":70471,"comment_status":"open","ping_status":"open","sticky":false,"template":"","format":"standard","meta":{"footnotes":""},"categories":[5],"tags":[],"class_list":["post-70470","post","type-post","status-publish","format-standard","has-post-thumbnail","hentry","category-tecnologia"],"_links":{"self":[{"href":"https:\/\/wiy.com.br\/noticias\/wp-json\/wp\/v2\/posts\/70470","targetHints":{"allow":["GET"]}}],"collection":[{"href":"https:\/\/wiy.com.br\/noticias\/wp-json\/wp\/v2\/posts"}],"about":[{"href":"https:\/\/wiy.com.br\/noticias\/wp-json\/wp\/v2\/types\/post"}],"author":[{"embeddable":true,"href":"https:\/\/wiy.com.br\/noticias\/wp-json\/wp\/v2\/users\/1"}],"replies":[{"embeddable":true,"href":"https:\/\/wiy.com.br\/noticias\/wp-json\/wp\/v2\/comments?post=70470"}],"version-history":[{"count":0,"href":"https:\/\/wiy.com.br\/noticias\/wp-json\/wp\/v2\/posts\/70470\/revisions"}],"wp:featuredmedia":[{"embeddable":true,"href":"https:\/\/wiy.com.br\/noticias\/wp-json\/wp\/v2\/media\/70471"}],"wp:attachment":[{"href":"https:\/\/wiy.com.br\/noticias\/wp-json\/wp\/v2\/media?parent=70470"}],"wp:term":[{"taxonomy":"category","embeddable":true,"href":"https:\/\/wiy.com.br\/noticias\/wp-json\/wp\/v2\/categories?post=70470"},{"taxonomy":"post_tag","embeddable":true,"href":"https:\/\/wiy.com.br\/noticias\/wp-json\/wp\/v2\/tags?post=70470"}],"curies":[{"name":"wp","href":"https:\/\/api.w.org\/{rel}","templated":true}]}}