{"id":70186,"date":"2023-02-26T15:31:08","date_gmt":"2023-02-26T18:31:08","guid":{"rendered":"https:\/\/wiy.com.br\/noticias\/estudante-aparece-com-foto-de-suastica-em-aula-do-mackenzie\/"},"modified":"2021-09-16T22:05:06","modified_gmt":"2021-09-17T01:05:06","slug":"estudante-aparece-com-foto-de-suastica-em-aula-do-mackenzie","status":"publish","type":"post","link":"https:\/\/wiy.com.br\/noticias\/estudante-aparece-com-foto-de-suastica-em-aula-do-mackenzie\/","title":{"rendered":"Estudante aparece com foto de su\u00e1stica em aula do Mackenzie"},"content":{"rendered":"<p> <br \/>\n<\/p>\n<p>Um <strong>aluno<\/strong> da <strong>gradua\u00e7\u00e3o<\/strong> de direito da <strong>Universidade Presbiteriana Mackenzie<\/strong> compareceu a uma aula online utilizando na foto de perfil a imagem de uma <strong>su\u00e1stica<\/strong> <strong>nazista<\/strong> formada por seringas. O caso ocorreu na quarta-feira (15).<\/p>\n<p>Durante a disciplina laborat\u00f3rio de direito p\u00fablico, o estudante, que entrou na sala apenas com o nome &#8220;Rafael&#8221;, disse &#8220;Boa noite, desculpe o atraso&#8221;, ap\u00f3s o professor H\u00e9lcio de Abreu cumprimentar os alunos. Questionado pelo professor e pelos colegas de sala pelo uso da su\u00e1stica nazista, o estudante disse que usava a imagem como forma de &#8220;protesto contra a vacina\u00e7\u00e3o obrigat\u00f3ria de servidores p\u00fablicos&#8221;.<\/p>\n<blockquote class=\"twitter-tweet\" data-width=\"500\" data-dnt=\"true\">\n<p lang=\"pt\" dir=\"ltr\">Mas \u00e9 muito sem no\u00e7\u00e3o. Um estudante, pasmem, de Direito da Universidade Mackenzie, num protesto contra vacina, reclamando por ter sido obrigado a vacinar-se, por ser Servidor P\u00fablico, ao comparecer a uma aula on-line, usou uma Su\u00e1stica como s\u00edmbolo. Tudo errado! <a href=\"https:\/\/t.co\/ayO4U4Hdif\">pic.twitter.com\/ayO4U4Hdif<\/a><\/p>\n<p>&mdash; Ro (@Rosanagcb) <a href=\"https:\/\/twitter.com\/Rosanagcb\/status\/1438593405572030471?ref_src=twsrc%5Etfw\">September 16, 2021<\/a><\/p>\n<\/blockquote>\n<p>Segundo Rafael, ele estaria sendo v\u00edtima de nazismo. &#8220;O s\u00edmbolo da su\u00e1stica n\u00e3o \u00e9 um s\u00edmbolo aceit\u00e1vel. Ent\u00e3o, seria melhor voc\u00ea alterar isso a\u00ed&#8221;, disse o professor, para o aluno.<\/p>\n<p>Os outros estudantes tiraram prints da situa\u00e7\u00e3o e o caso acabou nas redes sociais. Procurado, o Mackenzie afirmou que &#8220;repudia fortemente toda atitude de discrimina\u00e7\u00e3o, bem como n\u00e3o tolera protestos que ofendam pessoas ou grupos sociais, sob qualquer circunst\u00e2ncias&#8221;.<\/p>\n<p>A universidade disse ainda que abriu um processo disciplinar de apura\u00e7\u00e3o para o caso. &#8220;A partir dos resultados da averigua\u00e7\u00e3o, decidiremos as atitudes cab\u00edveis&#8221;, diz a nota da institui\u00e7\u00e3o.<\/p>\n<div id=\"relacionadas\" class=\"block related-posts three_columns\">\n<ul class=\"block-menu\">\n<li data-tab=\"tab-1\" class=\"active\">Relacionadas<\/li>\n<\/ul>\n<div id=\"tab-1\" class=\"block-content active\">\n<div class=\"row\">\n<li class=\"widget-news-item without-thumb with-border\">\n<div class=\"widget-news-info\"><a href=\"http:\/\/vejasp.abril.com.br\/comida-bebida\">Comida &amp; Bebida<\/a><span class=\"widget-news-item-title\"><a href=\"https:\/\/vejasp.abril.com.br\/blog\/notas-etilicas\/bar-do-juarez\/\">Dono do Bar do Juarez foi lavador de pratos e chapeiro: conhe\u00e7a a trajet\u00f3ria do empres\u00e1rio<\/a><\/span><span class=\"widget-news-item-date\">10 set 2021 &#8211; 06h09<\/span><\/div>\n<\/li>\n<li class=\"widget-news-item without-thumb with-border\">\n<div class=\"widget-news-info\"><a href=\"http:\/\/vejasp.abril.com.br\/cidades\">Cidades<\/a><span class=\"widget-news-item-title\"><a href=\"https:\/\/vejasp.abril.com.br\/cidades\/procon-sp-limite-500-reais-pix-banco-central\/\">Procon-SP pede valor limite de 500 reais para movimenta\u00e7\u00f5es no Pix<\/a><\/span><span class=\"widget-news-item-date\">16 set 2021 &#8211; 16h09<\/span><\/div>\n<\/li>\n<li class=\"widget-news-item without-thumb with-border\">\n<div class=\"widget-news-info\"><a href=\"http:\/\/vejasp.abril.com.br\/saude\">Sa\u00fade<\/a><span class=\"widget-news-item-title\"><a href=\"https:\/\/vejasp.abril.com.br\/saude\/capital-decide-manter-vacinacao-em-adolescentes-sem-comorbidades\/\">Capital decide manter vacina\u00e7\u00e3o em adolescentes sem comorbidades<\/a><\/span><span class=\"widget-news-item-date\">16 set 2021 &#8211; 13h09<\/span><\/div>\n<\/li>\n<\/div>\n<\/div>\n<\/div>\n<p>&nbsp;<\/p>\n<p><script async src=\"http:\/\/platform.twitter.com\/widgets.js\" charset=\"utf-8\"><\/script><br \/>\n<br \/><br \/>\n<br \/><a href=\"https:\/\/vejasp.abril.com.br\/cidades\/aluno-direito-mackenzie-suastica-nazista-nazismo\/\">Fonte do Artigo <\/a><br \/>\nTags:<br \/>\n#loterias #loteriascaixa #megasena #resultadoapostas#noticias #noticiario  #noticia #brasil #noticiascolombia #mundo #esporte #colombia #noticiadeld #ltimasnoticias  #noticiario #noticiasregionales #noticiasdepartamentales #noticiashoy #esportes #noticiaahora #elinformantenoticias #noticiasdeboyac  #esporteinterativo #esportivo #diariodosesportes  #noticiero  #jogodefutebol #jogos #loto #apostas<\/p>\n","protected":false},"excerpt":{"rendered":"<p>Um aluno da gradua\u00e7\u00e3o de direito da Universidade Presbiteriana Mackenzie compareceu a uma aula online utilizando na foto de perfil a imagem de uma su\u00e1stica nazista formada por seringas. O caso ocorreu na quarta-feira (15). Durante a disciplina laborat\u00f3rio de direito p\u00fablico, o estudante, que entrou na sala apenas com o nome &#8220;Rafael&#8221;, disse &#8220;Boa [&hellip;]<\/p>\n","protected":false},"author":1,"featured_media":70187,"comment_status":"open","ping_status":"open","sticky":false,"template":"","format":"standard","meta":{"footnotes":""},"categories":[1],"tags":[],"class_list":["post-70186","post","type-post","status-publish","format-standard","has-post-thumbnail","hentry","category-curso-de-copy"],"_links":{"self":[{"href":"https:\/\/wiy.com.br\/noticias\/wp-json\/wp\/v2\/posts\/70186","targetHints":{"allow":["GET"]}}],"collection":[{"href":"https:\/\/wiy.com.br\/noticias\/wp-json\/wp\/v2\/posts"}],"about":[{"href":"https:\/\/wiy.com.br\/noticias\/wp-json\/wp\/v2\/types\/post"}],"author":[{"embeddable":true,"href":"https:\/\/wiy.com.br\/noticias\/wp-json\/wp\/v2\/users\/1"}],"replies":[{"embeddable":true,"href":"https:\/\/wiy.com.br\/noticias\/wp-json\/wp\/v2\/comments?post=70186"}],"version-history":[{"count":0,"href":"https:\/\/wiy.com.br\/noticias\/wp-json\/wp\/v2\/posts\/70186\/revisions"}],"wp:featuredmedia":[{"embeddable":true,"href":"https:\/\/wiy.com.br\/noticias\/wp-json\/wp\/v2\/media\/70187"}],"wp:attachment":[{"href":"https:\/\/wiy.com.br\/noticias\/wp-json\/wp\/v2\/media?parent=70186"}],"wp:term":[{"taxonomy":"category","embeddable":true,"href":"https:\/\/wiy.com.br\/noticias\/wp-json\/wp\/v2\/categories?post=70186"},{"taxonomy":"post_tag","embeddable":true,"href":"https:\/\/wiy.com.br\/noticias\/wp-json\/wp\/v2\/tags?post=70186"}],"curies":[{"name":"wp","href":"https:\/\/api.w.org\/{rel}","templated":true}]}}