{"id":70116,"date":"2023-02-26T14:55:22","date_gmt":"2023-02-26T17:55:22","guid":{"rendered":"https:\/\/wiy.com.br\/noticias\/livro-de-fotografo-reune-skatistas-em-paredes-descascadas-calcadas-e-estreitas-da-periferia\/"},"modified":"2021-09-11T08:05:07","modified_gmt":"2021-09-11T11:05:07","slug":"livro-de-fotografo-reune-skatistas-em-paredes-descascadas-calcadas-e-estreitas-da-periferia","status":"publish","type":"post","link":"https:\/\/wiy.com.br\/noticias\/livro-de-fotografo-reune-skatistas-em-paredes-descascadas-calcadas-e-estreitas-da-periferia\/","title":{"rendered":"Livro de fot\u00f3grafo re\u00fane skatistas em paredes descascadas cal\u00e7adas e estreitas da periferia"},"content":{"rendered":"<p> <br \/>\n<\/p>\n<p>Foi l\u00e1 do <strong>Jardim das Vertentes<\/strong>, na beira da Rodovia Raposo Tavares, que <strong>Renato Cust\u00f3dio<\/strong>, hoje com 40 anos, subiu pela primeira vez em um tubar\u00e3o e surfou pelo cimento rachado das cal\u00e7adas da Zona Oeste. N\u00e3o era sobre o mar azul, mas no cinza, com um <strong>skate<\/strong> de shape de bico pontiagudo, dos prim\u00f3rdios do esporte nos anos 80. O fot\u00f3grafo foi operador de m\u00e1quina de xerox, atendente de telemarketing e programador de software at\u00e9 se matricular em r\u00e1dio e TV na <strong>Anhembi Morumbi<\/strong>, nos anos 2000. Neste m\u00eas, lan\u00e7a o livro <em>Jardim<\/em>, que re\u00fane 92 p\u00e1ginas de <strong>fotografias<\/strong> com doze <strong>skatistas<\/strong> que toparam explorar a periferia em busca de obst\u00e1culos urbanos para a manobra perfeita: os chamados picos.<\/p>\n<p>A obra mescla imagens captadas ao longo de tr\u00eas anos, com registros das cal\u00e7adas estreitas, paredes descascadas, fios, postes e ruas carentes de \u00e1rvores, mas curiosamente lar de bairros que come\u00e7am com a palavra \u201cjardim\u201d. \u201cO skate est\u00e1 em uma constante busca pelo n\u00e3o explorado. Tanto a manobra que nunca foi dada em lugares cl\u00e1ssicos quanto a manobra cl\u00e1ssica que nunca foi executada em um lugar in\u00e9dito\u201d, explica Renato, que trabalhou em revistas especializadas no esporte e \u00e9 representado pela <strong>Galeria Aura<\/strong>, localizada em Santa Cec\u00edlia.<\/p>\n<p><b>+<\/b><a href=\"https:\/\/abr.ai\/assine-vejasp\"><b>Assine a Vejinha a partir de 8,90<\/b><\/a><b>.<\/b><\/p>\n<p>Jardim Peri Peri, das Vertentes (onde o artista cresceu e mora) e Santos Dumont, na Zona Oeste, Jardim Elizabeth, na Zona Leste, Monte Alegre, na Zona Sul, Jardim Primavera, na Zona Norte, s\u00e3o algumas das regi\u00f5es escolhidas para as fotografias, al\u00e9m de um clique em Itapecerica da Serra. S\u00e3o cerca de vinte bairros. Renato e os skatistas partiam pela rua em busca do pico perfeito para a execu\u00e7\u00e3o de uma manobra ou, por vezes, o fot\u00f3grafo e o atleta se lembravam de um passeio, um meio-fio, uma mureta, que atendiam ao conceito.<\/p>\n<section class=\"type:slideshow\">\n<figure><img title = \"[Tags]\"decoding=\"async\" src=\"https:\/\/vejasp.abril.com.br\/wp-content\/uploads\/2021\/09\/manobra-skate-jardim-peri-peri-livro-fotografico-bairros-perifericos-skatistas-manobras.jpg?quality=70&#038;strip=info&#038;w=841\"alt = \"manobra-skate-jardim-peri-peri-livro-fotografico-bairros-perifericos-skatistas-manobras Livro de fot\u00f3grafo re\u00fane skatistas em paredes descascadas cal\u00e7adas e estreitas da periferia\"><figcaption>&lt;p&gt;foto em preto e branco de Felipe Oliveira andando com seu skate em uma parede durante manobra em rua do jardim peri peri&lt;\/p&gt; <em>Renato Cust\u00f3dioDivulga\u00e7\u00e3o<\/em><\/figcaption><\/figure>\n<figure><img title = \"[Tags]\"decoding=\"async\" src=\"https:\/\/vejasp.abril.com.br\/wp-content\/uploads\/2021\/09\/manobra-skate-jardim-virginia-livro-fotografico-bairros-perifericos-skatistas-manobras.jpg?quality=70&#038;strip=info&#038;w=841\"alt = \"manobra-skate-jardim-peri-peri-livro-fotografico-bairros-perifericos-skatistas-manobras Livro de fot\u00f3grafo re\u00fane skatistas em paredes descascadas cal\u00e7adas e estreitas da periferia\"><figcaption>&lt;p&gt;foto em preto e branco de Felipe Oliveira deslizando em obst\u00e1culo em ladeira de frente a um mercadinho&lt;\/p&gt; <em>Renato Cust\u00f3dioDivulga\u00e7\u00e3o<\/em><\/figcaption><\/figure>\n<figure><img title = \"[Tags]\"decoding=\"async\" src=\"https:\/\/vejasp.abril.com.br\/wp-content\/uploads\/2021\/09\/manobra-skate-jardim-primavera-livro-fotografico-bairros-perifericos-skatistas-manobras.jpg?quality=70&#038;strip=info&#038;w=841\"alt = \"manobra-skate-jardim-peri-peri-livro-fotografico-bairros-perifericos-skatistas-manobras Livro de fot\u00f3grafo re\u00fane skatistas em paredes descascadas cal\u00e7adas e estreitas da periferia\"><figcaption>&lt;p&gt;foto em preto e branco de Victor Sussekind no ar durante manobra a uma altura consider\u00e1vel do ch\u00e3o em rua residencial&lt;\/p&gt; <em>Renato Cust\u00f3dioDivulga\u00e7\u00e3o<\/em><\/figcaption><\/figure>\n<figure><img title = \"[Tags]\"decoding=\"async\" src=\"https:\/\/vejasp.abril.com.br\/wp-content\/uploads\/2021\/09\/manobra-skate-rolinopolis-butanta-livro-fotografico-bairros-perifericos-skatistas-manobras.jpg?quality=70&#038;strip=info&#038;w=841\"alt = \"manobra-skate-jardim-peri-peri-livro-fotografico-bairros-perifericos-skatistas-manobras Livro de fot\u00f3grafo re\u00fane skatistas em paredes descascadas cal\u00e7adas e estreitas da periferia\"><figcaption>&lt;p&gt;foto em preto e branco dividida em tr\u00eas. \u00e0 esquerda, dois detalhes do entulho, e \u00e0 direita, skatista fazendo manobra naquele local&lt;\/p&gt; <em>Renato Cust\u00f3dioDivulga\u00e7\u00e3o<\/em><\/figcaption><\/figure>\n<figure><img title = \"[Tags]\"decoding=\"async\" src=\"https:\/\/vejasp.abril.com.br\/wp-content\/uploads\/2021\/09\/manobra-skate-jardim-da-saude-livro-fotografico-bairros-perifericos-skatistas-manobras.jpg?quality=70&#038;strip=info&#038;w=841\"alt = \"manobra-skate-jardim-peri-peri-livro-fotografico-bairros-perifericos-skatistas-manobras Livro de fot\u00f3grafo re\u00fane skatistas em paredes descascadas cal\u00e7adas e estreitas da periferia\"><figcaption>&lt;p&gt;imagem de duas fotos em preto e branco: \u00e0 esquerda, Henrique Crobelatti andando com seu skate em cruzamento e \u00e0 direita foto de detalhe de parede, com furos possivelmente de bala&lt;\/p&gt; <em>Renato Cust\u00f3dioDivulga\u00e7\u00e3o<\/em><\/figcaption><\/figure>\n<\/section>\n<p>A obra foi lan\u00e7ada com 250 c\u00f3pias pela <strong>Club Del Prado<\/strong>, editora de Buenos Aires, Argentina, e custa 120 reais. \u201cOnde eu moro \u00e9 uma parte da cidade que \u00e9 vazia de pedestres. <em>(A obra)<\/em> \u00e9 um registro de como est\u00e1 organizada a <strong>periferia<\/strong>, os bairros jardim\u201d, explica. Cal\u00e7adas largas, bancos, canteiros e corrim\u00f5es ficam em falta nas margens da cidade: s\u00e3o justamente nesses equipamentos urbanos que o skate de rua se prolifera. A pobreza urban\u00edstica afeta a qualidade de vida de quem ali mora e \u00e9 um entrave para o esporte que segue se popularizando. \u201cA fotografia de skate est\u00e1 normalmente no centro urbano\u201d, diz o fot\u00f3grafo.<\/p>\n<p><b>+<\/b><a href=\"https:\/\/abr.ai\/assine-vejasp\"><b>Assine a Vejinha a partir de 8,90<\/b><\/a><b>.<\/b><\/p>\n<p>O livro pode ser adquirido diretamente com Renato pelo <strong>Instagram<\/strong>: <a href=\"https:\/\/www.instagram.com\/renatocustodio\/?hl=pt-br\">@renatocustodio<\/a>. <strong>Felipe Oliveira<\/strong>, <strong>Fabio Cristiano<\/strong>, <strong>Marcos Azeitona<\/strong>, <strong>Henrique Crobelatti<\/strong>, <strong>Peter Volpi<\/strong>, <strong>F\u00e1bio Ayrosa<\/strong>, <strong>Alexandre Cotinz<\/strong>, <strong>Akira Shiroma<\/strong>, <strong>Fernando Denti<\/strong>, <strong>Victor Sussekind<\/strong>, <strong>Ligiane Xushine<\/strong> e <strong>Felipe Nery<\/strong> s\u00e3o os skatistas que protagonizam a obra.<\/p>\n<figure><img title = \"[Tags]\"alt = \"manobra-skate-jardim-peri-peri-livro-fotografico-bairros-perifericos-skatistas-manobras Livro de fot\u00f3grafo re\u00fane skatistas em paredes descascadas cal\u00e7adas e estreitas da periferia\"decoding=\"async\" src=\"https:\/\/vejasp.abril.com.br\/wp-content\/uploads\/2021\/09\/Autorretrato-Renato-Custodio-livro-fotografico-bairros-perifericos-skatistas-manobras.jpg\" \/><figcaption>O fot\u00f3grafo Renato Cust\u00f3dio: di\u00e1logo do skate com a periferia em seu novo livro &#8220;Jardim&#8221;<span class=\"copyright\">Renato Cust\u00f3dio\/Divulga\u00e7\u00e3o<\/span><\/figcaption><\/figure>\n<p><b>+<\/b><a href=\"https:\/\/abr.ai\/assine-vejasp\"><b>Assine a Vejinha a partir de 8,90<\/b><\/a><b>.<\/b><\/p>\n<\/p>\n<p><b>Publicado em VEJA S\u00e3o Paulo de 15 de setembro de 2021, edi\u00e7\u00e3o n\u00ba 2755<\/b><\/p>\n<p><script async defer src=\"http:\/\/platform.instagram.com\/en_US\/embeds.js\"><\/script><br \/>\n<br \/><br \/>\n<br \/><a href=\"https:\/\/vejasp.abril.com.br\/cidades\/livro-fotografico-registra-skatistas-e-realidade-em-bairros-perifericos\/\">Fonte do Artigo <\/a><br \/>\nTags:<br \/>\n#loterias #loteriascaixa #megasena #resultadoapostas#noticias #noticiario  #noticia #brasil #noticiascolombia #mundo #esporte #colombia #noticiadeld #ltimasnoticias  #noticiario #noticiasregionales #noticiasdepartamentales #noticiashoy #esportes #noticiaahora #elinformantenoticias #noticiasdeboyac  #esporteinterativo #esportivo #diariodosesportes  #noticiero  #jogodefutebol #jogos #loto #apostas<\/p>\n","protected":false},"excerpt":{"rendered":"<p>Foi l\u00e1 do Jardim das Vertentes, na beira da Rodovia Raposo Tavares, que Renato Cust\u00f3dio, hoje com 40 anos, subiu pela primeira vez em um tubar\u00e3o e surfou pelo cimento rachado das cal\u00e7adas da Zona Oeste. N\u00e3o era sobre o mar azul, mas no cinza, com um skate de shape de bico pontiagudo, dos prim\u00f3rdios [&hellip;]<\/p>\n","protected":false},"author":1,"featured_media":70117,"comment_status":"open","ping_status":"open","sticky":false,"template":"","format":"standard","meta":{"footnotes":""},"categories":[1],"tags":[],"class_list":["post-70116","post","type-post","status-publish","format-standard","has-post-thumbnail","hentry","category-curso-de-copy"],"_links":{"self":[{"href":"https:\/\/wiy.com.br\/noticias\/wp-json\/wp\/v2\/posts\/70116","targetHints":{"allow":["GET"]}}],"collection":[{"href":"https:\/\/wiy.com.br\/noticias\/wp-json\/wp\/v2\/posts"}],"about":[{"href":"https:\/\/wiy.com.br\/noticias\/wp-json\/wp\/v2\/types\/post"}],"author":[{"embeddable":true,"href":"https:\/\/wiy.com.br\/noticias\/wp-json\/wp\/v2\/users\/1"}],"replies":[{"embeddable":true,"href":"https:\/\/wiy.com.br\/noticias\/wp-json\/wp\/v2\/comments?post=70116"}],"version-history":[{"count":0,"href":"https:\/\/wiy.com.br\/noticias\/wp-json\/wp\/v2\/posts\/70116\/revisions"}],"wp:featuredmedia":[{"embeddable":true,"href":"https:\/\/wiy.com.br\/noticias\/wp-json\/wp\/v2\/media\/70117"}],"wp:attachment":[{"href":"https:\/\/wiy.com.br\/noticias\/wp-json\/wp\/v2\/media?parent=70116"}],"wp:term":[{"taxonomy":"category","embeddable":true,"href":"https:\/\/wiy.com.br\/noticias\/wp-json\/wp\/v2\/categories?post=70116"},{"taxonomy":"post_tag","embeddable":true,"href":"https:\/\/wiy.com.br\/noticias\/wp-json\/wp\/v2\/tags?post=70116"}],"curies":[{"name":"wp","href":"https:\/\/api.w.org\/{rel}","templated":true}]}}