{"id":70086,"date":"2023-02-26T15:12:33","date_gmt":"2023-02-26T18:12:33","guid":{"rendered":"https:\/\/wiy.com.br\/noticias\/governo-de-sp-distribuira-merendas-extras-para-700-mil-estudantes\/"},"modified":"2021-09-08T17:05:06","modified_gmt":"2021-09-08T20:05:06","slug":"governo-de-sp-distribuira-merendas-extras-para-700-mil-estudantes","status":"publish","type":"post","link":"https:\/\/wiy.com.br\/noticias\/governo-de-sp-distribuira-merendas-extras-para-700-mil-estudantes\/","title":{"rendered":"Governo de SP distribuir\u00e1 merendas extras para 700 mil estudantes"},"content":{"rendered":"<p> <br \/>\n<\/p>\n<p>O governo de S\u00e3o Paulo anunciou a implementa\u00e7\u00e3o de <strong>merendas<\/strong> <strong>escolares<\/strong> <strong>extras<\/strong> para cerca de 700 000 estudantes em vulnerabilidade social. O alimento ser\u00e1 distribu\u00eddo na rede estadual de ensino a partir do dia 27 de setembro. O an\u00fancio da a\u00e7\u00e3o foi feita pelo governador de S\u00e3o Paulo, <strong>Jo\u00e3o Doria<\/strong>, em coletiva de imprensa nesta quarta-feira (8).<\/p>\n<p>\u201cEsta \u00e9 mais uma medida do Governo do Estado para proteger os alunos vulner\u00e1veis da rede p\u00fablica estadual de ensino. H\u00e1 duas semanas, <a href=\"https:\/\/vejasp.abril.com.br\/cidades\/governo-sp-pagamento-1000-reais-ensino-medio\/\">anunciamos o Programa de Combate \u00e0 Evas\u00e3o Escolar, destinando R$ 1 mil para que 300 mil estudantes carentes para que continuem frequentando as aulas\u201d<\/a>, relembrou <strong>Doria<\/strong>.<\/p>\n<p>Ser\u00e3o contempladas as fam\u00edlias de baixa renda que estejam inseridas no Cadastro \u00danico do Governo Federal e tenham inscritos os filhos no sistema da Secretaria de Educa\u00e7\u00e3o. Ao todo, ser\u00e3o investidos R$ 424 milh\u00f5es na medida. A partir da pr\u00f3xima quinta-feira (9), alunos interessados em serem benefici\u00e1rios com as merendas extras podem manisfestar interesse no site da Secretaria Escolar Digital: <a href=\"https:\/\/sed.educacao.sp.gov.br\/saiba-como-acessar\">https:\/\/sed.educacao.sp.gov.br\/saiba-como-acessar<\/a>.<\/p>\n<p>A distribui\u00e7\u00e3o das refei\u00e7\u00f5es extras acontecer\u00e1 da seguinte maneira:<\/p>\n<p>\u2022 Estudantes do per\u00edodo diurno nas escolas regulares ter\u00e3o direito a duas refei\u00e7\u00f5es diariamente: uma na escola e a outra que poder\u00e1 ser levada para casa;<br \/>\n\u2022 Estudantes do per\u00edodo noturno nas escolas regulares al\u00e9m da merenda servida na escola, ser\u00e1 fornecido kit alimenta\u00e7\u00e3o;<br \/>\n\u2022 Estudantes em escolas de ensino integral em adi\u00e7\u00e3o \u00e0 refei\u00e7\u00e3o di\u00e1ria, os dois lanches j\u00e1 servidos ganhar\u00e3o refor\u00e7o.<\/p>\n<p><b>+<\/b><a href=\"https:\/\/abr.ai\/assine-vejasp\"><b>Assine a Vejinha a partir de 8,90<\/b><\/a><b>.<\/b><\/p>\n<\/p>\n<div id=\"relacionadas\" class=\"block related-posts three_columns\">\n<ul class=\"block-menu\">\n<li data-tab=\"tab-1\" class=\"active\">Relacionadas<\/li>\n<\/ul>\n<div id=\"tab-1\" class=\"block-content active\">\n<div class=\"row\">\n<li class=\"widget-news-item without-thumb with-border\">\n<div class=\"widget-news-info\"><a href=\"http:\/\/vejasp.abril.com.br\/cidades\">Cidades<\/a><span class=\"widget-news-item-title\"><a href=\"https:\/\/vejasp.abril.com.br\/cidades\/capa-reforma-boulevard-bras-rua-tiers\/\">Regi\u00e3o do Br\u00e1s ter\u00e1 cal\u00e7ad\u00e3o, rua coberta e fios enterrados em reforma de 15 milh\u00f5es de reais<\/a><\/span><span class=\"widget-news-item-date\">3 set 2021 &#8211; 06h09<\/span><\/div>\n<\/li>\n<li class=\"widget-news-item without-thumb with-border\">\n<div class=\"widget-news-info\"><a href=\"http:\/\/vejasp.abril.com.br\/saude\">Sa\u00fade<\/a><span class=\"widget-news-item-title\"><a href=\"https:\/\/vejasp.abril.com.br\/saude\/lotes-suspensos-butantan-anvisa-dimas-covas-joao-doria\/\">Lotes suspensos da CoronaVac: diretor do Butantan explica o caso<\/a><\/span><span class=\"widget-news-item-date\">8 set 2021 &#8211; 13h09<\/span><\/div>\n<\/li>\n<li class=\"widget-news-item without-thumb with-border\">\n<div class=\"widget-news-info\"><a href=\"http:\/\/vejasp.abril.com.br\/cidades\">Cidades<\/a><span class=\"widget-news-item-title\"><a href=\"https:\/\/vejasp.abril.com.br\/cidades\/protestos-7-setembro-bolsonaro-paulista-anhangabau\/\">Protestos do dia 7 de setembro reuniram 140 mil pessoas na capital<\/a><\/span><span class=\"widget-news-item-date\">8 set 2021 &#8211; 12h09<\/span><\/div>\n<\/li>\n<\/div>\n<\/div>\n<\/div>\n<p>&nbsp;<\/p>\n<p><br \/>\n<br \/><a href=\"https:\/\/vejasp.abril.com.br\/cidades\/governo-sp-merendas-700-mil-estudantes\/\">Fonte do Artigo <\/a><br \/>\nTags:<br \/>\n#loterias #loteriascaixa #megasena #resultadoapostas#noticias #noticiario  #noticia #brasil #noticiascolombia #mundo #esporte #colombia #noticiadeld #ltimasnoticias  #noticiario #noticiasregionales #noticiasdepartamentales #noticiashoy #esportes #noticiaahora #elinformantenoticias #noticiasdeboyac  #esporteinterativo #esportivo #diariodosesportes  #noticiero  #jogodefutebol #jogos #loto #apostas<\/p>\n","protected":false},"excerpt":{"rendered":"<p>O governo de S\u00e3o Paulo anunciou a implementa\u00e7\u00e3o de merendas escolares extras para cerca de 700 000 estudantes em vulnerabilidade social. O alimento ser\u00e1 distribu\u00eddo na rede estadual de ensino a partir do dia 27 de setembro. O an\u00fancio da a\u00e7\u00e3o foi feita pelo governador de S\u00e3o Paulo, Jo\u00e3o Doria, em coletiva de imprensa nesta [&hellip;]<\/p>\n","protected":false},"author":1,"featured_media":56367,"comment_status":"open","ping_status":"open","sticky":false,"template":"","format":"standard","meta":{"footnotes":""},"categories":[1],"tags":[],"class_list":["post-70086","post","type-post","status-publish","format-standard","has-post-thumbnail","hentry","category-curso-de-copy"],"_links":{"self":[{"href":"https:\/\/wiy.com.br\/noticias\/wp-json\/wp\/v2\/posts\/70086","targetHints":{"allow":["GET"]}}],"collection":[{"href":"https:\/\/wiy.com.br\/noticias\/wp-json\/wp\/v2\/posts"}],"about":[{"href":"https:\/\/wiy.com.br\/noticias\/wp-json\/wp\/v2\/types\/post"}],"author":[{"embeddable":true,"href":"https:\/\/wiy.com.br\/noticias\/wp-json\/wp\/v2\/users\/1"}],"replies":[{"embeddable":true,"href":"https:\/\/wiy.com.br\/noticias\/wp-json\/wp\/v2\/comments?post=70086"}],"version-history":[{"count":0,"href":"https:\/\/wiy.com.br\/noticias\/wp-json\/wp\/v2\/posts\/70086\/revisions"}],"wp:featuredmedia":[{"embeddable":true,"href":"https:\/\/wiy.com.br\/noticias\/wp-json\/wp\/v2\/media\/56367"}],"wp:attachment":[{"href":"https:\/\/wiy.com.br\/noticias\/wp-json\/wp\/v2\/media?parent=70086"}],"wp:term":[{"taxonomy":"category","embeddable":true,"href":"https:\/\/wiy.com.br\/noticias\/wp-json\/wp\/v2\/categories?post=70086"},{"taxonomy":"post_tag","embeddable":true,"href":"https:\/\/wiy.com.br\/noticias\/wp-json\/wp\/v2\/tags?post=70086"}],"curies":[{"name":"wp","href":"https:\/\/api.w.org\/{rel}","templated":true}]}}