{"id":70052,"date":"2023-02-26T14:53:04","date_gmt":"2023-02-26T17:53:04","guid":{"rendered":"https:\/\/wiy.com.br\/noticias\/irmao-de-cid-moreira-e-voz-da-zebra-esportiva-do-fantastico-morre-aos-89-anos\/"},"modified":"2021-09-06T02:05:06","modified_gmt":"2021-09-06T05:05:06","slug":"irmao-de-cid-moreira-e-voz-da-zebra-esportiva-do-fantastico-morre-aos-89-anos","status":"publish","type":"post","link":"https:\/\/wiy.com.br\/noticias\/irmao-de-cid-moreira-e-voz-da-zebra-esportiva-do-fantastico-morre-aos-89-anos\/","title":{"rendered":"Irm\u00e3o de Cid Moreira e voz da zebra esportiva do Fant\u00e1stico morre aos 89 anos"},"content":{"rendered":"<p> <br \/>\n<\/p>\n<p>Morreu na noite de quinta-feira (9), na cidade de Petr\u00f3polis, Regi\u00e3o Serrana do Rio, o locutor <strong>C\u00e9lio Moreira<\/strong>, irm\u00e3o ca\u00e7ula do <a href=\"https:\/\/vejasp.abril.com.br\/cultura-lazer\/quanto-custa-comercial-globo\/\" target=\"_blank\" rel=\"noopener noreferrer\">ex-apresentador do Jornal Nacional<\/a> <a href=\"https:\/\/vejasp.abril.com.br\/cidades\/esses-caras-estao-nos-enlouquecendo-diz-cid-moreira-sobre-os-filhos\/\" target=\"_blank\" rel=\"noopener noreferrer\"><strong>Cid Moreira<\/strong><\/a> e voz da zebrinha do <strong>Fant\u00e1stico<\/strong>, da Globo, na d\u00e9cada de 1980. Ele tinha 89 anos e se recuperava de uma cirurgia para tratar um c\u00e2ncer no intestino.<\/p>\n<p>O locutor emprestou a voz para a zebrinha no Fant\u00e1stico, personagem em desenho que dava os resultados da <strong>loteria esportiva<\/strong> no programa da <strong>Globo<\/strong>. Ele trabalhou na rede Globo por mais de 20 anos. Outro trabalho marcante foi como o \u201csombra\u201d, locutor misterioso do Jornal de Vanguarda (1966), que dava not\u00edcias mostrando apenas a sua silhueta.<\/p>\n<p>&#8220;Perdi uma parte de mim. Meu irm\u00e3o foi meu melhor amigo, parceiro de bons momentos. C\u00e9lio cumpriu seu papel aqui na Terra. Foi um grande ser humano. Profissional talentoso, brilhou em importantes canais de comunica\u00e7\u00e3o. V\u00e1 com Deus, meu irm\u00e3o, um dia nos encontraremos novamente&#8221;, disse Cid Moreira, por meio de assessoria.<\/p>\n<p><b>+<\/b><a href=\"https:\/\/abr.ai\/assine-vejasp\"><b>Assine a Vejinha a partir de 8,90<\/b><\/a><b>.<\/b><\/p>\n<\/p>\n<div id=\"relacionadas\" class=\"block related-posts three_columns\">\n<ul class=\"block-menu\">\n<li data-tab=\"tab-1\" class=\"active\">Relacionadas<\/li>\n<\/ul>\n<div id=\"tab-1\" class=\"block-content active\">\n<div class=\"row\">\n<li class=\"widget-news-item without-thumb with-border\">\n<div class=\"widget-news-info\"><a href=\"http:\/\/vejasp.abril.com.br\/cultura-lazer\">Cultura &amp; Lazer<\/a><span class=\"widget-news-item-title\"><a href=\"https:\/\/vejasp.abril.com.br\/cultura-lazer\/capa-imperdiveis-novidades-paulistanos\/\">Imperd\u00edveis: 53 novidades para a reabertura da cidade<\/a><\/span><span class=\"widget-news-item-date\">27 ago 2021 &#8211; 06h08<\/span><\/div>\n<\/li>\n<li class=\"widget-news-item without-thumb with-border\">\n<div class=\"widget-news-info\"><a href=\"http:\/\/vejasp.abril.com.br\/consumo\">Consumo<\/a><span class=\"widget-news-item-title\"><a href=\"https:\/\/vejasp.abril.com.br\/consumo\/filial-loja-australiana-motos-surfe-skate-deusexmachina\/\">Marca australiana abre as portas na Rebou\u00e7as com mistura de surfe, skate e motos customizadas<\/a><\/span><span class=\"widget-news-item-date\">27 ago 2021 &#8211; 06h08<\/span><\/div>\n<\/li>\n<li class=\"widget-news-item without-thumb with-border\">\n<div class=\"widget-news-info\"><a href=\"http:\/\/vejasp.abril.com.br\/consumo\">Consumo<\/a><span class=\"widget-news-item-title\"><a href=\"https:\/\/vejasp.abril.com.br\/consumo\/passe-o-seu-recado-itens-sortidos-com-frases-inspiradoras\/\">Passe o seu recado: itens sortidos com frases inspiradoras<\/a><\/span><span class=\"widget-news-item-date\">27 ago 2021 &#8211; 06h08<\/span><\/div>\n<\/li>\n<\/div>\n<\/div>\n<\/div>\n<p><div class=\"embed-movie\"><\/div>\n<\/p>\n<p><br \/>\n<br \/><a href=\"https:\/\/vejasp.abril.com.br\/cidades\/irmao-de-cid-moreira-e-voz-da-zebra-esportiva-do-fantastico-morre-aos-89\/\">Fonte do Artigo <\/a><br \/>\nTags:<br \/>\n#loterias #loteriascaixa #megasena #resultadoapostas#noticias #noticiario  #noticia #brasil #noticiascolombia #mundo #esporte #colombia #noticiadeld #ltimasnoticias  #noticiario #noticiasregionales #noticiasdepartamentales #noticiashoy #esportes #noticiaahora #elinformantenoticias #noticiasdeboyac  #esporteinterativo #esportivo #diariodosesportes  #noticiero  #jogodefutebol #jogos #loto #apostas<\/p>\n","protected":false},"excerpt":{"rendered":"<p>Morreu na noite de quinta-feira (9), na cidade de Petr\u00f3polis, Regi\u00e3o Serrana do Rio, o locutor C\u00e9lio Moreira, irm\u00e3o ca\u00e7ula do ex-apresentador do Jornal Nacional Cid Moreira e voz da zebrinha do Fant\u00e1stico, da Globo, na d\u00e9cada de 1980. Ele tinha 89 anos e se recuperava de uma cirurgia para tratar um c\u00e2ncer no intestino. [&hellip;]<\/p>\n","protected":false},"author":1,"featured_media":70053,"comment_status":"open","ping_status":"open","sticky":false,"template":"","format":"standard","meta":{"footnotes":""},"categories":[1],"tags":[],"class_list":["post-70052","post","type-post","status-publish","format-standard","has-post-thumbnail","hentry","category-curso-de-copy"],"_links":{"self":[{"href":"https:\/\/wiy.com.br\/noticias\/wp-json\/wp\/v2\/posts\/70052","targetHints":{"allow":["GET"]}}],"collection":[{"href":"https:\/\/wiy.com.br\/noticias\/wp-json\/wp\/v2\/posts"}],"about":[{"href":"https:\/\/wiy.com.br\/noticias\/wp-json\/wp\/v2\/types\/post"}],"author":[{"embeddable":true,"href":"https:\/\/wiy.com.br\/noticias\/wp-json\/wp\/v2\/users\/1"}],"replies":[{"embeddable":true,"href":"https:\/\/wiy.com.br\/noticias\/wp-json\/wp\/v2\/comments?post=70052"}],"version-history":[{"count":0,"href":"https:\/\/wiy.com.br\/noticias\/wp-json\/wp\/v2\/posts\/70052\/revisions"}],"wp:featuredmedia":[{"embeddable":true,"href":"https:\/\/wiy.com.br\/noticias\/wp-json\/wp\/v2\/media\/70053"}],"wp:attachment":[{"href":"https:\/\/wiy.com.br\/noticias\/wp-json\/wp\/v2\/media?parent=70052"}],"wp:term":[{"taxonomy":"category","embeddable":true,"href":"https:\/\/wiy.com.br\/noticias\/wp-json\/wp\/v2\/categories?post=70052"},{"taxonomy":"post_tag","embeddable":true,"href":"https:\/\/wiy.com.br\/noticias\/wp-json\/wp\/v2\/tags?post=70052"}],"curies":[{"name":"wp","href":"https:\/\/api.w.org\/{rel}","templated":true}]}}