{"id":70031,"date":"2023-02-26T15:43:46","date_gmt":"2023-02-26T18:43:46","guid":{"rendered":"https:\/\/wiy.com.br\/noticias\/pedro-hellu-morre-aos-38-anos-apos-acidente-em-hipismo\/"},"modified":"2021-09-04T04:05:06","modified_gmt":"2021-09-04T07:05:06","slug":"pedro-hellu-morre-aos-38-anos-apos-acidente-em-hipismo","status":"publish","type":"post","link":"https:\/\/wiy.com.br\/noticias\/pedro-hellu-morre-aos-38-anos-apos-acidente-em-hipismo\/","title":{"rendered":"Pedro Hellu morre aos 38 anos ap\u00f3s acidente em hipismo"},"content":{"rendered":"<p> <br \/>\n<\/p>\n<p>o ex-vice-prefeito de Patroc\u00ednio Paulista, munic\u00edpio do interior de S\u00e3o Paulo, <strong>Pedro Monici Hellu<\/strong>, morreu na madrugada desta sexta-feira (3), aos 38 anos, ap\u00f3s praticar <span>hipismo em uma partida de polo em Indaiatuba (SP).<\/span><\/p>\n<p>De acordo com <span>ind\u00fastria farmac\u00eautica veterin\u00e1ria da qual Hellu era diretor executivo, a JA Sa\u00fade Animal, Pedro desmaiou quando uma a cabe\u00e7a de uma \u00e9gua o atingiu durante o jogo na \u00faltima quinta (2)<\/span><\/p>\n<p>Ele foi levado ao hospital e passou por uma cirurgia, mas chegou a \u00f3bito na madrugada de hoje (3).<\/p>\n<div class=\"mc-column content-text active-extra-styles \" data-block-type=\"unstyled\" data-block-weight=\"24\" data-block-id=\"2\">\n<p data-track-category=\"Link no Texto\" data-track-links=\"\">O corpo de Pedro er\u00e1 velado amanh\u00e3 (4) em cerim\u00f4nia aberta ao p\u00fablico no munic\u00edpio de Patroc\u00ednio Paulista. O vel\u00f3rio est\u00e1 previsto para acontecer no Sal\u00e3o Paroquial Crapa, no Centro, das 7h \u00e0s 11h, e o sepultamento ser\u00e1 no Cemit\u00e9rio Municipal, de acordo com a prefeitura.<\/p>\n<\/div>\n<div class=\"mc-column content-text active-extra-styles \" data-block-type=\"unstyled\" data-block-weight=\"31\" data-block-id=\"8\">\n<p data-track-category=\"Link no Texto\" data-track-links=\"\">A Prefeitura de Patroc\u00ednio Paulista decretou luto de tr\u00eas dias e lamentou a morte de Hellu em nota. Confira na \u00edntegra:<\/p>\n<\/div>\n<div class=\"mc-column content-text active-extra-styles \" data-block-type=\"unstyled\" data-block-weight=\"28\" data-block-id=\"9\">\n<p data-track-category=\"Link no Texto\" data-track-links=\"\"><em>&#8220;\u00c9 com grande pesar que a Prefeitura Municipal decreta Luto Oficial pelo falecimento do ex Vice-Prefeito Pedro Monici Hellu, jovem brilhante e empres\u00e1rio que amava Patroc\u00ednio Paulista.<\/em><\/p>\n<\/div>\n<div class=\"mc-column content-text active-extra-styles \" data-block-type=\"unstyled\" data-block-weight=\"34\" data-block-id=\"10\">\n<p data-track-category=\"Link no Texto\" data-track-links=\"\"><em>Pedro Hellu foi Vice-Prefeito na gest\u00e3o anterior do Prefeito Dr. Mauro (2017-2020), e atualmente Diretor Executivo da JA Sa\u00fade Animal, uma das grandes empresas que movimenta a economia do munic\u00edpio de Patroc\u00ednio Paulista. <\/em><em>Com certeza deixa um legado que ser\u00e1 sempre lembrado por todos. Que Deus conforte o cora\u00e7\u00e3o de toda \u00e0 fam\u00edlia.<\/em><\/p>\n<\/div>\n<div class=\"mc-column content-text active-extra-styles \" data-block-type=\"unstyled\" data-block-weight=\"17\" data-block-id=\"13\">\n<p data-track-category=\"Link no Texto\" data-track-links=\"\"><em>Fica decretado Luto Oficial por 03 (tr\u00eas) dias. DECRETO N\u00ba 3.479\/21, DE 03 DE SETEMBRO DE 2021.<\/em><\/p>\n<p data-track-category=\"Link no Texto\" data-track-links=\"\">\n<p data-track-category=\"Link no Texto\" data-track-links=\"\">\n<div id=\"relacionadas\" class=\"block related-posts three_columns\">\n<ul class=\"block-menu\">\n<li data-tab=\"tab-1\" class=\"active\">Relacionadas<\/li>\n<\/ul>\n<div id=\"tab-1\" class=\"block-content active\">\n<div class=\"row\">\n<li class=\"widget-news-item without-thumb with-border\">\n<div class=\"widget-news-info\"><a href=\"http:\/\/vejasp.abril.com.br\/cidades\">Cidades<\/a><span class=\"widget-news-item-title\"><a href=\"https:\/\/vejasp.abril.com.br\/cidades\/nunes-fez-o-que-a-esquerda-nao-fez-dar-a-caneta-a-uma-negra\/\">\u201cNunes fez o que a esquerda n\u00e3o fez: dar a  caneta a uma negra\u201d, diz Aline Torres<\/a><\/span><span class=\"widget-news-item-date\">3 set 2021 &#8211; 06h09<\/span><\/div>\n<\/li>\n<li class=\"widget-news-item without-thumb with-border\">\n<div class=\"widget-news-info\"><a href=\"http:\/\/vejasp.abril.com.br\/cidades\">Cidades<\/a><span class=\"widget-news-item-title\"><a href=\"https:\/\/vejasp.abril.com.br\/cidades\/mataram-meu-marido-na-minha-frente\/\">\u201cMataram meu marido na minha frente\u201d<\/a><\/span><span class=\"widget-news-item-date\">3 set 2021 &#8211; 06h09<\/span><\/div>\n<\/li>\n<li class=\"widget-news-item without-thumb with-border\">\n<div class=\"widget-news-info\"><a href=\"http:\/\/vejasp.abril.com.br\/cidades\">Cidades<\/a><span class=\"widget-news-item-title\"><a href=\"https:\/\/vejasp.abril.com.br\/cidades\/capa-reforma-boulevard-bras-rua-tiers\/\">Regi\u00e3o do Br\u00e1s ter\u00e1 cal\u00e7ad\u00e3o, rua coberta e fios enterrados em reforma de 15 milh\u00f5es de reais<\/a><\/span><span class=\"widget-news-item-date\">3 set 2021 &#8211; 06h09<\/span><\/div>\n<\/li>\n<\/div>\n<\/div>\n<\/div>\n<\/div>\n<p><br \/>\n<br \/><a href=\"https:\/\/vejasp.abril.com.br\/cidades\/pedro-hellu-morre-aos-38-anos-apos-acidente-em-hipismo\/\">Fonte do Artigo <\/a><br \/>\nTags:<br \/>\n#loterias #loteriascaixa #megasena #resultadoapostas#noticias #noticiario  #noticia #brasil #noticiascolombia #mundo #esporte #colombia #noticiadeld #ltimasnoticias  #noticiario #noticiasregionales #noticiasdepartamentales #noticiashoy #esportes #noticiaahora #elinformantenoticias #noticiasdeboyac  #esporteinterativo #esportivo #diariodosesportes  #noticiero  #jogodefutebol #jogos #loto #apostas<\/p>\n","protected":false},"excerpt":{"rendered":"<p>o ex-vice-prefeito de Patroc\u00ednio Paulista, munic\u00edpio do interior de S\u00e3o Paulo, Pedro Monici Hellu, morreu na madrugada desta sexta-feira (3), aos 38 anos, ap\u00f3s praticar hipismo em uma partida de polo em Indaiatuba (SP). De acordo com ind\u00fastria farmac\u00eautica veterin\u00e1ria da qual Hellu era diretor executivo, a JA Sa\u00fade Animal, Pedro desmaiou quando uma a [&hellip;]<\/p>\n","protected":false},"author":1,"featured_media":70032,"comment_status":"open","ping_status":"open","sticky":false,"template":"","format":"standard","meta":{"footnotes":""},"categories":[1],"tags":[],"class_list":["post-70031","post","type-post","status-publish","format-standard","has-post-thumbnail","hentry","category-curso-de-copy"],"_links":{"self":[{"href":"https:\/\/wiy.com.br\/noticias\/wp-json\/wp\/v2\/posts\/70031","targetHints":{"allow":["GET"]}}],"collection":[{"href":"https:\/\/wiy.com.br\/noticias\/wp-json\/wp\/v2\/posts"}],"about":[{"href":"https:\/\/wiy.com.br\/noticias\/wp-json\/wp\/v2\/types\/post"}],"author":[{"embeddable":true,"href":"https:\/\/wiy.com.br\/noticias\/wp-json\/wp\/v2\/users\/1"}],"replies":[{"embeddable":true,"href":"https:\/\/wiy.com.br\/noticias\/wp-json\/wp\/v2\/comments?post=70031"}],"version-history":[{"count":0,"href":"https:\/\/wiy.com.br\/noticias\/wp-json\/wp\/v2\/posts\/70031\/revisions"}],"wp:featuredmedia":[{"embeddable":true,"href":"https:\/\/wiy.com.br\/noticias\/wp-json\/wp\/v2\/media\/70032"}],"wp:attachment":[{"href":"https:\/\/wiy.com.br\/noticias\/wp-json\/wp\/v2\/media?parent=70031"}],"wp:term":[{"taxonomy":"category","embeddable":true,"href":"https:\/\/wiy.com.br\/noticias\/wp-json\/wp\/v2\/categories?post=70031"},{"taxonomy":"post_tag","embeddable":true,"href":"https:\/\/wiy.com.br\/noticias\/wp-json\/wp\/v2\/tags?post=70031"}],"curies":[{"name":"wp","href":"https:\/\/api.w.org\/{rel}","templated":true}]}}