{"id":70005,"date":"2023-02-26T15:35:01","date_gmt":"2023-02-26T18:35:01","guid":{"rendered":"https:\/\/wiy.com.br\/noticias\/motivo-da-exclusao-da-coronavac-na-3a-dose-e-politico-diz-doria\/"},"modified":"2021-09-02T03:05:06","modified_gmt":"2021-09-02T06:05:06","slug":"motivo-da-exclusao-da-coronavac-na-3a-dose-e-politico-diz-doria","status":"publish","type":"post","link":"https:\/\/wiy.com.br\/noticias\/motivo-da-exclusao-da-coronavac-na-3a-dose-e-politico-diz-doria\/","title":{"rendered":"Motivo da exclus\u00e3o da CoronaVac na 3\u00aa dose \u00e9 pol\u00edtico, diz Doria"},"content":{"rendered":"<p> <br \/>\n<\/p>\n<p>O governador <strong>Jo\u00e3o Doria<\/strong> (PSDB), manteve nesta quarta-feira (1\u00ba) a decis\u00e3o de n\u00e3o priorizar o imunizante da <strong>Pfizer<\/strong> <span>para a dose de refor\u00e7o em idosos com mais de 60 anos e imunossuprimidos acima de 18, contrariando a recomenda\u00e7\u00e3o do\u00a0<\/span>Minist\u00e9rio da Sa\u00fade.<\/p>\n<p>O <span>coordenador-executivo do Centro de Conting\u00eancia da <strong>Covid-19<\/strong> em S\u00e3o Paulo, <strong>Jo\u00e3o Gabbardo<\/strong>, tamb\u00e9m acusa o governo de <strong>Jair Bolsonaro<\/strong> de &#8220;passar a borracha na <strong>CoronaVac<\/strong>. &#8220;A reda\u00e7\u00e3o da nota sobre a dose de refor\u00e7o \u00e9 pol\u00edtica, n\u00e3o t\u00e9cnica&#8221;, afirmou Gabbardo, que foi secret\u00e1rio-executivo do Minist\u00e9rio da Sa\u00fade na gest\u00e3o de <strong>Luiz Henrique Mandetta<\/strong>.<\/span><\/p>\n<p>A CoronaVac foi trazido ao pa\u00eds por Doria, que demonstra interesse em concorrer \u00e0 presid\u00eancia em 2022 e atualmente \u00e9 desafeto de Bolsonaro.<\/p>\n<p><span><a href=\"https:\/\/vejasp.abril.com.br\/saude\/calendario-terceira-dose-coronavirus-covid-19\/\">A aplica\u00e7\u00e3o da terceira dose ser\u00e1 escalonada e come\u00e7a na pr\u00f3xima segunda (6) com idosos acima de 90 anos<\/a>. S<\/span>egundo o plano estadual, a marca da dose de refor\u00e7o ser\u00e1 &#8220;a que tiver dispon\u00edvel no posto de sa\u00fade no momento&#8221;.<\/p>\n<div class=\"mc-column content-text active-extra-styles \" data-block-type=\"unstyled\" data-block-weight=\"48\" data-block-id=\"8\">\n<p data-track-category=\"Link no Texto\" data-track-links=\"\">As pesquisas ainda n\u00e3o avaliaram todas as combina\u00e7\u00f5es entre as marcas de vacinas, mas o c<span class=\"highlight highlighted\">ientistas<\/span> destacam estudos que mostram maior prote\u00e7\u00e3o para idosos com a terceira dose da Pfizer, como estipula o governo federal.<\/p>\n<p data-track-category=\"Link no Texto\" data-track-links=\"\">\n<p data-track-category=\"Link no Texto\" data-track-links=\"\">\n<div id=\"relacionadas\" class=\"block related-posts three_columns\">\n<ul class=\"block-menu\">\n<li data-tab=\"tab-1\" class=\"active\">Relacionadas<\/li>\n<\/ul>\n<div id=\"tab-1\" class=\"block-content active\">\n<div class=\"row\">\n<li class=\"widget-news-item without-thumb with-border\">\n<div class=\"widget-news-info\"><a href=\"http:\/\/vejasp.abril.com.br\/cultura-lazer\">Cultura &amp; Lazer<\/a><span class=\"widget-news-item-title\"><a href=\"https:\/\/vejasp.abril.com.br\/cultura-lazer\/capa-imperdiveis-novidades-paulistanos\/\">Imperd\u00edveis: 53 novidades para a reabertura da cidade<\/a><\/span><span class=\"widget-news-item-date\">27 ago 2021 &#8211; 06h08<\/span><\/div>\n<\/li>\n<li class=\"widget-news-item without-thumb with-border\">\n<div class=\"widget-news-info\"><a href=\"http:\/\/vejasp.abril.com.br\/cultura-lazer\">Cultura &amp; Lazer<\/a><span class=\"widget-news-item-title\"><a href=\"https:\/\/vejasp.abril.com.br\/cultura-lazer\/planetario-ibirapuera-reabertura-2\/\">Planet\u00e1rio do Ibirapuera ganha data para reabertura<\/a><\/span><span class=\"widget-news-item-date\">27 ago 2021 &#8211; 06h08<\/span><\/div>\n<\/li>\n<li class=\"widget-news-item without-thumb with-border\">\n<div class=\"widget-news-info\"><a href=\"http:\/\/vejasp.abril.com.br\/saude\">Sa\u00fade<\/a><span class=\"widget-news-item-title\"><a href=\"https:\/\/vejasp.abril.com.br\/saude\/sindrome-pos-covid-tratamento\/\">Institui\u00e7\u00f5es oferecem reabilita\u00e7\u00e3o gratuita para tratar sequelas p\u00f3s-Covid<\/a><\/span><span class=\"widget-news-item-date\">27 ago 2021 &#8211; 06h08<\/span><\/div>\n<\/li>\n<\/div>\n<\/div>\n<\/div>\n<\/div>\n<p><br \/>\n<br \/><a href=\"https:\/\/vejasp.abril.com.br\/cidades\/motivo-da-exclusao-da-coronavac-na-3a-dose-e-politico-diz-doria\/\">Fonte do Artigo <\/a><br \/>\nTags:<br \/>\n#loterias #loteriascaixa #megasena #resultadoapostas#noticias #noticiario  #noticia #brasil #noticiascolombia #mundo #esporte #colombia #noticiadeld #ltimasnoticias  #noticiario #noticiasregionales #noticiasdepartamentales #noticiashoy #esportes #noticiaahora #elinformantenoticias #noticiasdeboyac  #esporteinterativo #esportivo #diariodosesportes  #noticiero  #jogodefutebol #jogos #loto #apostas<\/p>\n","protected":false},"excerpt":{"rendered":"<p>O governador Jo\u00e3o Doria (PSDB), manteve nesta quarta-feira (1\u00ba) a decis\u00e3o de n\u00e3o priorizar o imunizante da Pfizer para a dose de refor\u00e7o em idosos com mais de 60 anos e imunossuprimidos acima de 18, contrariando a recomenda\u00e7\u00e3o do\u00a0Minist\u00e9rio da Sa\u00fade. O coordenador-executivo do Centro de Conting\u00eancia da Covid-19 em S\u00e3o Paulo, Jo\u00e3o Gabbardo, tamb\u00e9m [&hellip;]<\/p>\n","protected":false},"author":1,"featured_media":70006,"comment_status":"open","ping_status":"open","sticky":false,"template":"","format":"standard","meta":{"footnotes":""},"categories":[1],"tags":[],"class_list":["post-70005","post","type-post","status-publish","format-standard","has-post-thumbnail","hentry","category-curso-de-copy"],"_links":{"self":[{"href":"https:\/\/wiy.com.br\/noticias\/wp-json\/wp\/v2\/posts\/70005","targetHints":{"allow":["GET"]}}],"collection":[{"href":"https:\/\/wiy.com.br\/noticias\/wp-json\/wp\/v2\/posts"}],"about":[{"href":"https:\/\/wiy.com.br\/noticias\/wp-json\/wp\/v2\/types\/post"}],"author":[{"embeddable":true,"href":"https:\/\/wiy.com.br\/noticias\/wp-json\/wp\/v2\/users\/1"}],"replies":[{"embeddable":true,"href":"https:\/\/wiy.com.br\/noticias\/wp-json\/wp\/v2\/comments?post=70005"}],"version-history":[{"count":0,"href":"https:\/\/wiy.com.br\/noticias\/wp-json\/wp\/v2\/posts\/70005\/revisions"}],"wp:featuredmedia":[{"embeddable":true,"href":"https:\/\/wiy.com.br\/noticias\/wp-json\/wp\/v2\/media\/70006"}],"wp:attachment":[{"href":"https:\/\/wiy.com.br\/noticias\/wp-json\/wp\/v2\/media?parent=70005"}],"wp:term":[{"taxonomy":"category","embeddable":true,"href":"https:\/\/wiy.com.br\/noticias\/wp-json\/wp\/v2\/categories?post=70005"},{"taxonomy":"post_tag","embeddable":true,"href":"https:\/\/wiy.com.br\/noticias\/wp-json\/wp\/v2\/tags?post=70005"}],"curies":[{"name":"wp","href":"https:\/\/api.w.org\/{rel}","templated":true}]}}