{"id":69954,"date":"2023-02-26T15:47:29","date_gmt":"2023-02-26T18:47:29","guid":{"rendered":"https:\/\/wiy.com.br\/noticias\/justica-determina-prisao-preventiva-de-pms-por-abordagem-violenta-em-sp\/"},"modified":"2021-08-29T03:05:06","modified_gmt":"2021-08-29T06:05:06","slug":"justica-determina-prisao-preventiva-de-pms-por-abordagem-violenta-em-sp","status":"publish","type":"post","link":"https:\/\/wiy.com.br\/noticias\/justica-determina-prisao-preventiva-de-pms-por-abordagem-violenta-em-sp\/","title":{"rendered":"Justi\u00e7a determina pris\u00e3o preventiva de PMs por abordagem violenta em SP"},"content":{"rendered":"<p> <br \/>\n<\/p>\n<p>A Justi\u00e7a Militar determinou neste s\u00e1bado (28) a pris\u00e3o preventiva de quatro PMs que foram flagrados em v\u00eddeo agredindo familiares de um jovem na madrugada de sexta (27), no bairro <strong>Sacadura Cabral<\/strong>, em <strong>Santo Andr\u00e9<\/strong> (ABC). As informa\u00e7\u00f5es s\u00e3o da Folha.<\/p>\n<p>Segundo a corpora\u00e7\u00e3o, s\u00e3o dois <strong>sargentos<\/strong> e dois <strong>soldados<\/strong> que participaram diretamente da abordagem violenta. As imagens gravadas por pessoas que estavam no local, apresentadas no 1\u00ba Distrito Policial de Santo Andr\u00e9, mostram os policiais distribuindo <strong>socos<\/strong> no rosto de parentes do rapaz que foi alvo da a\u00e7\u00e3o. Os v\u00eddeos foram distribu\u00eddos pela pr\u00f3pria corpora\u00e7\u00e3o.<\/p>\n<p>Segundo a PM, houve desacato por parte dos <strong>familiares<\/strong> do rapaz, que foi contido com uma arma de incapacita\u00e7\u00e3o neuromuscular. A corpora\u00e7\u00e3o afirma que tanto os PMs quanto os parentes do jovem abordado ficaram feridos e foram levados ao pronto-socorro, onde receberam <strong>atendimento m\u00e9dico<\/strong>.<\/p>\n<p><a href=\"https:\/\/vejasp.abril.com.br\/cidades\/gays-barriga-de-aluguel-solidaria\/\" target=\"_blank\" rel=\"noopener noreferrer\">LEIA MAIS | Por sonho da paternidade, homens buscam barriga solid\u00e1ria ou de aluguel<\/a><\/p>\n<p>Inicialmente, a PM afastou sete policiais que estiveram no local no momento da a\u00e7\u00e3o. Todos foram levados at\u00e9 a Corregedoria.<\/p>\n<p>A corpora\u00e7\u00e3o afirma que os quatro PMs envolvidos diretamente no caso passaram por exame e ser\u00e3o recolhidos ao Pres\u00eddio Militar Rom\u00e3o Gomes, na <a href=\"https:\/\/vejasp.abril.com.br\/cidades\/capa-santaners-zona-norte\/\" target=\"_blank\" rel=\"noopener noreferrer\"><strong>Zona Norte<\/strong><\/a> de S\u00e3o Paulo. A defesa dos policiais n\u00e3o foi encontrada at\u00e9 a publica\u00e7\u00e3o desta reportagem.<\/p>\n<p>A PM afirma que tem &#8220;um forte sistema de controle e fiscaliza\u00e7\u00e3o para fornecer \u00e0 sociedade total transpar\u00eancia de seus atos&#8221;. A corpora\u00e7\u00e3o tamb\u00e9m disse, em nota, que n\u00e3o mede esfor\u00e7os para investigar e, se necess\u00e1rio, \u201ccortar na carne\u201d, punindo os <strong>culpados<\/strong>.<\/p>\n<p>Em 2020, a PM passou a contar com <strong>500 c\u00e2meras nos uniformes<\/strong> de seus integrantes, como parte do programa &#8220;Olho Vivo&#8221;. No \u00faltimo m\u00eas de junho, o projeto foi ampliado, chegando a 2 500 c\u00e2meras sendo usadas por 18 batalh\u00f5es no estado, ao custo mensal de R$ 1,2 milh\u00e3o.<\/p>\n<p>Segundo a corpora\u00e7\u00e3o, a expectativa \u00e9 de que, at\u00e9 o fim do primeiro semestre de 2022, todos os policiais da <strong>Grande S\u00e3o Paulo<\/strong> estejam com o equipamento durante o trabalho. Com o uso das 2 500 c\u00e2meras, a PM paulista viu cair j\u00e1 logo de in\u00edcio o n\u00famero de mortes por interven\u00e7\u00e3o policial, chegando a 22 casos em junho, o menor registro desde maio de 2013.<\/p>\n<p><b>+<\/b><a href=\"https:\/\/abr.ai\/assine-vejasp\"><b>Assine a Vejinha a partir de 8,90<\/b><\/a><b>.<\/b><\/p>\n<p><br \/>\n<br \/><a href=\"https:\/\/vejasp.abril.com.br\/cidades\/justica-determina-prisao-preventiva-de-pms-por-abordagem-violenta-em-sp\/\">Fonte do Artigo <\/a><br \/>\nTags:<br \/>\n#loterias #loteriascaixa #megasena #resultadoapostas#noticias #noticiario  #noticia #brasil #noticiascolombia #mundo #esporte #colombia #noticiadeld #ltimasnoticias  #noticiario #noticiasregionales #noticiasdepartamentales #noticiashoy #esportes #noticiaahora #elinformantenoticias #noticiasdeboyac  #esporteinterativo #esportivo #diariodosesportes  #noticiero  #jogodefutebol #jogos #loto #apostas<\/p>\n","protected":false},"excerpt":{"rendered":"<p>A Justi\u00e7a Militar determinou neste s\u00e1bado (28) a pris\u00e3o preventiva de quatro PMs que foram flagrados em v\u00eddeo agredindo familiares de um jovem na madrugada de sexta (27), no bairro Sacadura Cabral, em Santo Andr\u00e9 (ABC). As informa\u00e7\u00f5es s\u00e3o da Folha. Segundo a corpora\u00e7\u00e3o, s\u00e3o dois sargentos e dois soldados que participaram diretamente da abordagem [&hellip;]<\/p>\n","protected":false},"author":1,"featured_media":69955,"comment_status":"open","ping_status":"open","sticky":false,"template":"","format":"standard","meta":{"footnotes":""},"categories":[1],"tags":[],"class_list":["post-69954","post","type-post","status-publish","format-standard","has-post-thumbnail","hentry","category-curso-de-copy"],"_links":{"self":[{"href":"https:\/\/wiy.com.br\/noticias\/wp-json\/wp\/v2\/posts\/69954","targetHints":{"allow":["GET"]}}],"collection":[{"href":"https:\/\/wiy.com.br\/noticias\/wp-json\/wp\/v2\/posts"}],"about":[{"href":"https:\/\/wiy.com.br\/noticias\/wp-json\/wp\/v2\/types\/post"}],"author":[{"embeddable":true,"href":"https:\/\/wiy.com.br\/noticias\/wp-json\/wp\/v2\/users\/1"}],"replies":[{"embeddable":true,"href":"https:\/\/wiy.com.br\/noticias\/wp-json\/wp\/v2\/comments?post=69954"}],"version-history":[{"count":0,"href":"https:\/\/wiy.com.br\/noticias\/wp-json\/wp\/v2\/posts\/69954\/revisions"}],"wp:featuredmedia":[{"embeddable":true,"href":"https:\/\/wiy.com.br\/noticias\/wp-json\/wp\/v2\/media\/69955"}],"wp:attachment":[{"href":"https:\/\/wiy.com.br\/noticias\/wp-json\/wp\/v2\/media?parent=69954"}],"wp:term":[{"taxonomy":"category","embeddable":true,"href":"https:\/\/wiy.com.br\/noticias\/wp-json\/wp\/v2\/categories?post=69954"},{"taxonomy":"post_tag","embeddable":true,"href":"https:\/\/wiy.com.br\/noticias\/wp-json\/wp\/v2\/tags?post=69954"}],"curies":[{"name":"wp","href":"https:\/\/api.w.org\/{rel}","templated":true}]}}